{"id":1166405,"date":"2026-07-14T16:35:15","date_gmt":"2026-07-14T16:35:15","guid":{"rendered":"https:\/\/www.europesays.com\/de\/1166405\/"},"modified":"2026-07-14T16:35:15","modified_gmt":"2026-07-14T16:35:15","slug":"stuttgart-rems-murr-kreis-und-nachbarkreisen-wird-oepnv-zu-teuer-ein-hilferuf-nachrichten-aus-dem-rems-murr-kreis","status":"publish","type":"post","link":"https:\/\/www.europesays.com\/de\/1166405\/","title":{"rendered":"Stuttgart, Rems-Murr-Kreis und Nachbarkreisen wird \u00d6PNV zu teuer: Ein Hilferuf &#8211; Nachrichten aus dem Rems-Murr-Kreis"},"content":{"rendered":"<p><strong>Rems-Murr-Kreis.<\/strong> Die f\u00fcnf Verkehrsverbund-Landkreise der Region Stuttgart (B\u00f6blingen, Esslingen, Ludwigsburg, G\u00f6ppingen und Rems-Murr) sowie die Landeshauptstadt fordern eine \u201esofortige Entlastung\u201c vom Verband Region Stuttgart und machen Vorschl\u00e4ge f\u00fcr das Wie. Das Deutschlandticket hat zu Einnahmeverlusten gef\u00fchrt. Auch an die Landesregierung richten die Akteure Forderungen, um trotz der angespannten Finanzsituation der Kommunen den \u00d6ffentlichen Personennahverkehr (\u00d6PNV)<\/p>\n","protected":false},"excerpt":{"rendered":"Rems-Murr-Kreis. Die f\u00fcnf Verkehrsverbund-Landkreise der Region Stuttgart (B\u00f6blingen, Esslingen, Ludwigsburg, G\u00f6ppingen und Rems-Murr) sowie die Landeshauptstadt fordern eine&hellip;\n","protected":false},"author":2,"featured_media":1166406,"comment_status":"","ping_status":"","sticky":false,"template":"","format":"standard","meta":{"footnotes":"","_share_on_mastodon":"0"},"categories":[1830],"tags":[1634,3364,29,1054,244464,30,5112,1441,191400,6843],"class_list":["post-1166405","post","type-post","status-publish","format-standard","has-post-thumbnail","category-stuttgart","tag-baden-wuerttemberg","tag-de","tag-deutschland","tag-deutschlandticket","tag-finanzierung-oepnv","tag-germany","tag-oepnv","tag-stuttgart","tag-un_was-gibt-es-neues","tag-vvs"],"share_on_mastodon":{"url":"https:\/\/pubeurope.com\/@de\/116919306258085752","error":""},"_links":{"self":[{"href":"https:\/\/www.europesays.com\/de\/wp-json\/wp\/v2\/posts\/1166405","targetHints":{"allow":["GET"]}}],"collection":[{"href":"https:\/\/www.europesays.com\/de\/wp-json\/wp\/v2\/posts"}],"about":[{"href":"https:\/\/www.europesays.com\/de\/wp-json\/wp\/v2\/types\/post"}],"author":[{"embeddable":true,"href":"https:\/\/www.europesays.com\/de\/wp-json\/wp\/v2\/users\/2"}],"replies":[{"embeddable":true,"href":"https:\/\/www.europesays.com\/de\/wp-json\/wp\/v2\/comments?post=1166405"}],"version-history":[{"count":0,"href":"https:\/\/www.europesays.com\/de\/wp-json\/wp\/v2\/posts\/1166405\/revisions"}],"wp:featuredmedia":[{"embeddable":true,"href":"https:\/\/www.europesays.com\/de\/wp-json\/wp\/v2\/media\/1166406"}],"wp:attachment":[{"href":"https:\/\/www.europesays.com\/de\/wp-json\/wp\/v2\/media?parent=1166405"}],"wp:term":[{"taxonomy":"category","embeddable":true,"href":"https:\/\/www.europesays.com\/de\/wp-json\/wp\/v2\/categories?post=1166405"},{"taxonomy":"post_tag","embeddable":true,"href":"https:\/\/www.europesays.com\/de\/wp-json\/wp\/v2\/tags?post=1166405"}],"curies":[{"name":"wp","href":"https:\/\/api.w.org\/{rel}","templated":true}]}}