{"id":116651,"date":"2025-05-17T02:21:13","date_gmt":"2025-05-17T02:21:13","guid":{"rendered":"https:\/\/www.europesays.com\/de\/116651\/"},"modified":"2025-05-17T02:21:13","modified_gmt":"2025-05-17T02:21:13","slug":"bsi-warnt-kritische-sicherheitsluecke-betrifft-alle-windows-versionen","status":"publish","type":"post","link":"https:\/\/www.europesays.com\/de\/116651\/","title":{"rendered":"BSI warnt: Kritische Sicherheitsl\u00fccke betrifft alle Windows-Versionen"},"content":{"rendered":"<p>Sicherheitsexpert:innen von Microsoft sind Cyberkriminellen auf die Spur gekommen, die eine Zero-Day-Schwachstelle in Windows (CVE-2025-30397) f\u00fcr einen gro\u00dfangelegten Angriff nutzen. Dieser soll eine ernsthafte Bedrohung darstellen und l\u00e4nder\u00fcbergreifend stattfinden, wie unter anderem die Onlineplattform <a href=\"https:\/\/winfuture.de\/news,150949.html\" rel=\"nofollow noopener\" target=\"_blank\">Winfuture<\/a> berichtet.<\/p>\n<p>In den USA haben die Cyberkriminellen Unternehmen aus der Immobilien- und IT-Branche angegriffen, in Venezuela den Finanzsektor. In Saudi-Arabien muss dagegen der Einzelhandel bangen und in Spanien wurde ein Software-Unternehmen angegriffen.<\/p>\n<p>\n                Das BSI warnt eindringlich\n            <\/p>\n<p>Derweil hat auch das Bundesamt f\u00fcr Sicherheit in der Informationstechnik (BSI) eine <a href=\"https:\/\/wid.cert-bund.de\/portal\/wid\/securityadvisory?name=WID-SEC-2025-1050\" rel=\"nofollow noopener\" target=\"_blank\">Warnung<\/a> mit folgendem Wortlaut ver\u00f6ffentlicht:<\/p>\n<p>\u201eEin entfernter, anonymer Angreifer, oder lokaler Angreifer, oder ein Angreifer aus einem angrenzenden Netzwerk kann mehrere Schwachstellen in Microsoft Windows Server, Microsoft Windows Server 2012, Microsoft Windows Server 2012 R2, Microsoft Windows 10, Microsoft Windows Server 2016, Microsoft Windows Server 2019, Microsoft Windows, Microsoft Windows Server 2022 und Microsoft Windows 11 ausnutzen, um einen Denial-of-Service auszul\u00f6sen, Informationen offenzulegen, beliebigen Programmcode auszuf\u00fchren oder seine Privilegien zu erweitern.\u201c<\/p>\n<p>Empfehlungen der Redaktion<\/p>\n<p>Privaten User:innen empfiehlt Microsoft, sofort ein Update durchzuf\u00fchren sowie generell die Aktivierung automatischer Updates. Unabh\u00e4ngig davon, ob sie Microsoft Defender Antivirus oder ein anderes Antivirenprogramm nutzen, sollten sie au\u00dferdem den cloudbasierten Schutz aktivieren.<\/p>\n<p>\n                Unternehmen sollten ihre Schutzma\u00dfnahmen dringend \u00fcberpr\u00fcfen\n            <\/p>\n<p>Dessen Schutzmechanismen basieren auf Machine Learning und sind darum viel besser in der Lage, verschiedene Varianten von Schadcode zu identifizieren und zu blockieren. Unternehmen sollten bei den Schutzma\u00dfnahmen noch einen Schritt weiter gehen.<\/p>\n<p>Sie sollten zus\u00e4tzlich die Ger\u00e4teerkennung im Netzwerk aktivieren, um einen \u00dcberblick \u00fcber alle angeschlossenen Ger\u00e4te zu bekommen. Werden dabei nicht verwaltete Ger\u00e4te erkannt, k\u00f6nnen diese in Microsoft Defender f\u00fcr Endpunkt eingebunden werden.<\/p>\n<p>Au\u00dferdem sollten Unternehmen ihr Netzwerk auf verd\u00e4chtige Aktivit\u00e4ten hin \u00fcberwachen lassen und nur das Minimum an Benutzerrechten zu gew\u00e4hren.<\/p>\n<p>\n                Von sinnfreien Sicherheitsfragen zu Klartextpassw\u00f6rtern: Die 10 d\u00fcmmsten Security-Patzer\n            <\/p>\n<p>            <a href=\"https:\/\/t3n.de\/bildergalerie\/sicherheit-passwort-security?news=1688089\" class=\"tg-gallerylink\" rel=\"nofollow noopener\" target=\"_blank\"><br \/>\n                <img loading=\"lazy\" decoding=\"async\" class=\"u-border-rounded\" src=\"https:\/\/www.europesays.com\/de\/wp-content\/uploads\/2025\/05\/sicherheit_cybersecurity_passwort_8bd3277801.jpg\" alt=\"(Foto: Wirestock Creators \/ Shutterstock.com)\" title=\"Passwort\" width=\"620\" height=\"350\"\/><\/p>\n<p>            <\/a><\/p>\n<p>                                    Von sinnfreien Sicherheitsfragen bis zu unsicheren Passw\u00f6rtern: Die d\u00fcmmsten Security-Patzer<\/p>\n<p><img loading=\"lazy\" decoding=\"async\" class=\"vgWortPixel\" src=\"https:\/\/www.europesays.com\/de\/wp-content\/uploads\/2025\/05\/3c21d2809f1e465c89c67b8ed1df4907.gif\" width=\"1\" height=\"1\" alt=\"\"\/><\/p>\n<p>\n                        Verpasse keine News zu Software &amp; Entwicklung \ud83d\udc8c\n                    <\/p>\n<p class=\"c-native-newsletterbox__error -submit -hidden\">\n                        Es gab leider ein Problem beim Absenden des Formulars. Bitte versuche es erneut.\n                    <\/p>\n<p class=\"c-native-newsletterbox__error -desktop -email -hidden\">\n                        Bitte gib eine g\u00fcltige E-Mail-Adresse ein.\n                    <\/p>\n<p class=\"c-native-newsletterbox__privacy u-text-small u-gap-top\">\n                    <a href=\"https:\/\/t3n.de\/datenschutz\/\" title=\"Hinweis zum Newsletter &amp; Datenschutz\" class=\"u-link -underline\" target=\"_blank\" rel=\"nofollow noopener\">Hinweis zum Newsletter &amp; Datenschutz<\/a>\n                <\/p>\n<p>Fast fertig!<\/p>\n<p class=\"u-gap-vertical-reset\">\n                Bitte klicke auf den Link in der Best\u00e4tigungsmail, um deine Anmeldung abzuschlie\u00dfen.\n            <\/p>\n<p class=\"c-native-newsletterbox__more\">\n                Du willst noch weitere Infos zum Newsletter?<br \/>\n                <a href=\"https:\/\/t3n.de\/info\/t3n-newsletter\/\" title=\"Jetzt mehr erfahren\" class=\"u-link -underline\" target=\"_blank\" rel=\"nofollow noopener\">Jetzt mehr erfahren<\/a>\n            <\/p>\n","protected":false},"excerpt":{"rendered":"Sicherheitsexpert:innen von Microsoft sind Cyberkriminellen auf die Spur gekommen, die eine Zero-Day-Schwachstelle in Windows (CVE-2025-30397) f\u00fcr einen gro\u00dfangelegten&hellip;\n","protected":false},"author":2,"featured_media":116652,"comment_status":"","ping_status":"","sticky":false,"template":"","format":"standard","meta":{"footnotes":""},"categories":[135],"tags":[29,30,190,189,194,191,193,192],"class_list":{"0":"post-116651","1":"post","2":"type-post","3":"status-publish","4":"format-standard","5":"has-post-thumbnail","7":"category-wissenschaft-technik","8":"tag-deutschland","9":"tag-germany","10":"tag-science","11":"tag-science-technology","12":"tag-technik","13":"tag-technology","14":"tag-wissenschaft","15":"tag-wissenschaft-technik"},"share_on_mastodon":{"url":"https:\/\/pubeurope.com\/@de\/114520790444943719","error":""},"_links":{"self":[{"href":"https:\/\/www.europesays.com\/de\/wp-json\/wp\/v2\/posts\/116651","targetHints":{"allow":["GET"]}}],"collection":[{"href":"https:\/\/www.europesays.com\/de\/wp-json\/wp\/v2\/posts"}],"about":[{"href":"https:\/\/www.europesays.com\/de\/wp-json\/wp\/v2\/types\/post"}],"author":[{"embeddable":true,"href":"https:\/\/www.europesays.com\/de\/wp-json\/wp\/v2\/users\/2"}],"replies":[{"embeddable":true,"href":"https:\/\/www.europesays.com\/de\/wp-json\/wp\/v2\/comments?post=116651"}],"version-history":[{"count":0,"href":"https:\/\/www.europesays.com\/de\/wp-json\/wp\/v2\/posts\/116651\/revisions"}],"wp:featuredmedia":[{"embeddable":true,"href":"https:\/\/www.europesays.com\/de\/wp-json\/wp\/v2\/media\/116652"}],"wp:attachment":[{"href":"https:\/\/www.europesays.com\/de\/wp-json\/wp\/v2\/media?parent=116651"}],"wp:term":[{"taxonomy":"category","embeddable":true,"href":"https:\/\/www.europesays.com\/de\/wp-json\/wp\/v2\/categories?post=116651"},{"taxonomy":"post_tag","embeddable":true,"href":"https:\/\/www.europesays.com\/de\/wp-json\/wp\/v2\/tags?post=116651"}],"curies":[{"name":"wp","href":"https:\/\/api.w.org\/{rel}","templated":true}]}}