{"id":1166522,"date":"2026-07-14T17:44:39","date_gmt":"2026-07-14T17:44:39","guid":{"rendered":"https:\/\/www.europesays.com\/de\/1166522\/"},"modified":"2026-07-14T17:44:39","modified_gmt":"2026-07-14T17:44:39","slug":"unwetter-mit-starkregen-notrufleitungen-in-hannover-ueberlastet","status":"publish","type":"post","link":"https:\/\/www.europesays.com\/de\/1166522\/","title":{"rendered":"Unwetter mit Starkregen: Notrufleitungen in Hannover \u00fcberlastet"},"content":{"rendered":"<p>        <img decoding=\"async\" src=\"https:\/\/www.europesays.com\/de\/wp-content\/uploads\/2026\/07\/starkregen406.webp\" alt=\"Ein Auto f\u00e4hrt bei starkem Regen durch eine \u00fcberschwemmte Stra\u00dfe in Hannover.\" title=\"Ein Auto f\u00e4hrt bei starkem Regen durch eine \u00fcberschwemmte Stra\u00dfe in Hannover. | picture alliance\/dpa | Christophe Gateau\" class=\"responsive\"\/><\/p>\n<p>\n                Stand: 14.07.2026 11:39 Uhr<\/p>\n<p class=\"preface\">Wegen der heftigen Unwetter in der vergangenen Nacht wurde die Feuerwehr in Stadt und Region Hannover zu rund 1.000 Eins\u00e4tzen gerufen. Zwischenzeitlich waren die Notrufleitungen \u00fcberlastet.<\/p>\n<p class=\"\">Zwischen 21.30 Uhr gestern Abend und 6.30 Uhr heute Morgen seien 2.300 Notrufe eingegangen, teilte die Feuerwehr mit. Allein in der Landeshauptstadt ist die Feuerwehr in diesem Zeitraum zu 715 unwetterbedingten Eins\u00e4tzen ausger\u00fcckt. &#8222;In der Regel disponiert die Regionalleitstelle rund 1.000 Eins\u00e4tze in 24 Stunden &#8211; ohne <a href=\"https:\/\/www.ndr.de\/nachrichten\/schleswig-holstein\/pinneberg_segeberg_stormarn\/unwetter-150-einsaetze-nach-starkregen-in-schleswig-holstein,unwetter-1238.html\" title=\"Unwetter: 150 Eins\u00e4tze nach Starkregen in Schleswig-Holstein\" rel=\"nofollow noopener\" target=\"_blank\">Unwetter<\/a>&#8222;, sagte Benjamin Pawlak, Sprecher der Feuerwehr Hannover, dem NDR Niedersachsen. Innerhalb der Zeitspanne von neun Stunden seien jetzt nochmal 1.000 unwetterbedingte Eins\u00e4tze hinzugekommen. &#8222;Man kann also von einer Verdopplung der Einsatzzahlen sprechen&#8220;, so Pawlak.<\/p>\n<p>        <img decoding=\"async\" src=\"https:\/\/www.europesays.com\/de\/wp-content\/uploads\/2026\/07\/1784048717_262_wetteraugust-102.webp\" alt=\"Dunkle Regenwolken verdunkeln den Himmel \u00fcber einem abgeernteten Getreidefeld.\" title=\"Dunkle Regenwolken verdunkeln den Himmel \u00fcber einem abgeernteten Getreidefeld. Wechselhaft mit Sonne, kr\u00e4ftigen Regenschauern und Temperaturen um die 20 Grad zeigt sich das Wetter derzeit in Norddeutschland. | Jens B\u00fcttner\/picture alliance\/dpa\" class=\"responsive\" loading=\"lazy\"\/><\/p>\n<p>Ab Dienstagnachmittag traten gebietsweise Unwetter auf &#8211; vor allem im S\u00fcden. Auch am Mittwoch kann es Gewitter geben.<\/p>\n<p>    &#8222;Au\u00dfergew\u00f6hnliche&#8220; Regenmengen<\/p>\n<p class=\"\">Dabei hat vor allem der pl\u00f6tzlich einsetzende und teils sehr starke Regen f\u00fcr Probleme gesorgt. Er verursachte &#8222;au\u00dfergew\u00f6hnlich hohe Niederschlagsmengen, wie sie in dieser Intensit\u00e4t selten sind&#8220;, hie\u00df es von der Feuerwehr. In der Folge seien auch entsprechend viele Notrufe \u00fcber die 112 eingegangen, sodass die Leitungen zeitweise \u00fcberlastet waren. Der Gro\u00dfteil der Eins\u00e4tze in der Stadt Hannover betraf vollgelaufene Keller, Aufzugssch\u00e4chte und Tiefgaragen. Auch kam es laut Feuerwehr im Stadtgebiet zu Verkehrsbehinderungen durch die Wassermassen, weil beispielsweise Unterf\u00fchrungen geflutet wurden. Besonders betroffen war der Osten von Hannover. Vereinzelt mussten die Einsatzkr\u00e4fte auch abgeknickte \u00c4ste oder umgest\u00fcrzte B\u00e4ume beseitigen.<\/p>\n<p>    Feuerwehr arbeitet weiter Eins\u00e4tze ab<\/p>\n<p class=\"\">Insgesamt waren den Angaben zufolge rund 300 Feuerwehrleute im Einsatz. Auch heute Vormittag werden noch immer Eins\u00e4tze abgearbeitet &#8211; rund 100 Feuerwehrleute seien noch unterwegs, sagte der Sprecher. Sie erkunden demnach, ob die Feuerwehr vor Ort noch gebraucht wird. &#8222;Bis zum Mittag sind auch sicher noch weitere Eins\u00e4tze dazugekommen&#8220;, sagte Pawlak.<\/p>\n<p>    Wann w\u00e4hle ich den Notruf?<\/p>\n<p class=\"\">Der Landesfeuerwehrverband Niedersachsen r\u00e4t: Auch wenn man etwa bei Unwettern wegen \u00fcberlasteter Leitstellen in der Warteschlange landet &#8211; nicht auflegen. &#8222;Die Anrufe werden nach der Reihenfolge des Eingangs abgearbeitet.&#8220; Wer also auflegt und sp\u00e4ter erneut anruft, landet wieder hinten in der Schlange. Die 112 f\u00fcr Feuerwehr und Rettungsdienst ist beispielsweise zu w\u00e4hlen, wenn es brennt, sich ein Unfall ereignet hat oder es sich um lebensbedrohliche medizinische Notf\u00e4lle handelt. &#8222;Immer dann, wenn die Situation nicht einzusch\u00e4tzen ist, Zweifel am Gesundheitszustand der betroffenen Person oder gar Lebensgefahr besteht&#8220;, hei\u00dft es vom Deutschen Roten Kreuz. Lebensbedrohliche Zust\u00e4nde sind zum Beispiel Atem- oder Herzstillstand, allergischer Schock, Herzinfarkt, Schlaganfall, starke Blutungen oder Verbrennungen.<\/p>\n<p>        <img decoding=\"async\" src=\"https:\/\/www.europesays.com\/de\/wp-content\/uploads\/2026\/07\/unwetter-1282.webp\" alt=\"Ein Polizeiauto steht bis zur H\u00e4lfte in einer \u00dcberfluteten Unterf\u00fchrung.\" title=\"Ein Polizeiauto steht bis zur H\u00e4lfte in einer \u00dcberfluteten Unterf\u00fchrung. | Florian Sprenger\" class=\"responsive\" loading=\"lazy\"\/><\/p>\n<p>Besonders betroffen war Elmshorn. Stra\u00dfen wurden \u00fcberflutet und Keller liefen voll. Jetzt laufen die Aufr\u00e4umarbeiten.<\/p>\n<p>        <img decoding=\"async\" src=\"https:\/\/www.europesays.com\/de\/wp-content\/uploads\/2026\/07\/sturmschaden-110.webp\" alt=\"Feuerwehrleute vor einem Haus, auf dem bei einem Sturm zwei B\u00e4ume gefallen sind.\" title=\"Feuerwehrleute vor einem Haus, auf dem bei einem Sturm zwei B\u00e4ume gefallen sind. | picture alliance\/dpa, Daniel Bockwoldt\" class=\"responsive\" loading=\"lazy\"\/><\/p>\n<p>Kaputte D\u00e4cher, besch\u00e4digte Autos, Wasser in Haus und Keller. Welche Versicherungen kommen bei Unwettersch\u00e4den auf?<\/p>\n<p>        Schlagw\u00f6rter zu diesem Artikel<\/p>\n<p>            <a href=\"https:\/\/www.ndr.de\/nachrichten\/niedersachsen\/hannover_weser-leinegebiet\/Hannover-Aktuelle-News-und-Nachrichten,hannover18518.html\" rel=\"nofollow noopener\" target=\"_blank\">Hannover<\/a><\/p>\n","protected":false},"excerpt":{"rendered":"Stand: 14.07.2026 11:39 Uhr Wegen der heftigen Unwetter in der vergangenen Nacht wurde die Feuerwehr in Stadt und&hellip;\n","protected":false},"author":2,"featured_media":1166523,"comment_status":"","ping_status":"","sticky":false,"template":"","format":"standard","meta":{"footnotes":"","_share_on_mastodon":"0"},"categories":[1836],"tags":[3364,29,588,985,30,19634,46,3744,1411,10328,16051,14368,4028],"class_list":["post-1166522","post","type-post","status-publish","format-standard","has-post-thumbnail","category-hannover","tag-de","tag-deutschland","tag-einsatz","tag-feuerwehr","tag-germany","tag-gewitter","tag-hannover","tag-keller","tag-niedersachsen","tag-regen","tag-starkregen","tag-ueberschwemmung","tag-unwetter"],"share_on_mastodon":{"url":"https:\/\/pubeurope.com\/@de\/116919578837244632","error":""},"_links":{"self":[{"href":"https:\/\/www.europesays.com\/de\/wp-json\/wp\/v2\/posts\/1166522","targetHints":{"allow":["GET"]}}],"collection":[{"href":"https:\/\/www.europesays.com\/de\/wp-json\/wp\/v2\/posts"}],"about":[{"href":"https:\/\/www.europesays.com\/de\/wp-json\/wp\/v2\/types\/post"}],"author":[{"embeddable":true,"href":"https:\/\/www.europesays.com\/de\/wp-json\/wp\/v2\/users\/2"}],"replies":[{"embeddable":true,"href":"https:\/\/www.europesays.com\/de\/wp-json\/wp\/v2\/comments?post=1166522"}],"version-history":[{"count":0,"href":"https:\/\/www.europesays.com\/de\/wp-json\/wp\/v2\/posts\/1166522\/revisions"}],"wp:featuredmedia":[{"embeddable":true,"href":"https:\/\/www.europesays.com\/de\/wp-json\/wp\/v2\/media\/1166523"}],"wp:attachment":[{"href":"https:\/\/www.europesays.com\/de\/wp-json\/wp\/v2\/media?parent=1166522"}],"wp:term":[{"taxonomy":"category","embeddable":true,"href":"https:\/\/www.europesays.com\/de\/wp-json\/wp\/v2\/categories?post=1166522"},{"taxonomy":"post_tag","embeddable":true,"href":"https:\/\/www.europesays.com\/de\/wp-json\/wp\/v2\/tags?post=1166522"}],"curies":[{"name":"wp","href":"https:\/\/api.w.org\/{rel}","templated":true}]}}