{"id":1166655,"date":"2026-07-14T19:00:23","date_gmt":"2026-07-14T19:00:23","guid":{"rendered":"https:\/\/www.europesays.com\/de\/1166655\/"},"modified":"2026-07-14T19:00:23","modified_gmt":"2026-07-14T19:00:23","slug":"kulturetat-2027-deutschland-sucht-den-supersparer","status":"publish","type":"post","link":"https:\/\/www.europesays.com\/de\/1166655\/","title":{"rendered":"Kulturetat 2027: Deutschland sucht den Supersparer"},"content":{"rendered":"<p class=\"paragraph\"><a href=\"https:\/\/www.bundesfinanzministerium.de\/Web\/DE\/Themen\/Oeffentliche_Finanzen\/Bundeshaushalt\/Bundeshaushalt-2027\/bundeshaushalt-2027.html\" target=\"_blank\" rel=\"nofollow noopener\">Es gibt einen Entwurf f\u00fcr den Bundeshaushalt 2027<\/a>. Darin sinkt der Kultur- und Medienetat von rund 2,57 Milliarden Euro im Jahr 2026 auf rund 2,36 Milliarden Euro. Das sind ungef\u00e4hr acht Prozent, was sich in Zeiten allgemeinen Spardrucks nicht nach besonders viel anh\u00f6rt, und ohnehin wirken K\u00fcrzungen im Kulturbereich unter den gegenw\u00e4rtigen Umst\u00e4nden \u2013 <a href=\"https:\/\/www.zeit.de\/politik\/deutschland\/2026-07\/bundeshaushalt-bundesregierung-investitionen-verteidigung-ausgaben\" target=\"_blank\" rel=\"nofollow noopener\">man denke an die drastischen Schnitte im Sozialbereich<\/a> \u2013 lediglich wie eine Marginalie. Vielleicht lohnt es dennoch, sich f\u00fcr einen Moment zu vergegenw\u00e4rtigen, was diese K\u00fcrzungen bedeuten. Gespart werden soll etwa im Bereich der Filmf\u00f6rderung, hier wird der Etat (\u00bbAnreiz zur St\u00e4rkung der Film- und Serienproduktion in Deutschland\u00ab) von 250 auf 214 Millionen Euro gek\u00fcrzt. Von den vollmundigen Ank\u00fcndigungen des Kulturstaatsministers <a class=\"rtr-entity\" href=\"https:\/\/www.zeit.de\/thema\/wolfram-weimer\" rel=\"nofollow noopener\" target=\"_blank\">Wolfram Weimer<\/a>, den \u00bbFilmstandort Deutschland\u00ab dauerhaft \u00bbinternational konkurrenzf\u00e4hig\u00ab zu machen, ist also wenig \u00fcbrig geblieben.<\/p>\n","protected":false},"excerpt":{"rendered":"Es gibt einen Entwurf f\u00fcr den Bundeshaushalt 2027. Darin sinkt der Kultur- und Medienetat von rund 2,57 Milliarden&hellip;\n","protected":false},"author":2,"featured_media":1166656,"comment_status":"","ping_status":"","sticky":false,"template":"","format":"standard","meta":{"footnotes":"","_share_on_mastodon":"0"},"categories":[2],"tags":[331,3924,332,3922,9936,3364,29,13217,102684,30,13,210614,244512,244513,14,3923,15,3921,1175,809,112619,121012,12,184,30363],"class_list":["post-1166655","post","type-post","status-publish","format-standard","has-post-thumbnail","category-deutschland","tag-aktuelle-nachrichten","tag-aktuelle-nachrichten-aus-deutschland","tag-aktuelle-news","tag-aktuelle-news-aus-deutschland","tag-carsten-brosda","tag-de","tag-deutschland","tag-feuilleton","tag-filmfoerderung","tag-germany","tag-headlines","tag-kulturetat","tag-kulturetat-2027","tag-medienetat","tag-nachrichten","tag-nachrichten-aus-deutschland","tag-news","tag-news-aus-deutschland","tag-olaf-scholz","tag-popmusik","tag-reeperbahn-festival","tag-reeperbahnfestival","tag-schlagzeilen","tag-spd","tag-wolfram-weimer"],"share_on_mastodon":{"url":"https:\/\/pubeurope.com\/@de\/116919876056851150","error":""},"_links":{"self":[{"href":"https:\/\/www.europesays.com\/de\/wp-json\/wp\/v2\/posts\/1166655","targetHints":{"allow":["GET"]}}],"collection":[{"href":"https:\/\/www.europesays.com\/de\/wp-json\/wp\/v2\/posts"}],"about":[{"href":"https:\/\/www.europesays.com\/de\/wp-json\/wp\/v2\/types\/post"}],"author":[{"embeddable":true,"href":"https:\/\/www.europesays.com\/de\/wp-json\/wp\/v2\/users\/2"}],"replies":[{"embeddable":true,"href":"https:\/\/www.europesays.com\/de\/wp-json\/wp\/v2\/comments?post=1166655"}],"version-history":[{"count":0,"href":"https:\/\/www.europesays.com\/de\/wp-json\/wp\/v2\/posts\/1166655\/revisions"}],"wp:featuredmedia":[{"embeddable":true,"href":"https:\/\/www.europesays.com\/de\/wp-json\/wp\/v2\/media\/1166656"}],"wp:attachment":[{"href":"https:\/\/www.europesays.com\/de\/wp-json\/wp\/v2\/media?parent=1166655"}],"wp:term":[{"taxonomy":"category","embeddable":true,"href":"https:\/\/www.europesays.com\/de\/wp-json\/wp\/v2\/categories?post=1166655"},{"taxonomy":"post_tag","embeddable":true,"href":"https:\/\/www.europesays.com\/de\/wp-json\/wp\/v2\/tags?post=1166655"}],"curies":[{"name":"wp","href":"https:\/\/api.w.org\/{rel}","templated":true}]}}