{"id":1166663,"date":"2026-07-14T19:04:31","date_gmt":"2026-07-14T19:04:31","guid":{"rendered":"https:\/\/www.europesays.com\/de\/1166663\/"},"modified":"2026-07-14T19:04:31","modified_gmt":"2026-07-14T19:04:31","slug":"duisburg-walsum-auto-bei-rot-ueber-ampel","status":"publish","type":"post","link":"https:\/\/www.europesays.com\/de\/1166663\/","title":{"rendered":"Duisburg-Walsum: Auto bei Rot \u00fcber Ampel"},"content":{"rendered":"<p class=\"text_ohne_einzug richtext text-em-55 !leading-serif mx-6 desktop:mx-0\">  Im Bereich der Dr.-Wilhelm-Roelen-Stra\u00dfe\/Kurze Stra\u00dfe in Walsum ist es am Freitagmorgen, 10. Juli, 8 Uhr, zu einer Verkehrsunfallflucht mit Personenschaden gekommen. Dabei zogen sich zwei Sch\u00fcler leichte Verletzungen zu.<\/p>\n<p class=\"richtext text-em-55 !leading-serif mx-6 desktop:mx-0\">Wie die <a href=\"https:\/\/rp-online.de\/thema\/polizei\/\" rel=\"nofollow noopener\" target=\"_blank\">Polizei<\/a> berichtet, waren ein Elfj\u00e4hriger und ein 14-J\u00e4hriger auf dem Weg zur Schule und \u00fcberquerten in H\u00f6he der Ampelanlage die Dr.-Wilhelm-Roelen-Stra\u00dfe, um in die Kurze Stra\u00dfe einzubiegen. W\u00e4hrend die Ampel gr\u00fcn zeigte und die Sch\u00fcler den Ampelbereich querten, n\u00e4herte sich ungebremst ein grauer Kleinwagen, der mutma\u00dflich die rot zeigende Ampel missachtete.<\/p>\n<p class=\"richtext text-em-55 !leading-serif mx-6 desktop:mx-0\">Um eine Kollision zu vermeiden, reagierte der 14-J\u00e4hrige, indem er seinen Lenker herrumriss und dabei st\u00fcrzte. Im Anschluss kam auch sein elfj\u00e4hriger Bruder zu Fall.<\/p>\n<p class=\"richtext text-em-55 !leading-serif mx-6 desktop:mx-0\">Beide verletzten sich leicht \u2013 und der Unfallfahrer ergriff die Flucht. Die Br\u00fcder berichteten der Mutter von dem Ereignis, die dann die Polizei verst\u00e4ndigte. Das Verkehrskommissariat 21 hat die Ermittlungen aufgenommen und sucht Zeuginnen und Zeugen, die Angaben zu dem grauen Wagen machen k\u00f6nnen.<\/p>\n<p class=\"italic richtext text-em-55 !leading-serif mx-6 desktop:mx-0\">Hinweise nehmen die Ermittler unter der Rufnummer 0203 2800 entgegen.<\/p>\n","protected":false},"excerpt":{"rendered":"Im Bereich der Dr.-Wilhelm-Roelen-Stra\u00dfe\/Kurze Stra\u00dfe in Walsum ist es am Freitagmorgen, 10. Juli, 8 Uhr, zu einer Verkehrsunfallflucht&hellip;\n","protected":false},"author":2,"featured_media":1166664,"comment_status":"","ping_status":"","sticky":false,"template":"","format":"standard","meta":{"footnotes":"","_share_on_mastodon":"0"},"categories":[1838],"tags":[9047,31957,244515,18412,26938,206446,3364,29,3715,52123,30,18273,24542,49197,1209,244514,23319,524,24134,31872,59160],"class_list":["post-1166663","post","type-post","status-publish","format-standard","has-post-thumbnail","category-duisburg","tag-ampel","tag-ampelanlage","tag-ampelbereich","tag-bereich","tag-bruder","tag-brueder","tag-de","tag-deutschland","tag-duisburg","tag-elfjaehriger","tag-germany","tag-jaehriger","tag-kleinwagen","tag-kuerze","tag-nordrhein-westfalen","tag-roelen","tag-rot","tag-strasse","tag-wagen","tag-walsum","tag-wilhelm"],"share_on_mastodon":{"url":"https:\/\/pubeurope.com\/@de\/116919891856517116","error":""},"_links":{"self":[{"href":"https:\/\/www.europesays.com\/de\/wp-json\/wp\/v2\/posts\/1166663","targetHints":{"allow":["GET"]}}],"collection":[{"href":"https:\/\/www.europesays.com\/de\/wp-json\/wp\/v2\/posts"}],"about":[{"href":"https:\/\/www.europesays.com\/de\/wp-json\/wp\/v2\/types\/post"}],"author":[{"embeddable":true,"href":"https:\/\/www.europesays.com\/de\/wp-json\/wp\/v2\/users\/2"}],"replies":[{"embeddable":true,"href":"https:\/\/www.europesays.com\/de\/wp-json\/wp\/v2\/comments?post=1166663"}],"version-history":[{"count":0,"href":"https:\/\/www.europesays.com\/de\/wp-json\/wp\/v2\/posts\/1166663\/revisions"}],"wp:featuredmedia":[{"embeddable":true,"href":"https:\/\/www.europesays.com\/de\/wp-json\/wp\/v2\/media\/1166664"}],"wp:attachment":[{"href":"https:\/\/www.europesays.com\/de\/wp-json\/wp\/v2\/media?parent=1166663"}],"wp:term":[{"taxonomy":"category","embeddable":true,"href":"https:\/\/www.europesays.com\/de\/wp-json\/wp\/v2\/categories?post=1166663"},{"taxonomy":"post_tag","embeddable":true,"href":"https:\/\/www.europesays.com\/de\/wp-json\/wp\/v2\/tags?post=1166663"}],"curies":[{"name":"wp","href":"https:\/\/api.w.org\/{rel}","templated":true}]}}