{"id":1166746,"date":"2026-07-14T19:54:18","date_gmt":"2026-07-14T19:54:18","guid":{"rendered":"https:\/\/www.europesays.com\/de\/1166746\/"},"modified":"2026-07-14T19:54:18","modified_gmt":"2026-07-14T19:54:18","slug":"kind-stirbt-bei-unfall-auf-der-a3-bei-passau-mehrere-schwerverletzte","status":"publish","type":"post","link":"https:\/\/www.europesays.com\/de\/1166746\/","title":{"rendered":"Kind stirbt bei Unfall auf der A3 bei Passau \u2013 Mehrere Schwerverletzte"},"content":{"rendered":"<p class=\"em_text\"><strong>Ein t\u00f6dlicher Verkehrsunfall hat sich am Dienstagabend auf der <\/strong><strong><a href=\"https:\/\/www.pnp.de\/a3\" target=\"_blank\" rel=\"nofollow noopener\">A3 <\/a><\/strong><strong>zwischen Passau und Pocking (Landkreis Passau) ereignet. Ein Kind kam dabei ums Leben, mehrere Menschen wurden zudem schwer verletzt.<\/strong><\/p>\n<p>Wie die <a href=\"https:\/\/www.pnp.de\/polizei\" target=\"_blank\" rel=\"nofollow noopener\">Polizei<\/a> konkret mitteilt, ereignete sich der <a href=\"https:\/\/www.pnp.de\/themen\/u\/unfall\" target=\"_blank\" rel=\"nofollow noopener\">Unfall<\/a> gegen 18.50 Uhr. Demnach war ein <a href=\"https:\/\/www.pnp.de\/themen\/b\/bmw\" target=\"_blank\" rel=\"nofollow noopener\">BMW<\/a> mit f\u00fcnf Insassen auf der A3 bei Passau in Fahrtrichtung Pocking aus ungekl\u00e4rter Ursache von der Fahrbahn abgekommen und anschlie\u00dfend eine B\u00f6schung hinabgest\u00fcrzt. Ein Kind starb dabei, mehrere Menschen wurden teils schwer verletzt. Die Autobahn ist aktuell in Richtung <a href=\"https:\/\/www.pnp.de\/themen\/o\/oesterreich\" target=\"_blank\" rel=\"nofollow noopener\">\u00d6sterreich<\/a> gesperrt. <\/p>\n<p><a href=\"https:\/\/www.europesays.com\/de\/wp-content\/uploads\/2026\/07\/2c53596180a8-29-140474525.jpg\" title=\"Auf der A3 bei Passau bildete sich ein kilometerlanger Stau. Die Autobahn musste wegen des schweren Unfalls gesperrt werden. - Foto: Helmut Degenhart\/zema-medien.de\" class=\"use-fancybox\" data-fancybox=\"images\" data-caption=\"Auf der A3 bei Passau bildete sich ein kilometerlanger Stau. Die Autobahn musste wegen des schweren Unfalls gesperrt werden. - Foto: Helmut Degenhart\/zema-medien.de\">                        <\/p>\n<p>    <img decoding=\"async\" aria-hidden=\"true\" loading=\"lazy\" onload=\"this.parentNode.style.backgroundColor=\" transparent=\"\" alt=\"\" src=\"https:\/\/www.europesays.com\/de\/wp-content\/uploads\/2026\/07\/2c53596180a8-29-140474525.jpg\" class=\"figure-img img-fluid margin-bottom-0 initiated show  h-100 \" width=\"875\" height=\"562\"\/><\/p>\n<p>            <\/a><\/p>\n<p>        Auf der A3 bei Passau bildete sich ein kilometerlanger Stau. Die Autobahn musste wegen des schweren Unfalls gesperrt werden. &#8211; Foto: Helmut Degenhart\/zema-medien.de<\/p>\n<p>                                                Zweiter schwerer Unfall auf der A3<\/p>\n<p class=\"em_text\">Bereits gegen Mittag war es am Dienstag auf der A3 bei Pocking zu einem <a href=\"https:\/\/www.pnp.de\/21554573\" target=\"_blank\" rel=\"nofollow noopener\">schweren Verkehrsunfall<\/a> gekommen \u2013 jedoch in Fahrtrichtung Passau. Ein Lkw-Fahrer wurde dabei in seinem F\u00fchrerhaus eingeklemmt und schwer verletzt. Auch hier war die Autobahn mehrere Stunden gesperrt.<\/p>\n<p class=\"em_text\">Der Artikel wird aktualisiert, sobald mehr Informationen vorliegen. <\/p>\n<p style=\"text-align:right;\">fk\/jm\u00fc    <\/p>\n","protected":false},"excerpt":{"rendered":"Ein t\u00f6dlicher Verkehrsunfall hat sich am Dienstagabend auf der A3 zwischen Passau und Pocking (Landkreis Passau) ereignet. Ein&hellip;\n","protected":false},"author":2,"featured_media":1166747,"comment_status":"","ping_status":"","sticky":false,"template":"","format":"standard","meta":{"footnotes":"","_share_on_mastodon":"0"},"categories":[2],"tags":[26029,29,30,13,14,15,121,12,10,8,9,11],"class_list":["post-1166746","post","type-post","status-publish","format-standard","has-post-thumbnail","category-deutschland","tag-a3","tag-deutschland","tag-germany","tag-headlines","tag-nachrichten","tag-news","tag-polizei","tag-schlagzeilen","tag-top-news","tag-top-meldungen","tag-topmeldungen","tag-topnews"],"share_on_mastodon":{"url":"https:\/\/pubeurope.com\/@de\/116920089989127860","error":""},"_links":{"self":[{"href":"https:\/\/www.europesays.com\/de\/wp-json\/wp\/v2\/posts\/1166746","targetHints":{"allow":["GET"]}}],"collection":[{"href":"https:\/\/www.europesays.com\/de\/wp-json\/wp\/v2\/posts"}],"about":[{"href":"https:\/\/www.europesays.com\/de\/wp-json\/wp\/v2\/types\/post"}],"author":[{"embeddable":true,"href":"https:\/\/www.europesays.com\/de\/wp-json\/wp\/v2\/users\/2"}],"replies":[{"embeddable":true,"href":"https:\/\/www.europesays.com\/de\/wp-json\/wp\/v2\/comments?post=1166746"}],"version-history":[{"count":0,"href":"https:\/\/www.europesays.com\/de\/wp-json\/wp\/v2\/posts\/1166746\/revisions"}],"wp:featuredmedia":[{"embeddable":true,"href":"https:\/\/www.europesays.com\/de\/wp-json\/wp\/v2\/media\/1166747"}],"wp:attachment":[{"href":"https:\/\/www.europesays.com\/de\/wp-json\/wp\/v2\/media?parent=1166746"}],"wp:term":[{"taxonomy":"category","embeddable":true,"href":"https:\/\/www.europesays.com\/de\/wp-json\/wp\/v2\/categories?post=1166746"},{"taxonomy":"post_tag","embeddable":true,"href":"https:\/\/www.europesays.com\/de\/wp-json\/wp\/v2\/tags?post=1166746"}],"curies":[{"name":"wp","href":"https:\/\/api.w.org\/{rel}","templated":true}]}}