{"id":116678,"date":"2025-05-17T02:39:12","date_gmt":"2025-05-17T02:39:12","guid":{"rendered":"https:\/\/www.europesays.com\/de\/116678\/"},"modified":"2025-05-17T02:39:12","modified_gmt":"2025-05-17T02:39:12","slug":"das-spiel-zwischen-dem-fc-eintracht-rheine-und-dem-1-fc-gievenbeck-endet-unentschieden-2","status":"publish","type":"post","link":"https:\/\/www.europesays.com\/de\/116678\/","title":{"rendered":"Das Spiel zwischen dem FC Eintracht Rheine und dem 1. FC Gievenbeck endet unentschieden"},"content":{"rendered":"<p>                                Spielinfos:<br \/>\nDatum &amp; Uhrzeit: 16.05.2025 19.30 Uhr<br \/>Austragungsort: Rheine<br \/>Wettbewerb: Oberliga Westfalen<br \/>Spieltag: 36<\/p>\n<p>Spielbericht: FC Eintracht Rheine gegen 1. FC Gievenbeck 1:1 (0:1)<\/p>\n<p id=\"absatz2\" class=\"em_text\">Rheine. 1:1 endet das Match FC Eintracht Rheine gegen 1. FC Gievenbeck am Freitag. 285 Fu\u00dfballbegeisterte sind in der Rheiner OBI-Arena 1 live dabei, um die Begegnung zu verfolgen.<\/p>\n<p id=\"absatz4\" class=\"em_text\">Der gr\u00f6\u00dfte Teil der ersten Halbzeit wird von beiden Teams nicht effektiv genutzt. 27 Minuten nach dem Ansto\u00df schafft Gievenbeck dann den Vorsto\u00df: Louis Elias Martin locht als erster ein und verschafft den G\u00e4sten die Oberhand.<\/p>\n<p id=\"absatz5\" class=\"em_text\">Beide Teams wechseln in der zweiten Halbzeit nochmal aus. Adrian Kn\u00fcver wird eingesetzt f\u00fcr Lennard Ma\u00dfmann und Tom Bauer f\u00fcr Tugay G\u00fcndogan. Auf der Gastseite r\u00e4umen Jonas Tepper f\u00fcr Yoost Diezemann und Marvin Holtmann f\u00fcr Alexander Wieth\u00f6lter den Platz. F\u00fcr die Hausherren lohnt sich die Aktion.<\/p>\n<p id=\"absatz6\" class=\"em_text\">Den Rheinern gelingt es ganz knapp vor Ende der Partie, aufzuholen. Tom Bauer kann drei Minuten vor Schlusspfiff effektiv abschlie\u00dfen und ein Unentschieden erringen. Die Rheiner rutschten auf Platz sechs ab.<\/p>\n<p>Die Aufstellungen: FC Eintracht Rheine &#8211; 1. FC Gievenbeck<br \/>\nFC Eintracht Rheine: Pascal Petruschka (11), Tugay G\u00fcndogan (22), Pierre Miguel De Faria Alves Pinto (15), Marcel Pieper (30), Bennet van den Berg (7), Adrian Wanner (24), Montasar Hammami (10), Fabian Kerelaj (77), Ben Christian Wittenbernds (4), Lennard Ma\u00dfmann (23), Luca Meyer (25)<\/p>\n<p id=\"absatz7\" class=\"em_text\">FC Gievenbeck: Marvin Holtmann (26), Nico Eschhaus (1), David Isaak (31), Louis Elias Martin (7), Jonas Tepper (2), Kerolos Makkar (16), Julian Conze (27), Leo Scheipers (3), Niklas Beil (12), Philip R\u00f6he (4), Piet Br\u00e4unig (15)<\/p>\n<p id=\"absatz8\" class=\"em_text\">Schiedsrichter: Nadine Westerhoff<\/p>\n<p id=\"absatz9\" class=\"em_text\">Assistent: Sinan Erk<\/p>\n<p id=\"absatz10\" class=\"em_text\">Assistent: Patrick Krauss<\/p>\n<p id=\"absatz11\" class=\"em_text\" style=\"font-size: .8em;\">Die Inhalte dieses Berichts wurden automatisch auf der Basis von DFB-Daten zusammengestellt.<\/p>\n","protected":false},"excerpt":{"rendered":"Spielinfos: Datum &amp; Uhrzeit: 16.05.2025 19.30 UhrAustragungsort: RheineWettbewerb: Oberliga WestfalenSpieltag: 36 Spielbericht: FC Eintracht Rheine gegen 1. FC&hellip;\n","protected":false},"author":2,"featured_media":116538,"comment_status":"","ping_status":"","sticky":false,"template":"","format":"standard","meta":{"footnotes":""},"categories":[1843],"tags":[17783,44982,3364,29,29576,5282,30,17786,25088,17784,44983,734,7774,1613,8970,1209,12006,44984,29962,17712,7773,7765,29578,29579,8404],"class_list":{"0":"post-116678","1":"post","2":"type-post","3":"status-publish","4":"format-standard","5":"has-post-thumbnail","7":"category-muenster","8":"tag-1-fc-gievenbeck","9":"tag-adrian-knver","10":"tag-de","11":"tag-deutschland","12":"tag-fc-eintracht-rheine","13":"tag-fuball","14":"tag-germany","15":"tag-gievenbeck","16":"tag-jonas-tepper","17":"tag-louis-elias-martin","18":"tag-marvin-holtmann","19":"tag-meta_artikelklasse_nachricht","20":"tag-meta_themen_sport","21":"tag-meta_userneeds_informieremich","22":"tag-muenster","23":"tag-nordrhein-westfalen","24":"tag-oberliga","25":"tag-obi-arena","26":"tag-rheine","27":"tag-serie_ligaid_210198","28":"tag-serie_ligaid_all","29":"tag-spielinfo","30":"tag-tom-bauer","31":"tag-tugay-gndogan","32":"tag-westfalen"},"share_on_mastodon":{"url":"https:\/\/pubeurope.com\/@de\/114520861195936591","error":""},"_links":{"self":[{"href":"https:\/\/www.europesays.com\/de\/wp-json\/wp\/v2\/posts\/116678","targetHints":{"allow":["GET"]}}],"collection":[{"href":"https:\/\/www.europesays.com\/de\/wp-json\/wp\/v2\/posts"}],"about":[{"href":"https:\/\/www.europesays.com\/de\/wp-json\/wp\/v2\/types\/post"}],"author":[{"embeddable":true,"href":"https:\/\/www.europesays.com\/de\/wp-json\/wp\/v2\/users\/2"}],"replies":[{"embeddable":true,"href":"https:\/\/www.europesays.com\/de\/wp-json\/wp\/v2\/comments?post=116678"}],"version-history":[{"count":0,"href":"https:\/\/www.europesays.com\/de\/wp-json\/wp\/v2\/posts\/116678\/revisions"}],"wp:featuredmedia":[{"embeddable":true,"href":"https:\/\/www.europesays.com\/de\/wp-json\/wp\/v2\/media\/116538"}],"wp:attachment":[{"href":"https:\/\/www.europesays.com\/de\/wp-json\/wp\/v2\/media?parent=116678"}],"wp:term":[{"taxonomy":"category","embeddable":true,"href":"https:\/\/www.europesays.com\/de\/wp-json\/wp\/v2\/categories?post=116678"},{"taxonomy":"post_tag","embeddable":true,"href":"https:\/\/www.europesays.com\/de\/wp-json\/wp\/v2\/tags?post=116678"}],"curies":[{"name":"wp","href":"https:\/\/api.w.org\/{rel}","templated":true}]}}