{"id":1166945,"date":"2026-07-14T21:55:16","date_gmt":"2026-07-14T21:55:16","guid":{"rendered":"https:\/\/www.europesays.com\/de\/1166945\/"},"modified":"2026-07-14T21:55:16","modified_gmt":"2026-07-14T21:55:16","slug":"kommentar-von-miriam-hollstein-das-mahnmal-das-deutschland-braucht-politik","status":"publish","type":"post","link":"https:\/\/www.europesays.com\/de\/1166945\/","title":{"rendered":"Kommentar von Miriam Hollstein: Das Mahnmal, das Deutschland braucht | Politik"},"content":{"rendered":"<p><a class=\"skip-content skip-content--link\" href=\"#in-content-skip-link-target-v-0-0\">TTS-Player \u00fcberspringen\u21b5<\/a><a id=\"in-content-skip-link-target-v-0-0\" class=\"skip-content--target-link-hidden skip-content skip-content--target-link\" href=\"#in-content-skip-link-target-v-0-0\">Artikel weiterlesen<\/a><\/p>\n<p><b>Das zerschossene Auto von Generalbundesanwalt Siegfried Buback; der gekidnappte Arbeitgeberpr\u00e4sident Hanns Martin Schleyer mit einem Schild um den Hals, der ermordete Flugkapit\u00e4n J\u00fcrgen Schumann, dessen lebloser K\u00f6rper aus der \u201eLandshut\u201c geworfen wird: Wer wie ich in den 70er Jahren aufwuchs, hat diese schrecklichen Bilder nicht vergessen.<\/b><\/p>\n<p>Die RAF nahm damals <a href=\"https:\/\/www.bild.de\/themen\/orte\/deutschland\/nachrichten-news-fotos-videos-17266634.bild.html\" class=\"text-link\" rel=\"nofollow noopener\" target=\"_blank\">das ganze Land<\/a> in den W\u00fcrgegriff. Am Ende bezwang der Staat die Terroristen, erwies sich als wehrhafte <a href=\"https:\/\/www.bild.de\/politik\/inland\/demokratiemonitor-2026-82-prozent-bekennen-sich-zur-demokratie-69f87c30d3209c4cbd891885\" class=\"text-link\" rel=\"nofollow noopener\" target=\"_blank\">Demokratie<\/a>.<\/p>\n<p>Mehr zum Thema<\/p>\n<p>Doch die Wunden blieben. Die Angeh\u00f6rigen der Ermordeten m\u00fcssen bis heute mit dem Verlust ihrer V\u00e4ter, Br\u00fcder, S\u00f6hne und Ehem\u00e4nner leben. Die sterben mussten, weil sie Vertreter des Staates waren \u2013 und deshalb auf der Zielliste der <a href=\"https:\/\/www.bild.de\/themen\/organisationen\/terror-gruppen\/news-fotos-videos-17022392.bild.html\" class=\"text-link\" rel=\"nofollow noopener\" target=\"_blank\">Terroristen<\/a>.<\/p>\n<p>Ein Mahnmal f\u00fcr die Opfer der <a href=\"https:\/\/www.bild.de\/themen\/specials\/linksextremismus\/news-inland-fotos-videos-19695578.bild.html\" class=\"text-link\" rel=\"nofollow noopener\" target=\"_blank\">RAF<\/a> ist deshalb \u00fcberf\u00e4llig. Es ist das Mindeste, was wir f\u00fcr die Angeh\u00f6rigen tun k\u00f6nnen. Und f\u00fcr unsere Erinnerung.<\/p>\n","protected":false},"excerpt":{"rendered":"TTS-Player \u00fcberspringen\u21b5Artikel weiterlesen Das zerschossene Auto von Generalbundesanwalt Siegfried Buback; der gekidnappte Arbeitgeberpr\u00e4sident Hanns Martin Schleyer mit einem&hellip;\n","protected":false},"author":2,"featured_media":1166946,"comment_status":"","ping_status":"","sticky":false,"template":"","format":"standard","meta":{"footnotes":"","_share_on_mastodon":"0"},"categories":[2],"tags":[331,3924,332,3922,3364,29,30,13,4693,12623,2183,14,3923,15,3921,18295,12,138370,2546,1995],"class_list":["post-1166945","post","type-post","status-publish","format-standard","has-post-thumbnail","category-deutschland","tag-aktuelle-nachrichten","tag-aktuelle-nachrichten-aus-deutschland","tag-aktuelle-news","tag-aktuelle-news-aus-deutschland","tag-de","tag-deutschland","tag-germany","tag-headlines","tag-kommentar","tag-linksextremismus","tag-mord","tag-nachrichten","tag-nachrichten-aus-deutschland","tag-news","tag-news-aus-deutschland","tag-raf","tag-schlagzeilen","tag-team-first","tag-terror","tag-verbrechen"],"share_on_mastodon":{"url":"https:\/\/pubeurope.com\/@de\/116920564234580212","error":""},"_links":{"self":[{"href":"https:\/\/www.europesays.com\/de\/wp-json\/wp\/v2\/posts\/1166945","targetHints":{"allow":["GET"]}}],"collection":[{"href":"https:\/\/www.europesays.com\/de\/wp-json\/wp\/v2\/posts"}],"about":[{"href":"https:\/\/www.europesays.com\/de\/wp-json\/wp\/v2\/types\/post"}],"author":[{"embeddable":true,"href":"https:\/\/www.europesays.com\/de\/wp-json\/wp\/v2\/users\/2"}],"replies":[{"embeddable":true,"href":"https:\/\/www.europesays.com\/de\/wp-json\/wp\/v2\/comments?post=1166945"}],"version-history":[{"count":0,"href":"https:\/\/www.europesays.com\/de\/wp-json\/wp\/v2\/posts\/1166945\/revisions"}],"wp:featuredmedia":[{"embeddable":true,"href":"https:\/\/www.europesays.com\/de\/wp-json\/wp\/v2\/media\/1166946"}],"wp:attachment":[{"href":"https:\/\/www.europesays.com\/de\/wp-json\/wp\/v2\/media?parent=1166945"}],"wp:term":[{"taxonomy":"category","embeddable":true,"href":"https:\/\/www.europesays.com\/de\/wp-json\/wp\/v2\/categories?post=1166945"},{"taxonomy":"post_tag","embeddable":true,"href":"https:\/\/www.europesays.com\/de\/wp-json\/wp\/v2\/tags?post=1166945"}],"curies":[{"name":"wp","href":"https:\/\/api.w.org\/{rel}","templated":true}]}}