{"id":1167016,"date":"2026-07-14T22:34:24","date_gmt":"2026-07-14T22:34:24","guid":{"rendered":"https:\/\/www.europesays.com\/de\/1167016\/"},"modified":"2026-07-14T22:34:24","modified_gmt":"2026-07-14T22:34:24","slug":"diane-kruger-ist-50-von-niedersachsen-nach-hollywood","status":"publish","type":"post","link":"https:\/\/www.europesays.com\/de\/1167016\/","title":{"rendered":"Diane Kruger ist 50: Von Niedersachsen nach Hollywood"},"content":{"rendered":"<p>        <img decoding=\"async\" src=\"https:\/\/www.europesays.com\/de\/wp-content\/uploads\/2026\/07\/kruger-106.webp\" alt=\"Schauspielerin Diane Kruger in Frankreich\" title=\"Schauspielerin Diane Kruger in Frankreich | IMAGO \/ ABACAPRESS\" class=\"responsive\"\/><\/p>\n<p>AUDIO: Der Stichtag: Schauspielerin Diane Kruger wird 50 (3 Min)<\/p>\n<p>\n                Stand: 15.07.2026 00:01 Uhr<\/p>\n<p class=\"preface\">Wahrscheinlich hasst Diane Kruger diesen Satz, den sie immer wieder \u00fcber sich liest: Sie sei eine der wenigen Deutschen, die es in Hollywood geschafft hat. Sie hat ihre deutschen Wurzeln n\u00e4mlich nie zum Thema gemacht. Heute ist sie 50 Jahre alt geworden.<\/p>\n<p class=\"textauthor\">von Katharina Wilhelm, ARD-Korrespondentin aus Los Angeles<\/p>\n<p class=\"\">Die geb\u00fcrtige Nieders\u00e4chsin Diane Kruger, urspr\u00fcnglich Diane Heidkr\u00fcger, ist seit Jahrzehnten eine der wenigen deutschen Schauspielerinnen, die in gro\u00dfen Blockbuster-Produktionen, wie im Film &#8222;Troja&#8220; neben Orlando Bloom und Brad Pitt, in coolen Quentin-Tarantino-Filmen und im franz\u00f6sischen Arthouse-Kino zu sehen ist.<\/p>\n<p class=\"\">Schon als Teenager begann ihre Karriere. Sie modelte zuerst in Paris und dann auf der ganzen Welt. In den vergangenen Jahren ist es ein wenig ruhiger um Diane Kruger geworden. Der Grund daf\u00fcr: ihre Tochter, die mittlerweile die gr\u00f6\u00dfte Aufmerksamkeit bekommt.<\/p>\n<p>    Diane Kruger: Ein Leben zwischen Hollywood und Frankreich<\/p>\n<p class=\"\">Von Hollywood in die Bundesrepublik &#8211; viele deutsche Schauspielerinnen und Schauspieler wollen ihre Karriere genau andersherum angehen. Doch das Geheimnis von Diane Krugers Erfolg lautet wohl, dass sie sich Deutschland erst einmal entzogen hat: &#8222;Ich lebe zur H\u00e4lfte in Frankreich, dort habe ich begonnen, Filme zu machen &#8211; ich hab mehr franz\u00f6sische als amerikanische Filme gedreht&#8220;, erkl\u00e4rt sie 2016 dem amerikanischen Late-Night-Moderator Stephen Colbert.<\/p>\n<p>    Vom Laufsteg zur Schauspielerei<\/p>\n<p class=\"\">Mit 16 Jahren zieht Diane Kruger aus Algermissen bei <a href=\"https:\/\/www.ndr.de\/ratgeber\/reise\/hannover\/Hildesheim-Welterbe-Kirchen-und-Fachwerkhaeuser,hildesheim136.html\" title=\"Hildesheim: Welterbe-Kirchen, Fachwerkh\u00e4user und Sch\u00e4tze \u00c4gyptens\" rel=\"nofollow noopener\" target=\"_blank\">Hildesheim<\/a> nach Paris, wo sie zun\u00e4chst als Model arbeitet. Auch noch unter ihrem richtigen Namen: Diane Heidkr\u00fcger. \u00dcber das Modelleben hat sie nicht viel Positives zu berichten: &#8222;Es war eine lehrreiche Zeit&#8220;, sagt sie zur\u00fcckhaltend \u00fcber diese Jahre.<\/p>\n<p class=\"\">Sie sucht aber nach eigener Aussage nach mehr Tiefe, will in ihrer Arbeit auch Gef\u00fchle ausdr\u00fccken, also nimmt sie Schauspielunterricht, bekommt zun\u00e4chst kleinere Rollen in franz\u00f6sischen Filmen angeboten.<\/p>\n<p class=\"\">Sie perfektioniert ihr Franz\u00f6sisch und ver\u00e4ndert ihren Namen zu Diane Kruger, ohne das irritierende deutsche &#8222;\u00fc&#8220;. So kann sie sich international besser vermarkten &#8211; das zahlt sich aus. 2004 bekommt sie die Rolle der &#8222;Helena&#8220; in Wolfgang Petersens &#8222;Troja&#8220; an der Seite von Brad Pitt und Orlando Bloom.<\/p>\n<p>    Akzentfreies Englisch in &#8222;Inglorious Basterds&#8220;<\/p>\n<p class=\"\">Ihren Erfolg in den USA hat sie vor allem ihrem Englisch zu verdanken, das ohne jeden deutschen Akzent auskommt. So ist sie nicht auf die Rolle der Deutschen festgelegt. Der Regisseur Quentin Tarantino wollte zun\u00e4chst nicht glauben, dass sie deutsch ist, als er sie f\u00fcr eine Rolle in &#8222;Inglourious Basterds&#8220; castete. In den USA dreht sie Blockbuster, in Frankreich Independentfilme und Kom\u00f6dien.<\/p>\n<p class=\"\">Ein Leben zwischen den Kontinenten, mittlerweile besitzt sie &#8211; neben der deutschen &#8211; auch die US-amerikanische Staatsb\u00fcrgerschaft. In Frankreich wird ihre Arbeit hochgesch\u00e4tzt: 2012 wird sie in die Wettbewerbsjury der Filmfestspiele in Cannes berufen. Privat ist sie mit &#8222;Walking-Dead&#8220;-Star Norman Reedus liiert. Das Paar hat 2018 eine Tochter.<\/p>\n<p>    Fatih Akin: &#8222;Das war nicht unser letzter Film&#8220;<\/p>\n<p class=\"\">In Cannes trifft sie auch auf den deutschen Regisseur Fatih Akin, der sie sp\u00e4ter f\u00fcr die Rolle der Katja in seinem Film &#8222;Aus dem Nichts&#8220; castet, wie er bei der Premiere in Los Angeles 2017 erz\u00e4hlt: &#8222;Irgendwann ist mir Diane Kruger eingefallen. Ich dachte, die w\u00fcrde eigentlich passen. Dann habe ich ihr das Drehbuch geschickt und sie ist sofort drauf angesprungen. Dann habe ich sie getroffen und dachte: Sie ist mein &#8218;Character&#8216;. Manchmal hat man das, dass Schauspieler und Regisseur wie zwei Puzzleteile aufeinanderpassen. Das war nicht unser letzter Film.&#8220;<\/p>\n<p>    &#8222;Aus dem Nichts&#8220;: Rolle mit emotionaler Tiefe<\/p>\n<p class=\"\">Es ist eine dramatische Rolle. Die Figur Katja verliert bei einem Anschlag Mann und Kind. Weil ihr Mann Kurde ist, ermittelt die Polizei zun\u00e4chst in die v\u00f6llig falsche Richtung. In dem Thriller kann Kruger ihr volles Potenzial zeigen, nicht als &#8222;h\u00fcbsches Beiwerk&#8220;, sondern mit voller emotionaler Tiefe.<\/p>\n<p>                    <a href=\"https:\/\/www.europesays.com\/de\/wp-content\/uploads\/2026\/07\/ausdemnichts140.webp\" class=\"zoomimage\" title=\"Bild vergr\u00f6\u00dfern\"><\/p>\n<p>        <img decoding=\"async\" src=\"https:\/\/www.europesays.com\/de\/wp-content\/uploads\/2026\/07\/ausdemnichts140.webp\" alt=\"Diane Kruger und Denis Moschitto in einer Filmszene vor Gericht\" title=\"In dem Thriller &quot;Aus dem Nichts&quot; kann Kruger ihr volles Potential zeigen. | 2016 Warner Bros. Ent. \" class=\"responsive\" loading=\"lazy\"\/><\/p>\n<p>                    <\/a><\/p>\n<p>                    In dem Thriller &#8222;Aus dem Nichts&#8220; kann Kruger ihr volles Potential zeigen.<\/p>\n<p class=\"\">Daf\u00fcr erh\u00e4lt sie 2017 in Cannes den Darstellerpreis als beste Schauspielerin. Im Januar 2018 wird &#8222;Aus dem Nichts&#8220; in Los Angeles mit dem Golden Globe als bester nicht-englischsprachiger Film ausgezeichnet.<\/p>\n<p class=\"\">Ein Karrieresprung durch die R\u00fcckbesinnung auf die deutschen Wurzeln, k\u00f6nnte man sagen. Damals sagt sie: &#8222;Ich w\u00fcrde gerne wieder in Deutschland drehen. Es war eine super Erfahrung. Ich bin deutsch und ich hab echt lange auf eine Rolle in Deutschland gewartet und hoffe, dass ich nicht wieder 25 Jahre warten muss.&#8220;<\/p>\n<p class=\"\">2022 entwickelt sie als Produzentin und Hauptdarstellerin gemeinsam mit Akin die Mini-Serie &#8222;Marlene&#8220;. In den f\u00fcnf Kapiteln geht es um die ikonische deutsche Schauspielerin Marlene Dietrich &#8211; das Projekt liegt jedoch bis auf Weiteres auf Eis.<\/p>\n<p>\n            <strong>Video:<\/strong><br \/>\n            Amrumer freuen sich auf Kinopremiere von Fatih Akins neuem Film (3 Min)\n        <\/p>\n<p>    \u00d6\u00f6mrang gelernt f\u00fcr Fatih Akins &#8222;Amrum&#8220;<\/p>\n<p class=\"\">Weil die Familie bei der Schauspielerin an erster Stelle steht, arbeitet sie viel weniger, aber eines ihrer j\u00fcngsten Projekte ist die Fernsehserie &#8222;Swimming with Sharks&#8220;. Es geht um ein aktuelles Thema: Wie schaffen es Frauen in F\u00fchrungspositionen und wie k\u00f6nnen sie die gleichen Jobs bekommen wie M\u00e4nner? Besetzt ist die Drama-Serie neben Diane Kruger noch mit Kiernan Shipka (&#8222;Chilling Adventures of Sabrina&#8220;) und Donald Sutherland (&#8222;Die Tribute von Panem&#8220;).<\/p>\n<p class=\"\">2024 spielt sie gleich drei Rollen im Drama &#8222;The Shrouds&#8220; von David Cronenberg. Darin geht es um einen trauernden Ehemann (Vincent Cassel), der den Tod seiner Frau nicht verkraften kann.<\/p>\n<p class=\"\">2025 hat <a href=\"https:\/\/www.ndr.de\/kultur\/film\/festivals\/filmfest-hamburg-fatih-akins-amrum-feierte-deutschlandpremiere,filmfest-102.html\" title=\"Filmfest Hamburg: Fatih Akins &quot;Amrum&quot; feiert Deutschlandpremiere \" rel=\"nofollow noopener\" target=\"_blank\">Fatih Akins Kassenschlager &#8222;Amrum&#8220; beim Filmfest Hamburg Deutschlandpremiere gefeiert,<\/a> nachdem er erfolgreich beim Filmfest in Cannes lief. Danach gab es gute Kinostarts in Frankreich und in den USA. Im Film h\u00f6rt man Diane Kruger als friesische Landfrau \u00d6\u00f6mrang sprechen &#8211; einen Dialekt auf der Insel Amrum.<\/p>\n<p>        <img decoding=\"async\" src=\"https:\/\/www.europesays.com\/de\/wp-content\/uploads\/2026\/07\/filmfest-104.webp\" alt=\"Diane Kruger und Fatih Akin posieren vor einer Wand, auf der &quot;Filmfest Hamburg&quot; steht.\" title=\"Diane Kruger und Fatih Akin posieren vor einer Wand, auf der &quot;Filmfest Hamburg&quot; steht. | Georg Wendt\/dpa +++ dpa-Bildfunk +++\" class=\"responsive\" loading=\"lazy\"\/><\/p>\n<p>Bis 4. Oktober zeigt das Festival 120 Filme aus aller Welt. Zur &#8222;Amrum&#8220;-Premiere am Sonnabend kamen Stars wie Diane Kruger, Detlev Buck, Laura Tonke. <\/p>\n<p>    Filmprojekte 2026 in Frankreich, Spanien und Deutschland<\/p>\n<p class=\"\">Aktuell steht Kruger f\u00fcr die franz\u00f6sische Thrillerserie &#8222;La D\u00e9cision&#8220; vor der Kamera. F\u00fcr den Sci-Fi-Film &#8222;A.M.I&#8220; hat sie mit Mads Mikkelsen in Spanien gearbeitet. Darin verk\u00f6rpert sie eine KI-Stimme, die einen einsamen Astronauten auf einem fremden Planeten unterst\u00fctzt.<\/p>\n<p class=\"\">Bereits abgedreht hat sie laut Brancheninformationen ein internationales Projekt mit vier Regisseurinnen, darunter die NDR-Tatort-Regisseurin Anne Zohra Berrached. In<a href=\"https:\/\/www.ndr.de\/kultur\/film\/textlink-325766~splash.html\" title=\"&quot;Each of us&quot; - Film mit Diane Kruger\" data-url=\"https:\/\/www.swissfilms.ch\/de\/movie\/each-of-us\/d1c41ea682384664b48cad8af790f85a\" class=\"extlink-preface\" data-type=\"external\" rel=\"nofollow noopener\" target=\"_blank\"> &#8222;Each of us&#8220;<\/a> geht es um vier Frauen verschiedener Nationalit\u00e4ten, die im einzigen rein weiblichen Konzentrationslager in Ravensbr\u00fcck w\u00e4hrend des Zweiten Weltkrieges inhaftiert waren. Der Film startet voraussichtlich noch dieses Jahr im Kino.<\/p>\n<p>        <img decoding=\"async\" src=\"https:\/\/www.europesays.com\/de\/wp-content\/uploads\/2026\/07\/amrum-100.webp\" alt=\"Eine Filmszene aus Fatih Akins Film &quot;Amrum&quot; mit Diane Krueger als B\u00e4uerin mit Pferd und zwei Jungen\" title=\"Eine Filmszene aus Fatih Akins Film &quot;Amrum&quot; mit Diane Krueger als B\u00e4uerin mit Pferd und zwei Jungen | Warner Bros.\" class=\"responsive\" loading=\"lazy\"\/><\/p>\n<p>In Cannes gefeiert, schlie\u00dflich lief &#8222;Amrum&#8220; beim Hamburger Filmfest, und seit Oktober in den Kinos. Wir stellen den Film vor und sprechen mit Fatih Akin.<\/p>\n<p>        <img decoding=\"async\" src=\"https:\/\/www.europesays.com\/de\/wp-content\/uploads\/2026\/07\/amrum-110.webp\" alt=\"Jens Quedens sitzt am Schreibtisch und spricht\" title=\"Jens Quedens sitzt am Schreibtisch und spricht | NDR.de\" class=\"responsive\" loading=\"lazy\"\/><\/p>\n<p>Das Amrumer-Urgestein Jens Quedens hat bei den Dreharbeiten zum Kinofilm &#8222;Amrum&#8220; sprachlich kr\u00e4ftig mitgeholfen.<\/p>\n<p>        <img decoding=\"async\" src=\"https:\/\/www.europesays.com\/de\/wp-content\/uploads\/2026\/07\/ausdemnichts160.webp\" alt=\"Schauspieler st\u00fcrmen auf der B\u00fchne auf einander los\" title=\"Schauspieler st\u00fcrmen auf der B\u00fchne auf einander los | Schauspielhaus Hamburg\/Sinje Hasheider, Sinje Hasheider\" class=\"responsive\" loading=\"lazy\"\/><\/p>\n<p>Regisseur Klaus Schumacher hat Fatih Akins Film f\u00fcr die B\u00fchne adaptiert. Die Geschichte bezieht sich auf die sogenannten NSU-Morde.<\/p>\n<p>        <img decoding=\"async\" src=\"https:\/\/www.europesays.com\/de\/wp-content\/uploads\/2026\/07\/screenshot1825778.webp\" alt=\"Fatih Akin und Diane Kruger beim Filmfest umsonst in Hamburg.\" title=\"Fatih Akin und Diane Kruger beim Filmfest umsonst in Hamburg. | Screenshot\" class=\"responsive\" loading=\"lazy\"\/><\/p>\n<p>Neben dem kostenlosen Eintritt haben auch Stars wie Diane Kruger und Fatih Akin f\u00fcr Andrang gesorgt.<\/p>\n<p>        <img decoding=\"async\" src=\"https:\/\/www.europesays.com\/de\/wp-content\/uploads\/2026\/07\/screenshot-49948.webp\" alt=\"Amrum aus der Luft betrachtet.\" title=\"Amrum aus der Luft betrachtet. | Screenshot\" class=\"responsive\" loading=\"lazy\"\/><\/p>\n<p>\u201cAmrum\u201d basiert auf den Kindheitserinnerungen des Regisseurs Hark Bohm. Im Amrumer Inselkino wird Deutschland-Premiere gefeiert.<\/p>\n","protected":false},"excerpt":{"rendered":"AUDIO: Der Stichtag: Schauspielerin Diane Kruger wird 50 (3 Min) Stand: 15.07.2026 00:01 Uhr Wahrscheinlich hasst Diane Kruger&hellip;\n","protected":false},"author":2,"featured_media":1167017,"comment_status":"","ping_status":"","sticky":false,"template":"","format":"standard","meta":{"footnotes":"","_share_on_mastodon":"0"},"categories":[1776],"tags":[244570,244569,1801,29,50392,214,45277,30,8285,683,2549,1411,10611,1802,5284,215],"class_list":["post-1167016","post","type-post","status-publish","format-standard","has-post-thumbnail","category-prominente","tag-algermissen","tag-aus-dem-nichts","tag-celebrities","tag-deutschland","tag-diane-kruger","tag-entertainment","tag-fatih-akin","tag-germany","tag-hildesheim","tag-hollywood","tag-leute","tag-niedersachsen","tag-portraet","tag-prominente","tag-spielfilm","tag-unterhaltung"],"share_on_mastodon":{"url":"https:\/\/pubeurope.com\/@de\/116920719584139036","error":""},"_links":{"self":[{"href":"https:\/\/www.europesays.com\/de\/wp-json\/wp\/v2\/posts\/1167016","targetHints":{"allow":["GET"]}}],"collection":[{"href":"https:\/\/www.europesays.com\/de\/wp-json\/wp\/v2\/posts"}],"about":[{"href":"https:\/\/www.europesays.com\/de\/wp-json\/wp\/v2\/types\/post"}],"author":[{"embeddable":true,"href":"https:\/\/www.europesays.com\/de\/wp-json\/wp\/v2\/users\/2"}],"replies":[{"embeddable":true,"href":"https:\/\/www.europesays.com\/de\/wp-json\/wp\/v2\/comments?post=1167016"}],"version-history":[{"count":0,"href":"https:\/\/www.europesays.com\/de\/wp-json\/wp\/v2\/posts\/1167016\/revisions"}],"wp:featuredmedia":[{"embeddable":true,"href":"https:\/\/www.europesays.com\/de\/wp-json\/wp\/v2\/media\/1167017"}],"wp:attachment":[{"href":"https:\/\/www.europesays.com\/de\/wp-json\/wp\/v2\/media?parent=1167016"}],"wp:term":[{"taxonomy":"category","embeddable":true,"href":"https:\/\/www.europesays.com\/de\/wp-json\/wp\/v2\/categories?post=1167016"},{"taxonomy":"post_tag","embeddable":true,"href":"https:\/\/www.europesays.com\/de\/wp-json\/wp\/v2\/tags?post=1167016"}],"curies":[{"name":"wp","href":"https:\/\/api.w.org\/{rel}","templated":true}]}}