{"id":1167225,"date":"2026-07-15T00:41:21","date_gmt":"2026-07-15T00:41:21","guid":{"rendered":"https:\/\/www.europesays.com\/de\/1167225\/"},"modified":"2026-07-15T00:41:21","modified_gmt":"2026-07-15T00:41:21","slug":"ukraine-kommandeur-sieht-baldiges-kriegsende","status":"publish","type":"post","link":"https:\/\/www.europesays.com\/de\/1167225\/","title":{"rendered":"Ukraine: Kommandeur sieht baldiges Kriegsende"},"content":{"rendered":"<p>Rolle Deutschland hervorgehoben <\/p>\n<p>Ukrainischer Kommandeur sieht Kriegsende &#8222;bald&#8220; kommen<\/p>\n<p>15.07.2026 &#8211; 02:11 UhrLesedauer: 2 Min.<\/p>\n<p><a href=\"#focus-0\" class=\"transition-colors block text-current relative\" data-sctrack=\"FocusGalleryImage.Reference\"><img fetchpriority=\"high\" data-testid=\"Opener.Image\"   loading=\"eager\" src=\"https:\/\/www.europesays.com\/de\/wp-content\/uploads\/2026\/07\/combat-mission-of-bm-21-grad-crew-from-ukraine-s-148th-artillery-brigade-in-dnipropetrovsk-region-a-.jpeg\" alt=\"imago images 0860132509\" title=\"imago images 0860132509\" width=\"5042\" height=\"2836\" class=\"bg-[url:var(--lqipURL)] bg-cover bg-center flex h-full w-full max-w-full\" style=\"--lqipURL:url('https:\/\/images.t-online.de\/2026\/07\/YVVOA5G2GlU7\/1204x1065:5042x2836\/fit-in\/150x0\/filters:blur(25)\/combat-mission-of-bm-21-grad-crew-from-ukraine-s-148th-artillery-brigade-in-dnipropetrovsk-region-a-soldier-from-the-148th-separate-artillery-zhytomyr-brigade-of-the-ukrainian-airborne-forces-holds-a-handheld-transceiver-as-servicemen-fire-missiles-from-a-bm-21-grad-multiple-launch-rocket-system-in-the-oleksandrivka-sector-dnipropetrovsk-region-ukraine-on-june-22-2026-dnipropetrovsk-region-ukraine-publicationxnotxinxfra-copyright-xdmytroxsmolienkox-originalfilename-ukrinform-combatmi260622-npiyj-jpg.jpg')\" decoding=\"async\"\/><img loading=\"lazy\" src=\"https:\/\/www.t-online.de\/s\/paper\/_next\/static\/media\/zoom-in.f7dae02f.svg\" alt=\"Vergr\u00f6\u00dfern des Bildes\" title=\"Vergr\u00f6\u00dfern des Bildes\" class=\"block h-[calc(var(--height)_\/_16_*_1rem)] w-[calc(var(--width)_\/_16_*_1rem)] max-w-none absolute right-8 bottom-8 rounded-4 bg-snow p-8\" style=\"--width:32;--height:32\" decoding=\"async\"\/><\/a><\/p>\n<p>Ukrainische Soldaten in der Region Dnipropetrowsk: Ein Kommandeur berichtet von der Front. (Archivbild) (Quelle: IMAGO\/Dmytro Smolienko\/imago)<\/p>\n<p><img loading=\"lazy\" src=\"https:\/\/www.t-online.de\/s\/paper\/_next\/static\/media\/audio-volume.6689034c.svg\" alt=\"\" title=\"\" class=\"block h-[calc(var(--height)_\/_16_*_1rem)] w-[calc(var(--width)_\/_16_*_1rem)] max-w-none group-hover:brightness-0 group-hover:invert\" style=\"--width:16;--height:16\" decoding=\"async\"\/>Vorlesen<\/p>\n<p>Aktuelle Zeit:0:00Gesamtdauer:0:00<\/p>\n<p>1x<\/p>\n<p class=\"text-center\">Jetzt neu bei t-online:<\/p>\n<p class=\"text-center\">Schriftgr\u00f6\u00dfe anpassen!<\/p>\n<p><img loading=\"lazy\" src=\"https:\/\/www.t-online.de\/s\/paper\/_next\/static\/media\/font-sizes.32942e33.svg\" alt=\"\" title=\"\" class=\"block h-[calc(var(--height)_\/_16_*_1rem)] w-[calc(var(--width)_\/_16_*_1rem)] max-w-none group-hover:hidden group-aria-expanded:hidden\" style=\"--width:16;--height:16\" decoding=\"async\"\/><img loading=\"lazy\" src=\"https:\/\/www.t-online.de\/s\/paper\/_next\/static\/media\/font-sizes-dark-mode.e382645c.svg\" alt=\"\" title=\"\" class=\"block h-[calc(var(--height)_\/_16_*_1rem)] w-[calc(var(--width)_\/_16_*_1rem)] max-w-none hidden group-hover:block group-aria-expanded:block\" style=\"--width:16;--height:16\" decoding=\"async\"\/><img loading=\"lazy\" src=\"https:\/\/www.t-online.de\/s\/paper\/_next\/static\/media\/sharing-menu-icon.1eb71368.svg\" alt=\"\" title=\"\" class=\"block h-[calc(var(--height)_\/_16_*_1rem)] w-[calc(var(--width)_\/_16_*_1rem)] max-w-none group-hover:brightness-0 group-hover:invert\" style=\"--width:16;--height:16\" decoding=\"async\"\/>Artikel teilen<\/p>\n<p class=\"font-bold text-18 leading-17 user-text-lg:text-22 user-text-xl:text-24\">Ein ukrainischer Offizier prophezeit ein baldiges Ende des Krieges, aber nicht der Bedrohung. Der Soldat mit Rufnamen &#8222;Yankee&#8220; sieht eine wichtige Rolle Deutschlands.<\/p>\n<p class=\"text-18 leading-17 user-text-lg:text-22 user-text-xl:text-24\">Der ukrainische Kommandeur Wadym Krykun, Chef der mehrere Tausend Mann starken Lubart-Brigade, hat sich zu einem m\u00f6glichen Ende des russischen Angriffskriegs gegen die <a href=\"https:\/\/www.t-online.de\/themen\/ukraine\/\" class=\"transition-colors cursor-pointer no-underline md:hover:text-magenta md:focus:text-magenta border-b border-solid border-current text-salemsfur md:hover:border-magenta\" data-tracking=\"{&quot;action&quot;:&quot;click&quot;,&quot;category&quot;:&quot;intextLink&quot;,&quot;label&quot;:&quot;\/themen\/ukraine\/&quot;}\" data-sctrack=\"BodyAnchor\" rel=\"nofollow noopener\" target=\"_blank\">Ukraine<\/a> ge\u00e4u\u00dfert.<\/p>\n<p class=\"text-18 leading-17 user-text-lg:text-22 user-text-xl:text-24\">Der erfahrene Soldat mit Rufnamen &#8222;Yankee&#8220; sagte: &#8222;Ich glaube, dass der Krieg irgendwann entlang irgendeiner Linie einfrieren wird.&#8220; Wo diese Linie sei, k\u00f6nne er nicht sagen. Derzeit hat <a href=\"https:\/\/www.t-online.de\/themen\/russland\/\" class=\"transition-colors cursor-pointer no-underline md:hover:text-magenta md:focus:text-magenta border-b border-solid border-current text-salemsfur md:hover:border-magenta\" data-tracking=\"{&quot;action&quot;:&quot;click&quot;,&quot;category&quot;:&quot;intextLink&quot;,&quot;label&quot;:&quot;\/themen\/russland\/&quot;}\" data-sctrack=\"BodyAnchor\" rel=\"nofollow noopener\" target=\"_blank\">Russland<\/a> einen Gro\u00dfteil des ukrainischen Donbass besetzt. Dort ist &#8222;Yankee&#8220; als Teil des 1. Asow-Korps im Einsatz. Er glaubt, dass es &#8222;bald&#8220; ein Ende gibt, als Zeitraum gab er ein Jahr an.<\/p>\n<ul class=\"text-18 leading-17 block pl-24 *:pb-16 *:before:inline-block *:before:size-8 *:before:bg-magenta *:before:mt-0 *:before:mr-12 *:before:mb-2 *:before:-ml-[20px]\">\n<li><strong class=\"font-bold\">Krieg gegen die Ukraine:<\/strong> <a href=\"https:\/\/www.t-online.de\/nachrichten\/ukraine\/id_101340260\/ukraine-krieg-aktuell-kiew-hat-wohl-russisches-geheimdienstschiff-versenkt.html\" class=\"transition-colors cursor-pointer no-underline md:hover:text-magenta md:focus:text-magenta border-b border-solid border-current text-salemsfur md:hover:border-magenta\" data-tracking=\"{&quot;action&quot;:&quot;click&quot;,&quot;category&quot;:&quot;intextLink&quot;,&quot;label&quot;:&quot;\/nachrichten\/ukraine\/id_101340260\/ukraine-krieg-aktuell-kiew-hat-wohl-russisches-geheimdienstschiff-versenkt.html&quot;}\" data-sctrack=\"BodyAnchor\" rel=\"nofollow noopener\" target=\"_blank\">Alle aktuellen Meldungen<\/a><\/li>\n<li><strong class=\"font-bold\">Krieg in der Ukraine:<\/strong> <a href=\"https:\/\/www.t-online.de\/nachrichten\/ukraine\/id_101341096\/krieg-in-der-ukraine-russlands-groesster-trumpf-wird-zum-problem.html\" class=\"transition-colors cursor-pointer no-underline md:hover:text-magenta md:focus:text-magenta border-b border-solid border-current text-salemsfur md:hover:border-magenta\" data-tracking=\"{&quot;action&quot;:&quot;click&quot;,&quot;category&quot;:&quot;intextLink&quot;,&quot;label&quot;:&quot;\/nachrichten\/ukraine\/id_101341096\/krieg-in-der-ukraine-russlands-groesster-trumpf-wird-zum-problem.html&quot;}\" data-sctrack=\"BodyAnchor\" rel=\"nofollow noopener\" target=\"_blank\">Das will nicht einmal China hinnehmen<\/a><\/li>\n<\/ul>\n<p class=\"text-18 leading-17 user-text-lg:text-22 user-text-xl:text-24\">Der Kommandeur sieht aber auch dann noch Spannungen zwischen den beiden L\u00e4ndern. &#8222;Ich glaube nicht, dass europ\u00e4ische Truppen die letztendliche Sicherheitsgarantie sind. Ich glaube, dass eine starke ukrainische Armee, eine starke ukrainische Regierung und eine starke ukrainische Wirtschaft die eigentlichen Sicherheitsgarantien sind.&#8220; Selbst wenn es irgendeine Art von Friedensabkommen geben sollte, sei er sich bewusst, dass die Gefahr durch Russland bestehen bleibe.<\/p>\n<p><a href=\"#focus-1\" class=\"transition-colors block text-current relative\" data-sctrack=\"FocusGalleryImage.Reference\"><img   loading=\"lazy\" src=\"https:\/\/www.europesays.com\/de\/wp-content\/uploads\/2026\/07\/wadym-krykun-ist-ein-ukrainischer-kommandeur-er-sieht-ein-einfrieren-der-frontlinie-voraus-archivbil.webp\" alt=\"Wadym Krykun ist ein ukrainischer Kommandeur. Er sieht ein Einfrieren der Frontlinie voraus. (Archivbild)\" title=\"Wadym Krykun ist ein ukrainischer Kommandeur. Er sieht ein Einfrieren der Frontlinie voraus. (Archivbild)\" width=\"990\" height=\"557\" class=\"h-full w-full max-w-full rounded-8\" decoding=\"async\"\/><img loading=\"lazy\" src=\"https:\/\/www.t-online.de\/s\/paper\/_next\/static\/media\/zoom-in.f7dae02f.svg\" alt=\"Vergr\u00f6\u00dfern des Bildes\" title=\"Vergr\u00f6\u00dfern des Bildes\" class=\"block h-[calc(var(--height)_\/_16_*_1rem)] w-[calc(var(--width)_\/_16_*_1rem)] max-w-none absolute right-8 bottom-8 rounded-4 bg-snow p-8\" style=\"--width:32;--height:32\" decoding=\"async\"\/>Wadym Krykun ist ein ukrainischer Kommandeur. Er sieht ein Einfrieren der Frontlinie voraus. (Archivbild) (Quelle: militaryland.net)<\/a><\/p>\n<p>Anpassungen an &#8222;st\u00e4ndige \u00dcberraschungen&#8220;<\/p>\n<p class=\"text-18 leading-17 user-text-lg:text-22 user-text-xl:text-24\">Die ukrainische Armee sehe die Hauptaufgabe derzeit darin, ihre Gebiete zu verteidigen und russische Truppen so effektiv wie m\u00f6glich zu bek\u00e4mpfen. Derzeit habe die Ukraine vor allem mit einer \u00dcberlegenheit Russlands bei Raketenangriffen und Bombardierungen zu k\u00e4mpfen. Trotzdem sieht er auch Erfolge der Ukraine. &#8222;Wenn man alle unsere Schl\u00e4ge zusammenz\u00e4hlt, die t\u00e4glich durchgef\u00fchrt werden \u2013 Artillerie, Drohnen, <a href=\"https:\/\/www.t-online.de\/themen\/luftwaffe\/\" class=\"transition-colors cursor-pointer no-underline md:hover:text-magenta md:focus:text-magenta border-b border-solid border-current text-salemsfur md:hover:border-magenta\" data-tracking=\"{&quot;action&quot;:&quot;click&quot;,&quot;category&quot;:&quot;intextLink&quot;,&quot;label&quot;:&quot;\/themen\/luftwaffe\/&quot;}\" data-sctrack=\"BodyAnchor\" rel=\"nofollow noopener\" target=\"_blank\">Luftwaffe<\/a> und andere Waffensysteme \u2013, dann erleiden die Russen enorme Verluste&#8220;. Russland gibt keine Zahlen \u00fcber tote und verwundete Soldaten heraus, Experten gehen aber von Hunderttausenden aus.<\/p>\n<p class=\"text-18 leading-17 user-text-lg:text-22 user-text-xl:text-24\">Er sehe &#8222;st\u00e4ndige \u00dcberraschungen&#8220; im Kriegsverlauf, auch weil es st\u00e4ndig neue technische Entwicklungen gibt. &#8222;Es ist ein st\u00e4ndiger Wettlauf, auf jede neue F\u00e4higkeit folgt unmittelbar eine Gegenma\u00dfnahme&#8220;, berichtet er der &#8222;Welt&#8220;. Die Ukraine sei zwar sehr innovativ, aber es fehle ihr dennoch an Personal und schweren Waffen.<\/p>\n","protected":false},"excerpt":{"rendered":"Rolle Deutschland hervorgehoben Ukrainischer Kommandeur sieht Kriegsende &#8222;bald&#8220; kommen 15.07.2026 &#8211; 02:11 UhrLesedauer: 2 Min. Ukrainische Soldaten in&hellip;\n","protected":false},"author":2,"featured_media":1167226,"comment_status":"","ping_status":"","sticky":false,"template":"","format":"standard","meta":{"footnotes":"","_share_on_mastodon":"0"},"categories":[4012],"tags":[1217,331,332,227,29,6073,49674,13,2414,14,15,307,12,317,312,244593],"class_list":["post-1167225","post","type-post","status-publish","format-standard","has-post-thumbnail","category-ukraine","tag-1217","tag-aktuelle-nachrichten","tag-aktuelle-news","tag-china","tag-deutschland","tag-dnjepropetrowsk","tag-donezbecken","tag-headlines","tag-kriegsende","tag-nachrichten","tag-news","tag-russland","tag-schlagzeilen","tag-ukraine","tag-ukrainekrieg","tag-wadym-krykun"],"share_on_mastodon":{"url":"https:\/\/pubeurope.com\/@de\/116921219469933732","error":""},"_links":{"self":[{"href":"https:\/\/www.europesays.com\/de\/wp-json\/wp\/v2\/posts\/1167225","targetHints":{"allow":["GET"]}}],"collection":[{"href":"https:\/\/www.europesays.com\/de\/wp-json\/wp\/v2\/posts"}],"about":[{"href":"https:\/\/www.europesays.com\/de\/wp-json\/wp\/v2\/types\/post"}],"author":[{"embeddable":true,"href":"https:\/\/www.europesays.com\/de\/wp-json\/wp\/v2\/users\/2"}],"replies":[{"embeddable":true,"href":"https:\/\/www.europesays.com\/de\/wp-json\/wp\/v2\/comments?post=1167225"}],"version-history":[{"count":0,"href":"https:\/\/www.europesays.com\/de\/wp-json\/wp\/v2\/posts\/1167225\/revisions"}],"wp:featuredmedia":[{"embeddable":true,"href":"https:\/\/www.europesays.com\/de\/wp-json\/wp\/v2\/media\/1167226"}],"wp:attachment":[{"href":"https:\/\/www.europesays.com\/de\/wp-json\/wp\/v2\/media?parent=1167225"}],"wp:term":[{"taxonomy":"category","embeddable":true,"href":"https:\/\/www.europesays.com\/de\/wp-json\/wp\/v2\/categories?post=1167225"},{"taxonomy":"post_tag","embeddable":true,"href":"https:\/\/www.europesays.com\/de\/wp-json\/wp\/v2\/tags?post=1167225"}],"curies":[{"name":"wp","href":"https:\/\/api.w.org\/{rel}","templated":true}]}}