{"id":1167270,"date":"2026-07-15T01:08:25","date_gmt":"2026-07-15T01:08:25","guid":{"rendered":"https:\/\/www.europesays.com\/de\/1167270\/"},"modified":"2026-07-15T01:08:25","modified_gmt":"2026-07-15T01:08:25","slug":"schottergaerten-hohenbuschei-stadt-dortmund-prueft-jeden-fall","status":"publish","type":"post","link":"https:\/\/www.europesays.com\/de\/1167270\/","title":{"rendered":"Schotterg\u00e4rten Hohenbuschei: Stadt Dortmund pr\u00fcft jeden Fall"},"content":{"rendered":"<p>\t\tDiskussion um Schotterg\u00e4rten<br \/>\n\t\t\t\t\tWas hunderte Eigent\u00fcmer in Hohenbuschei verunsichert<\/p>\n<p>\t\t<img alt=\"\" src=\"https:\/\/www.europesays.com\/de\/wp-content\/uploads\/2025\/05\/630_0036_48786_.jpg\"  class=\"avatar avatar-36 photo avatar-default\" height=\"36\" width=\"36\" loading=\"eager\" decoding=\"async\"\/>\t\t<a class=\"article-author__name\" href=\"https:\/\/www.ruhrnachrichten.de\/author\/andreas-schroeter\/\" rel=\"author nofollow noopener\" target=\"_blank\">Andreas Schr\u00f6ter<\/a><br \/>\n\t\tRedakteur<\/p>\n<p>    <a href=\"https:\/\/www.ruhrnachrichten.de\/wp-content\/uploads\/2026\/07\/14\/15\/630_0900_6521480_-1648x824.jpg\" rel=\"nofollow noopener\" target=\"_blank\"><\/p>\n<p>            <img loading=\"lazy\" decoding=\"async\" src=\"https:\/\/www.europesays.com\/de\/wp-content\/uploads\/2026\/07\/630_0900_6521471_-640x428.jpg\" width=\"640\" height=\"428\"  alt=\"Links richtig, rechts falsch - diese Grafik der Stadt Dortmund zeigt, worum es in der Auseinandersetzung in Hohenbuschei geht.\"\/><\/p>\n<p>    <\/a><br \/>\n    Links erw\u00fcnscht, rechts problematisch: Diese Grafik der Stadt Dortmund zeigt, worum es beim Streit um Vorg\u00e4rten und versiegelte Fl\u00e4chen in Hohenbuschei geht. \u00a9 Stadt Dortmund<\/p>\n<p class=\"article__teaser-text\">Hunderte Eigent\u00fcmer in Hohenbuschei m\u00fcssen kl\u00e4ren, ob Vorg\u00e4rten, Stellpl\u00e4tze und versiegelte Fl\u00e4chen so bleiben d\u00fcrfen. Die Stadt setzt weiter auf Dialog \u2013 doch 2027 k\u00f6nnten Anh\u00f6rungen folgen.<\/p>\n<p>4 Min Lesezeit<\/p>\n","protected":false},"excerpt":{"rendered":"Diskussion um Schotterg\u00e4rten Was hunderte Eigent\u00fcmer in Hohenbuschei verunsichert Andreas Schr\u00f6ter Redakteur Links erw\u00fcnscht, rechts problematisch: Diese Grafik&hellip;\n","protected":false},"author":2,"featured_media":1167271,"comment_status":"","ping_status":"","sticky":false,"template":"","format":"standard","meta":{"footnotes":"","_share_on_mastodon":"0"},"categories":[1833],"tags":[3364,29,217,30,3566,1209,11737],"class_list":["post-1167270","post","type-post","status-publish","format-standard","has-post-thumbnail","category-dortmund","tag-de","tag-deutschland","tag-dortmund","tag-germany","tag-immobilien-wohnen","tag-nordrhein-westfalen","tag-quartier"],"share_on_mastodon":{"url":"https:\/\/pubeurope.com\/@de\/116921324547713615","error":""},"_links":{"self":[{"href":"https:\/\/www.europesays.com\/de\/wp-json\/wp\/v2\/posts\/1167270","targetHints":{"allow":["GET"]}}],"collection":[{"href":"https:\/\/www.europesays.com\/de\/wp-json\/wp\/v2\/posts"}],"about":[{"href":"https:\/\/www.europesays.com\/de\/wp-json\/wp\/v2\/types\/post"}],"author":[{"embeddable":true,"href":"https:\/\/www.europesays.com\/de\/wp-json\/wp\/v2\/users\/2"}],"replies":[{"embeddable":true,"href":"https:\/\/www.europesays.com\/de\/wp-json\/wp\/v2\/comments?post=1167270"}],"version-history":[{"count":0,"href":"https:\/\/www.europesays.com\/de\/wp-json\/wp\/v2\/posts\/1167270\/revisions"}],"wp:featuredmedia":[{"embeddable":true,"href":"https:\/\/www.europesays.com\/de\/wp-json\/wp\/v2\/media\/1167271"}],"wp:attachment":[{"href":"https:\/\/www.europesays.com\/de\/wp-json\/wp\/v2\/media?parent=1167270"}],"wp:term":[{"taxonomy":"category","embeddable":true,"href":"https:\/\/www.europesays.com\/de\/wp-json\/wp\/v2\/categories?post=1167270"},{"taxonomy":"post_tag","embeddable":true,"href":"https:\/\/www.europesays.com\/de\/wp-json\/wp\/v2\/tags?post=1167270"}],"curies":[{"name":"wp","href":"https:\/\/api.w.org\/{rel}","templated":true}]}}