{"id":1167287,"date":"2026-07-15T01:17:17","date_gmt":"2026-07-15T01:17:17","guid":{"rendered":"https:\/\/www.europesays.com\/de\/1167287\/"},"modified":"2026-07-15T01:17:17","modified_gmt":"2026-07-15T01:17:17","slug":"kelkheim-bei-frankfurt-mann-toetet-ehefrau-mit-schnittwaffe-festnahme","status":"publish","type":"post","link":"https:\/\/www.europesays.com\/de\/1167287\/","title":{"rendered":"Kelkheim bei Frankfurt: Mann t\u00f6tet Ehefrau mit Schnittwaffe \u2013 Festnahme"},"content":{"rendered":"<p>Bluttat in der Innenstadt <\/p>\n<p>Mann greift Ehefrau mit Schnittwaffe an \u2013 sie stirbt am Tatort<\/p>\n<p>15.07.2026 &#8211; 01:52 UhrLesedauer: 1 Min.<\/p>\n<p><a href=\"#focus-0\" class=\"transition-colors block text-current relative\" data-sctrack=\"FocusGalleryImage.Reference\"><img fetchpriority=\"high\" data-testid=\"Opener.Image\"   loading=\"eager\" src=\"https:\/\/www.europesays.com\/de\/wp-content\/uploads\/2026\/07\/mitarbeiter-der-spurensicherung-sind-am-tatort-in-kelkheim-beschaeftigt-auf-offener-strasse-hat-ein-.jpeg\" alt=\"Mitarbeiter der Spurensicherung sind am Tatort in Kelkheim besch\u00e4ftigt: Auf offener Stra\u00dfe hat ein Mann mit einer Schnittwaffe im hessischen Kelkheim seine Ehefrau get\u00f6tet.\" title=\"Mitarbeiter der Spurensicherung sind am Tatort in Kelkheim besch\u00e4ftigt: Auf offener Stra\u00dfe hat ein Mann mit einer Schnittwaffe im hessischen Kelkheim seine Ehefrau get\u00f6tet.\" width=\"800\" height=\"450\" class=\"bg-[url:var(--lqipURL)] bg-cover bg-center flex h-full w-full max-w-full\" style=\"--lqipURL:url('https:\/\/images.t-online.de\/2026\/07\/P8mFXzbQTkto\/0x149:800x450\/fit-in\/150x0\/filters:blur(25)\/mitarbeiter-der-spurensicherung-sind-am-tatort-in-kelkheim-beschaeftigt-auf-offener-strasse-hat-ein-mann-mit-einer-schnittwaffe-im-hessischen-kelkheim-seine-ehefrau-getoetet.jpg')\" decoding=\"async\"\/><img loading=\"lazy\" src=\"https:\/\/frankfurt.t-online.de\/s\/paper\/_next\/static\/media\/zoom-in.f7dae02f.svg\" alt=\"Vergr\u00f6\u00dfern des Bildes\" title=\"Vergr\u00f6\u00dfern des Bildes\" class=\"block h-[calc(var(--height)_\/_16_*_1rem)] w-[calc(var(--width)_\/_16_*_1rem)] max-w-none absolute right-8 bottom-8 rounded-4 bg-snow p-8\" style=\"--width:32;--height:32\" decoding=\"async\"\/><\/a><\/p>\n<p>Mitarbeiter der Spurensicherung sind am Tatort in Kelkheim besch\u00e4ftigt: Auf offener Stra\u00dfe hat ein Mann mit einer Schnittwaffe im hessischen Kelkheim seine Ehefrau get\u00f6tet. (Quelle: Mike Seeboth\/dpa)<\/p>\n<p><img loading=\"lazy\" src=\"https:\/\/frankfurt.t-online.de\/s\/paper\/_next\/static\/media\/audio-volume.6689034c.svg\" alt=\"\" title=\"\" class=\"block h-[calc(var(--height)_\/_16_*_1rem)] w-[calc(var(--width)_\/_16_*_1rem)] max-w-none group-hover:brightness-0 group-hover:invert\" style=\"--width:16;--height:16\" decoding=\"async\"\/>Vorlesen<\/p>\n<p>Aktuelle Zeit:0:00Gesamtdauer:0:00<\/p>\n<p>1x<\/p>\n<p class=\"text-center\">Jetzt neu bei t-online:<\/p>\n<p class=\"text-center\">Schriftgr\u00f6\u00dfe anpassen!<\/p>\n<p><img loading=\"lazy\" src=\"https:\/\/frankfurt.t-online.de\/s\/paper\/_next\/static\/media\/font-sizes.32942e33.svg\" alt=\"\" title=\"\" class=\"block h-[calc(var(--height)_\/_16_*_1rem)] w-[calc(var(--width)_\/_16_*_1rem)] max-w-none group-hover:hidden group-aria-expanded:hidden\" style=\"--width:16;--height:16\" decoding=\"async\"\/><img loading=\"lazy\" src=\"https:\/\/frankfurt.t-online.de\/s\/paper\/_next\/static\/media\/font-sizes-dark-mode.e382645c.svg\" alt=\"\" title=\"\" class=\"block h-[calc(var(--height)_\/_16_*_1rem)] w-[calc(var(--width)_\/_16_*_1rem)] max-w-none hidden group-hover:block group-aria-expanded:block\" style=\"--width:16;--height:16\" decoding=\"async\"\/><img loading=\"lazy\" src=\"https:\/\/frankfurt.t-online.de\/s\/paper\/_next\/static\/media\/sharing-menu-icon.1eb71368.svg\" alt=\"\" title=\"\" class=\"block h-[calc(var(--height)_\/_16_*_1rem)] w-[calc(var(--width)_\/_16_*_1rem)] max-w-none group-hover:brightness-0 group-hover:invert\" style=\"--width:16;--height:16\" decoding=\"async\"\/>Artikel teilen<\/p>\n<p class=\"font-bold text-18 leading-17 user-text-lg:text-22 user-text-xl:text-24\">Bluttat in Kelkheim bei Frankfurt: Ein Mann t\u00f6tet auf offener Stra\u00dfe seine Ehefrau. Doch Zeugen greifen ein \u2013 wie es dazu kam, ist noch unklar.<\/p>\n<p class=\"text-18 leading-17 user-text-lg:text-22 user-text-xl:text-24\">Mitten in der Kelkheimer Innenstadt hat ein Mann am Dienstagabend seine Ehefrau mit einer Schnittwaffe get\u00f6tet. Das Motiv des Angreifers ist bislang unklar.<\/p>\n<p class=\"text-18 leading-17 user-text-lg:text-22 user-text-xl:text-24\">Nach Angaben des Polizeipr\u00e4sidiums Westhessen und der Staatsanwaltschaft Frankfurt griff der Mann seine Frau kurz nach 21 Uhr auf der Frankfurter Stra\u00dfe an und f\u00fcgte ihr mit der Schnittwaffe eine t\u00f6dliche Verletzung zu. Die Frau erlag noch vor Ort ihren Verletzungen. Zeugen \u00fcberw\u00e4ltigten den Angreifer und hielten ihn bis zum Eintreffen der verst\u00e4ndigten Polizeikr\u00e4fte fest, die Beamten nahmen den Mann anschlie\u00dfend fest. Bei seiner Festnahme wurde der Tatverd\u00e4chtige verletzt.<\/p>\n<p>Seelsorger am Tatort im Einsatz<\/p>\n<p class=\"text-18 leading-17 user-text-lg:text-22 user-text-xl:text-24\">Sein Motiv und die Hintergr\u00fcnde der Tat sind nach Angaben der Ermittler noch unklar und Gegenstand der weiteren Ermittlungen. Aktuell laufen umfangreiche Ermittlungs- und Spurensicherungsma\u00dfnahmen.<\/p>\n<p><a href=\"#focus-1\" class=\"transition-colors block text-current relative\" data-sctrack=\"FocusGalleryImage.Reference\"><img   loading=\"lazy\" src=\"https:\/\/www.europesays.com\/de\/wp-content\/uploads\/2026\/07\/mehrere-polizeifahrzeuge-stehen-auf-dem-marktplatz.jpg\" alt=\"Mehrere Polizeifahrzeuge stehen auf dem Marktplatz.\" title=\"Mehrere Polizeifahrzeuge stehen auf dem Marktplatz.\" width=\"800\" height=\"450\" class=\"h-full w-full max-w-full rounded-8\" decoding=\"async\"\/><img loading=\"lazy\" src=\"https:\/\/frankfurt.t-online.de\/s\/paper\/_next\/static\/media\/zoom-in.f7dae02f.svg\" alt=\"Vergr\u00f6\u00dfern des Bildes\" title=\"Vergr\u00f6\u00dfern des Bildes\" class=\"block h-[calc(var(--height)_\/_16_*_1rem)] w-[calc(var(--width)_\/_16_*_1rem)] max-w-none absolute right-8 bottom-8 rounded-4 bg-snow p-8\" style=\"--width:32;--height:32\" decoding=\"async\"\/>Mehrere Polizeifahrzeuge stehen auf dem Marktplatz. (Quelle: Mike Seeboth\/dpa)<\/a><\/p>\n<p class=\"text-18 leading-17 user-text-lg:text-22 user-text-xl:text-24\">Der Tatort liegt in der N\u00e4he des Marktplatzes in Kelkheim. Weil sich die Tat auf offener Stra\u00dfe ereignete, gibt es nach Angaben der Polizei viele Zeugen. &#8222;Dort gibt es verschiedene Lokalit\u00e4ten. Entsprechend hatten wir dann auch den Publikumsverkehr&#8220;, erkl\u00e4rte ein Polizeisprecher in der Nacht.<\/p>\n<p>Kelkheim: Kleinstadt mit 28.000 Einwohnern im Main-Taunus-Kreis<\/p>\n<p class=\"text-18 leading-17 user-text-lg:text-22 user-text-xl:text-24\">Seelsorger waren vor Ort im Einsatz. &#8222;Das ist psychisch eine entsprechende Belastung, wenn man so etwas miterleben musste&#8220;, sagte der Sprecher. F\u00fcr die Allgemeinheit besteht nach Angaben der Ermittler keine Gefahr.<\/p>\n<p class=\"text-18 leading-17 user-text-lg:text-22 user-text-xl:text-24\">Die rund 28.000 Einwohner z\u00e4hlende Stadt Kelkheim im Main-Taunus-Kreis liegt etwa zehn Kilometer nordwestlich des Frankfurter Stadtteils Unterliederbach.<\/p>\n","protected":false},"excerpt":{"rendered":"Bluttat in der Innenstadt Mann greift Ehefrau mit Schnittwaffe an \u2013 sie stirbt am Tatort 15.07.2026 &#8211; 01:52&hellip;\n","protected":false},"author":2,"featured_media":1167288,"comment_status":"","ping_status":"","sticky":false,"template":"","format":"standard","meta":{"footnotes":"","_share_on_mastodon":"0"},"categories":[1829],"tags":[722,3176,7833,29,2050,2051,30159,30,2052,2065,13022,121,244605,1997,218],"class_list":["post-1167287","post","type-post","status-publish","format-standard","has-post-thumbnail","category-frankfurt-am-main","tag-722","tag-3176","tag-bluttat","tag-deutschland","tag-frankfurt","tag-frankfurt-am-main","tag-frankfurter-strasse","tag-germany","tag-hessen","tag-innenstadt","tag-kelkheim","tag-polizei","tag-schnittwaffe","tag-staatsanwaltschaft","tag-tatort"],"share_on_mastodon":{"url":"https:\/\/pubeurope.com\/@de\/116921359386229635","error":""},"_links":{"self":[{"href":"https:\/\/www.europesays.com\/de\/wp-json\/wp\/v2\/posts\/1167287","targetHints":{"allow":["GET"]}}],"collection":[{"href":"https:\/\/www.europesays.com\/de\/wp-json\/wp\/v2\/posts"}],"about":[{"href":"https:\/\/www.europesays.com\/de\/wp-json\/wp\/v2\/types\/post"}],"author":[{"embeddable":true,"href":"https:\/\/www.europesays.com\/de\/wp-json\/wp\/v2\/users\/2"}],"replies":[{"embeddable":true,"href":"https:\/\/www.europesays.com\/de\/wp-json\/wp\/v2\/comments?post=1167287"}],"version-history":[{"count":0,"href":"https:\/\/www.europesays.com\/de\/wp-json\/wp\/v2\/posts\/1167287\/revisions"}],"wp:featuredmedia":[{"embeddable":true,"href":"https:\/\/www.europesays.com\/de\/wp-json\/wp\/v2\/media\/1167288"}],"wp:attachment":[{"href":"https:\/\/www.europesays.com\/de\/wp-json\/wp\/v2\/media?parent=1167287"}],"wp:term":[{"taxonomy":"category","embeddable":true,"href":"https:\/\/www.europesays.com\/de\/wp-json\/wp\/v2\/categories?post=1167287"},{"taxonomy":"post_tag","embeddable":true,"href":"https:\/\/www.europesays.com\/de\/wp-json\/wp\/v2\/tags?post=1167287"}],"curies":[{"name":"wp","href":"https:\/\/api.w.org\/{rel}","templated":true}]}}