{"id":1167303,"date":"2026-07-15T01:26:13","date_gmt":"2026-07-15T01:26:13","guid":{"rendered":"https:\/\/www.europesays.com\/de\/1167303\/"},"modified":"2026-07-15T01:26:13","modified_gmt":"2026-07-15T01:26:13","slug":"superhitze-in-berlin-klassenraeume-sind-zu-heiss-erste-schulen-gewaehren-hitzefrei","status":"publish","type":"post","link":"https:\/\/www.europesays.com\/de\/1167303\/","title":{"rendered":"Superhitze in Berlin: Klassenr\u00e4ume sind zu hei\u00df \u2013 erste Schulen gew\u00e4hren Hitzefrei"},"content":{"rendered":"<p class=\"tspBNl1\">Dieser Newsblog hat ab sofort hitzefrei. Verfolgen Sie das Geschehen <strong>in unserem <a href=\"https:\/\/www.tagesspiegel.de\/berlin\/hitzewelle-in-berlin-krach-will-miniparks-am-gendarmenmarkt-und-am-alex-15762498.html?icid=in-text-link_15747096\" class=\"link link--internal\" data-gtm-class=\"article-text-link\" data-gtm-val=\"internal\" rel=\"nofollow noopener\" target=\"_blank\">aktuellen Blog zur Hitzewelle in Berlin<\/a><\/strong>.<\/p>\n<p class=\"tspBNl1\">Die Temperaturen klettern und klettern: Bis zu 41 Grad k\u00f6nnten es am Wochenende in der Hauptstadtregion werden. Die Auswirkungen sind jetzt schon zu sp\u00fcren: Die ersten Schulen geben ihren Sch\u00fclerinnen und Sch\u00fclern hitzefrei, zahlreiche Veranstaltungen wurden abgesagt.<\/p>\n<p class=\"tspBNl1\">Die Bezirke Friedrichshain-Kreuzberg und Pankow untersagen ab Samstag das Grillen in den Parks. Und auch der Bundestag stellt sich auf die Rekordtemperaturen ein: Kuppel und Dachterrasse bleiben am Wochenende f\u00fcr Besucher geschlossen.<\/p>\n<p class=\"tspBNl1\">Wie gehen die Berlinerinnen und Berliner mit der br\u00fctenden Hitze um? Welche Tipps haben sie, um sich Abk\u00fchlung zu verschaffen? Welche Auswirkungen sind am Wochenende zu erwarten? Alles zur Hitzewelle in Berlin \u2013 hier im Live-Blog.<\/p>\n<p> Die wichtigsten Entwicklungen im \u00dcberblick: <\/p>\n<ul data-qa-hook=\"story-list-ul\" class=\"tspB6n1\">\n<li class=\"tspB6gn tspB6gn\">Der Berliner Fu\u00dfballverband sagt die meisten Spiele am Wochenende ab. Auch viele andere Veranstaltungen fallen aus.<\/li>\n<li class=\"tspB6gn tspB6gn\">Kirchen \u00f6ffnen zur Abk\u00fchlung, die Caritas sucht noch Freiwillige f\u00fcr die Obdachlosenhilfe.<\/li>\n<li class=\"tspB6gn tspB6gn\">Das Fusion-Festival und das Saisonabschlusskonzert der Berliner Philharmoniker finden trotz Hitze statt.<\/li>\n<\/ul>\n<p>Superhitze in Berlin:<a href=\"https:\/\/www.tagesspiegel.de\/berlin\/giessen-aber-bitte-richtig-so-helfen-sie-berlins-strassenbaumen-wirklich-15751406.html?icid=topic-list_15747096___\" data-gtm-class=\"article-mzt-link\" data-hydrate-fingerprint=\"09740a54944caac75fd2c0c63fd5c5df\" data-hydrate-props=\"{&amp;escapedquot;element&amp;escapedquot;:{&amp;escapedquot;type&amp;escapedquot;:&amp;escapedquot;relatedContent&amp;escapedquot;,&amp;escapedquot;fieldMap&amp;escapedquot;:{},&amp;escapedquot;relation&amp;escapedquot;:{&amp;escapedquot;fields&amp;escapedquot;:{&amp;escapedquot;isPaid&amp;escapedquot;:null},&amp;escapedquot;href&amp;escapedquot;:&amp;escapedquot;\/berlin\/giessen-aber-bitte-richtig-so-helfen-sie-berlins-strassenbaumen-wirklich-15751406.html&amp;escapedquot;,&amp;escapedquot;teaserTitle&amp;escapedquot;:{&amp;escapedquot;kicker&amp;escapedquot;:&amp;escapedquot;Gie\u00dfen, aber bitte richtig!&amp;escapedquot;,&amp;escapedquot;headline&amp;escapedquot;:&amp;escapedquot;So helfen Sie Berlins Stra\u00dfenb\u00e4umen wirklich&amp;escapedquot;},&amp;escapedquot;id&amp;escapedquot;:&amp;escapedquot;15751406&amp;escapedquot;,&amp;escapedquot;type&amp;escapedquot;:&amp;escapedquot;story&amp;escapedquot;},&amp;escapedquot;isPartOfList&amp;escapedquot;:true,&amp;escapedquot;topicListType&amp;escapedquot;:&amp;escapedquot;topic-list&amp;escapedquot;},&amp;escapedquot;showArrow&amp;escapedquot;:true}\" data-hydrate-slots=\"{&#039;default&#039;:[]}\" class=\"tspCNo8 tspCMo6\" rel=\"nofollow noopener\" target=\"_blank\">Gie\u00dfen, aber bitte richtig! So helfen Sie Berlins Stra\u00dfenb\u00e4umen wirklich <\/a><a href=\"https:\/\/www.tagesspiegel.de\/berlin\/wo-berlin-durchatmet-hier-bleibts-angenehm-wenn-die-stadt-schwitzt-15732822.html?icid=topic-list_15747096___\" data-gtm-class=\"article-mzt-link\" data-hydrate-fingerprint=\"09740a54944caac75fd2c0c63fd5c5df\" data-hydrate-props=\"{&amp;escapedquot;element&amp;escapedquot;:{&amp;escapedquot;type&amp;escapedquot;:&amp;escapedquot;relatedContent&amp;escapedquot;,&amp;escapedquot;fieldMap&amp;escapedquot;:{},&amp;escapedquot;relation&amp;escapedquot;:{&amp;escapedquot;fields&amp;escapedquot;:{&amp;escapedquot;isPaid&amp;escapedquot;:true},&amp;escapedquot;href&amp;escapedquot;:&amp;escapedquot;\/berlin\/wo-berlin-durchatmet-hier-bleibts-angenehm-wenn-die-stadt-schwitzt-15732822.html&amp;escapedquot;,&amp;escapedquot;teaserTitle&amp;escapedquot;:{&amp;escapedquot;kicker&amp;escapedquot;:&amp;escapedquot;Wo es pl\u00f6tzlich sp\u00fcrbar k\u00fchler wird&amp;escapedquot;,&amp;escapedquot;headline&amp;escapedquot;:&amp;escapedquot;Sechs Frischeinseln f\u00fcr hei\u00dfe Tage in Berlin&amp;escapedquot;},&amp;escapedquot;id&amp;escapedquot;:&amp;escapedquot;15732822&amp;escapedquot;,&amp;escapedquot;type&amp;escapedquot;:&amp;escapedquot;story&amp;escapedquot;},&amp;escapedquot;isPartOfList&amp;escapedquot;:true,&amp;escapedquot;topicListType&amp;escapedquot;:&amp;escapedquot;topic-list&amp;escapedquot;},&amp;escapedquot;showArrow&amp;escapedquot;:true}\" data-hydrate-slots=\"{&#039;default&#039;:[]}\" class=\"tspCNo8 tspCMo6\" rel=\"nofollow noopener\" target=\"_blank\">Wo es pl\u00f6tzlich sp\u00fcrbar k\u00fchler wird Sechs Frischeinseln f\u00fcr hei\u00dfe Tage in Berlin <\/a><a href=\"https:\/\/www.tagesspiegel.de\/berlin\/bezirke\/spandau\/obdachlose-in-der-berliner-hitze-helfen-mit-sonnencreme-und-wasser-im-gepack-15732437.html?icid=topic-list_15747096___\" data-gtm-class=\"article-mzt-link\" data-hydrate-fingerprint=\"09740a54944caac75fd2c0c63fd5c5df\" data-hydrate-props=\"{&amp;escapedquot;element&amp;escapedquot;:{&amp;escapedquot;type&amp;escapedquot;:&amp;escapedquot;relatedContent&amp;escapedquot;,&amp;escapedquot;fieldMap&amp;escapedquot;:{},&amp;escapedquot;relation&amp;escapedquot;:{&amp;escapedquot;fields&amp;escapedquot;:{&amp;escapedquot;isPaid&amp;escapedquot;:true},&amp;escapedquot;href&amp;escapedquot;:&amp;escapedquot;\/berlin\/bezirke\/spandau\/obdachlose-in-der-berliner-hitze-helfen-mit-sonnencreme-und-wasser-im-gepack-15732437.html&amp;escapedquot;,&amp;escapedquot;teaserTitle&amp;escapedquot;:{&amp;escapedquot;headline&amp;escapedquot;:&amp;escapedquot;Sonnencreme und Wasser sind immer im Gep\u00e4ck&amp;escapedquot;,&amp;escapedquot;kicker&amp;escapedquot;:&amp;escapedquot;Obdachlosen in der Berliner Hitze helfen&amp;escapedquot;},&amp;escapedquot;id&amp;escapedquot;:&amp;escapedquot;15732437&amp;escapedquot;,&amp;escapedquot;type&amp;escapedquot;:&amp;escapedquot;story&amp;escapedquot;},&amp;escapedquot;isPartOfList&amp;escapedquot;:true,&amp;escapedquot;topicListType&amp;escapedquot;:&amp;escapedquot;topic-list&amp;escapedquot;},&amp;escapedquot;showArrow&amp;escapedquot;:true}\" data-hydrate-slots=\"{&#039;default&#039;:[]}\" class=\"tspCNo8 tspCMo6\" rel=\"nofollow noopener\" target=\"_blank\">Obdachlosen in der Berliner Hitze helfen Sonnencreme und Wasser sind immer im Gep\u00e4ck <\/a> 11.10 Uhr: Weitere Schulen steigen auf Kurzunterricht um <\/p>\n<p class=\"tspBNl1\">Aufgrund der extremen Hitze und zu hei\u00dfer Klassenr\u00e4ume teilen immer mehr Schulen in Berlin \u00c4nderungen in ihrem Schulablauf mit. Viele Sch\u00fclerinnen und Sch\u00fcler bekommen heute Nachmittag hitzefrei, einige Schulen beenden ihren Unterricht kurz nach 12 Uhr.<\/p>\n<p class=\"tspBNl1\">Verk\u00fcrzten Unterricht haben beispielsweise diese Schulen:<\/p>\n<ul data-qa-hook=\"story-list-ul\" class=\"tspB6n1\">\n<li class=\"tspB6gn tspB6gn\">Grundschule an der Victoriastadt, Lichtenberg<\/li>\n<li class=\"tspB6gn tspB6gn\">Schule im Ostseekarree, Green Campus Malchow, Neu-Hohensch\u00f6nhausen<\/li>\n<li class=\"tspB6gn tspB6gn\">Moabiter Grundschule, Mitte<\/li>\n<li class=\"tspB6gn tspB6gn\">Bertha von Suttner, Reinickendorf (Mittagessen findet statt)<\/li>\n<li class=\"tspB6gn tspB6gn\">Schadow-Gymnasium, Zehlendorf<\/li>\n<li class=\"tspB6gn tspB6gn\">Reinhardswald-Grundschule, Kreuzberg<\/li>\n<li class=\"tspB6gn tspB6gn\">Otto-Nagel-Gymnasium, Marzahn<\/li>\n<li class=\"tspB6gn tspB6gn\">Grundschule am Senefelder Platz, Pankow (Hort ist ganz normal ge\u00f6ffnet)<\/li>\n<li class=\"tspB6gn tspB6gn\">Rosa-Luxemburg-Gymnasium, Pankow<\/li>\n<li class=\"tspB6gn tspB6gn\">Maria-Montessori-Schule, Tempelhof<\/li>\n<li class=\"tspB6gn tspB6gn\">Gymnasium 9Y12, Treptow<\/li>\n<li class=\"tspB6gn tspB6gn\">Franz-Carl-Achard-Grundschule, Kaulsdorf<\/li>\n<li class=\"tspB6gn tspB6gn\">Am Herder-Gymnasium, Charlottenburg-Wilmersdorf<\/li>\n<\/ul>\n<p class=\"tspBNl1\">Die Eichendorff-Grundschule in Charlottenburg hat die Schulpflicht f\u00fcr heute komplett aufgehoben. Eine Betreuung der Kinder ist aber m\u00f6glich.<\/p>\n<p> 10.50 Uhr: ZLB sagt Veranstaltungen ab \u2013 Schlie\u00dfungen m\u00f6glich <\/p>\n<p class=\"tspBNl1\">Die Zentral- und Landesbibliothek Berlin (ZLB) sagt aufgrund der Hitze am Wochenende alle Veranstaltungen in der Amerika-Gedenkbibliothek ab. \u201eAktionen gegen Einsamkeit, Digital-Beratungen, Kreativworkshops f\u00fcr Familien und Spiel- und Leseangebote f\u00fcr Kinder fallen aus\u201c, teilte die ZLB am Freitag mit.<\/p>\n<p class=\"tspBNl1\">Bei weiterem Temperaturanstieg m\u00fcssten Bibliotheksr\u00e4ume geschlossen werden. Bereits morgens seien in der Kinder- und Jugendbibliothek Temperaturen von \u00fcber 30 Grad gemessen worden. Die Geb\u00e4ude seien baulich veraltet und seien nicht f\u00fcr extreme Wetterlagen ausgelegt.<\/p>\n<p class=\"tspBNl1\">\u201eBibliotheken sollten stets sichere und gut zug\u00e4ngliche \u00f6ffentliche Aufenthaltsorte f\u00fcr alle sein \u2013 und zwar zu allen Jahreszeiten. Dass wir genau das gerade mal wieder nicht anbieten k\u00f6nnen, zeigt, wie dringend Berlin ein Bibliotheksgeb\u00e4ude braucht, das auf der H\u00f6he der Zeit ist. Die Berliner*innen verdienen eine Bibliothek, die immer funktioniert\u201c, sagte Jonas Fansa, Direktor der ZLB.<\/p>\n<p> 10.10 Uhr: Wegner warnt vor Hitze <\/p>\n<p class=\"tspBNl1\">Es ist hei\u00df in der Hauptstadt\u00a0\u2013 und es wird noch hei\u00dfer. Berlins Regierender B\u00fcrgermeister, Kai Wegner, warnt deshalb vor den damit verbundenen Gefahren. \u201ePassen Sie auf sich auf und auch auf Ihre Mitmenschen!\u201c, bat der CDU-Politiker auf der Onlineplattform X.<\/p>\n<p class=\"tspBNl1\">Die aktuelle Hitzewelle k\u00f6nne insbesondere f\u00fcr \u00e4ltere Menschen, kleine Kinder, Schwangere, Menschen mit Vorerkrankungen sowie Obdachlose und \u201ealle, die drau\u00dfen arbeiten\u201c, gef\u00e4hrlich sein. \u201eDeshalb meine Bitte an alle Berlinerinnen und Berliner: Passen Sie auf sich auf. Trinken Sie ausreichend, vermeiden Sie die Mittagshitze und suchen Sie Schatten oder k\u00fchle R\u00e4ume auf. Und achten Sie bitte auch auf die Menschen in Ihrer Umgebung.\u201c<\/p>\n<p class=\"tspBNl1\">Wegner wies darauf hin, dass es an mehr als 240 Trinkbrunnen kostenloses Wasser gebe. Die \u201eK\u00fchle-Orte-Karte\u201c zeige Orte auf, wo sich die Menschen in der Stadt abk\u00fchlen k\u00f6nnten.<\/p>\n<p> 9.15 Uhr: Erste Schulen in Berlin melden hitzefrei <\/p>\n<p class=\"tspBNl1\">Aufgrund der hohen Temperaturen haben die ersten Schulen in Berlin die Eltern und Erziehungsberechtigten \u00fcber verk\u00fcrzten oder teilweise komplett gestrichenen Unterricht informiert.<\/p>\n<p class=\"tspBNl1\">Am Ossietzky-Gymnasium in Pankow gilt heute ein Kurzstundenplan bis maximal 12 Uhr. Auch die Eichendorff-Grundschule in Charlottenburg verk\u00fcndete am Donnerstagabend, dass die Schule heute geschlossen bleibt und die Schulpflicht somit f\u00fcr den Freitag aufgehoben wird. Eine Betreuung der Kinder k\u00f6nne jedoch gew\u00e4hrleistet werden, auch Mittagessen soll es f\u00fcr die Kinder geben.<\/p>\n<p class=\"tspBNl1\">Ob und wann es Hitzefrei f\u00fcr Sch\u00fclerinnen und Sch\u00fcler gibt, entscheiden in Berlin und Brandenburg die Schulleitungen. Entscheidend sind die Unterrichtsbedingungen an den einzelnen Schulen, etwa wie hei\u00df es in den Klassenr\u00e4umen ist.<\/p>\n<p> 9.02 Uhr: Hitze hinter Gittern <\/p>\n<p class=\"tspBNl1\">Nicht jeder hat die M\u00f6glichkeit, sich frei zu bewegen und an den See zu fahren, um sich eine kleine Abk\u00fchlung zu g\u00f6nnen. Mehrere Tausend Menschen sind derzeit in Berliner Gef\u00e4ngnissen inhaftiert. Um die Hitzebelastung f\u00fcr die Insassen zu reduzieren, gibt es mehrere organisatorische und technische Ma\u00dfnahmen.<\/p>\n<p><a href=\"https:\/\/www.tagesspiegel.de\/berlin\/hitze-im-gefangnis-insassen-durfen-ofter-duschen-und-erhalten-teils-sonnenschutzkleidung-15760690.html?icid=single-topic_15747096___\" data-gtm-class=\"article-mzt-link\" class=\"tspCNo8\" rel=\"nofollow noopener\" target=\"_blank\">Hitze im Gef\u00e4ngnis Insassen d\u00fcrfen \u00f6fter duschen und erhalten teils Sonnenschutzkleidung <\/a><\/p>\n<p class=\"tspBNl1\">Laut der Senatsverwaltung f\u00fcr Justiz wurden etwa die Freistunden in die k\u00fchleren Morgen- und Abendstunden verlegt. Auch wird den Inhaftierten gestattet, mehrfach am Tag duschen zu gehen.<\/p>\n<p> 8.46 Uhr: Abk\u00fchlung schon am fr\u00fchen Morgen im Sommerbad Mariendorf <\/p>\n<p class=\"tspBNl1\">In den fr\u00fchen Morgenstunden sind bereits rund 50 G\u00e4ste im Schwimmbad, um die Zeit vor der gro\u00dfen Hitze und dem gro\u00dfen Ansturm zu nutzen. Um kurz nach 7 Uhr ist die Wassertemperatur mit 26 Grad laut Anzeige sogar w\u00e4rmer als die Luft.<\/p>\n<p><img decoding=\"async\" src=\"https:\/\/www.europesays.com\/de\/wp-content\/uploads\/2026\/06\/75d0fa5f-c5fd-4de3-920f-e1e367ddd975.jpeg\"   alt=\"Sommerbad Mariendorf\" aria-labelledby=\"caption-15760924\" width=\"440\" height=\"330\" loading=\"lazy\" class=\"tspAYi1\"\/> Im Sommerbad Mariendorf sind schon am fr\u00fchen Freitagmorgen Dutzende im Wasser. <\/p>\n<p class=\"tspYfx\"> \u00a9 Pia Schulz <\/p>\n<p class=\"tspBNl1\">Andere Menschen haben das Gl\u00fcck, dass sie sich ihr Schwimmbecken gar nicht erst mit anderen Leuten teilen m\u00fcssen. Der Grund: ein eigener Pool. In der deutschen Hauptstadt ist so ein erfrischendes Schwimmbecken im Garten gar nicht so selten. Rund 23.000 haben wir gefunden: auf Luftbildern und mithilfe k\u00fcnstlicher Intelligenz \u2013 eine experimentelle Analyse, die erste ihrer Art in Deutschland.\u00a0<\/p>\n<p><a href=\"https:\/\/interaktiv.tagesspiegel.de\/lab\/wo-berlins-private-pools-stehen-und-was-das-uber-die-stadt-verraet-luftbilder-hitze-wasser-ungleichheit-datenanalyse\/?icid=single-topic_15747096___\" data-gtm-class=\"article-mzt-link\" class=\"tspCNo8\" rel=\"nofollow noopener\" target=\"_blank\">K\u00fchles Nass, aber f\u00fcr wen? Wo sich Berlins private Pools befinden und was das \u00fcber die Stadt verr\u00e4t <\/a><\/p>\n<p class=\"tspBNl1\">Schauen Sie doch mal, wer in Ihrer Nachbarschaft einen hat. Vielleicht d\u00fcrfen Sie kurz mal reinh\u00fcpfen und sich abk\u00fchlen, wer wei\u00df.<\/p>\n<p> 8.17 Uhr: Berliner Philharmoniker lockern Kleiderordnung <\/p>\n<p class=\"tspBNl1\">Angesichts der erwarteten Hitze wird die Kleiderordnung bei den Berliner Philharmonikern gelockert. Das <a href=\"https:\/\/www.tagesspiegel.de\/berlin\/trotz-rekordtemperaturen-fusion-festival-und-konzert-der-berliner-philharmoniker-finden-statt--das-sind-die-hitzeplane-15755593.html?icid=in-text-link_15747096\" class=\"link link--internal\" data-gtm-class=\"article-text-link\" data-gtm-val=\"internal\" rel=\"nofollow noopener\" target=\"_blank\">Spitzenorchester spielt am Samstagabend sein ber\u00fchmtes Saisonabschlusskonzert in der Waldb\u00fchne<\/a>\u00a0vor rund 22.000 Menschen \u2013 in der Hauptstadt werden bis zu 41 Grad erwartet. Die B\u00fchne liege abends gl\u00fccklicherweise im Schatten, sagte eine Sprecherin des Orchesters.<\/p>\n<p class=\"tspBNl1\">\u201eDie Herren treten ohne Jackett auf, daf\u00fcr mit einem schwarzen Hemd als Oberteil\u201c, sagte die Sprecherin. Die \u00c4rmel d\u00fcrften auch hochgekrempelt werden. Das Oberteil der Damen m\u00fcsse nur bis zum Ellenbogen reichen und nicht lang\u00e4rmelig sein. Backstage gebe es Getr\u00e4nke und K\u00fchlpacks.<\/p>\n<p><a href=\"https:\/\/www.tagesspiegel.de\/berlin\/trotz-rekordtemperaturen-fusion-festival-und-konzert-der-berliner-philharmoniker-finden-statt--das-sind-die-hitzeplane-15755593.html?icid=single-topic_15747096___\" data-gtm-class=\"article-mzt-link\" class=\"tspCNo8\" rel=\"nofollow noopener\" target=\"_blank\">Trotz Rekordtemperaturen Fusion-Festival und Konzert der Berliner Philharmoniker finden statt \u2013 das sind die Hitzepl\u00e4ne <\/a><\/p>\n<p class=\"tspBNl1\">\u201eWir sind es gewohnt, drau\u00dfen zu spielen\u201c, sagte die Sprecherin. Die Philharmoniker nutzen bei Konzerten im Freien in der Regel nicht ihre besten Instrumente, sondern h\u00e4tten auch sehr gute Zweitinstrumente. Mit hohen Temperaturen h\u00e4tten sie au\u00dferdem Erfahrung.<\/p>\n<p class=\"tspBNl1\">Besucherinnen und Besucher d\u00fcrfen einen Liter alkoholfreies Getr\u00e4nk in Kunststoffflaschen oder -packs mitnehmen. Auch Taschenschirme als Sonnenschutz sind erlaubt, aber keine Stockschirme. Die Sprecherin der Philharmoniker r\u00e4t au\u00dferdem noch zu Sonnenhut und M\u00fcckenspray. Das Konzert wird auch im Fernsehen und Radio \u00fcbertragen.<\/p>\n<p> 7.23 Uhr: Tropische N\u00e4chte erwartet <\/p>\n<p class=\"tspBNl1\">Auch die kommenden N\u00e4chte bieten wenig Abk\u00fchlung. In der Nacht zu Freitag sollten die Temperaturen im S\u00fcden Brandenburgs noch mal auf 15 bis 18 Grad fallen, im Norden sogar auf 11 bis 14 Grad. In der Nacht zu Samstag werden dann schon 17 bis 22 Grad erwartet, vielerorts wird es also eine tropische Nacht.<\/p>\n<p class=\"tspBNl1\">Die Nacht auf Sonntag werde mit 20 bis 24 Grad \u201edeutlich unangenehmer\u201c, sagte Rubach. Die Tiefstwerte w\u00fcrden auch nur kurz zum Sonnenaufgang erwartet. Gegen Mitternacht sei es verbreitet noch 24 bis 29 Grad warm.<\/p>\n<p class=\"tspBNl1\">Hitzewarnungen des Deutschen Wetterdienstes werden auf Hitzewarnungen.de ver\u00f6ffentlicht. Der DWD empfiehlt unter anderem, die direkte Sonne zu meiden und die hei\u00dfen Nachmittagsstunden in geschlossenen R\u00e4umen zu verbringen.<\/p>\n<p> 7.20 Uhr: DWD warnt vor m\u00f6glichem Hitzegewitter <img decoding=\"async\" src=\"https:\/\/www.europesays.com\/de\/wp-content\/uploads\/2026\/07\/ein-blitz-leuchtet-uber-einer-landschaft-auf.jpeg\"   alt=\"ARCHIV - Gewitter k\u00f6nnen schnell aufziehen: Sommerliche W\u00e4rmegewitter entstehen oft innerhalb weniger Minuten und erfordern schnelles Handeln. (zu dpa: \u00abDrau\u00dfen bei Gewitter: Wie kann ich mich sch\u00fctzen?\u00bb) Foto: Patrick Pleul\/dpa - Honorarfrei nur f\u00fcr Bezieher des dpa-Themendienstes +++ dpa-Themendienst +++\" aria-labelledby=\"caption-15760700\" width=\"440\" height=\"330\" loading=\"lazy\" class=\"tspAYi1\"\/> Gewitter k\u00f6nnen schnell aufziehen: Sommerliche W\u00e4rmegewitter entstehen oft innerhalb weniger Minuten. <\/p>\n<p class=\"tspYfx\"> \u00a9 dpa\/Patrick Pleul <\/p>\n<p class=\"tspBNl1\">Der Deutsche Wetterdienst spricht von einer starken bis extremen Wetterbelastung f\u00fcr Berlin und Brandenburg. Das Wochenende werde noch mal deutlich hei\u00dfer als der Freitag. W\u00e4hrend heute (Freitag) Temperaturen von 33 bis 36 Grad erwartet werden, erreichen die Temperaturen am Samstag 40 bis 41 Grad. Punktuell kann es Hitzegewitter mit Hagel, Starkregen und Sturmb\u00f6en geben. \u201eDie bleiben meist an Ort und Stelle\u201c, sagte DWD-Meteorologe Stefan Rubach.<\/p>\n<p class=\"tspBNl1\">Am Sonntag wird es \u00e4hnlich hei\u00df wie am Samstag. Im Westen Brandenburgs erwartet der DWD bis zu 38 Grad, in Berlin und der Lausitz bis zu 40 oder 41 Grad. \u201eWir kommen auf jeden Fall in die N\u00e4he von Rekorden\u201c, sagte Rubach. Am Nachmittag und Abend nehme die Gefahr von Hitzegewittern dann wieder zu.<\/p>\n<p> Donnerstag  21.25 Uhr: Hitzebedingte Sch\u00e4den auf Autobahnen in Berlin und Brandenburg <\/p>\n<p class=\"tspBNl1\">Wegen hitzebedingter Fahrbahnsch\u00e4den ist die A2 zwischen Ziesar (Potsdam-Mittelmark) und Wollin in Fahrtrichtung Potsdam gesperrt. Das teilte die Polizei Brandenburg auf X mit. \u201eBitte umfahren Sie den Bereich!\u201c, hie\u00df es. Ebenfalls wegen Hitzesch\u00e4den sei zudem auf der A10 die linke Fahrspur zwischen Berlin-Marzahn und Hellersdorf in Fahrtrichtung Frankfurt (Oder) gesperrt.<\/p>\n<p class=\"tspBNl1\">F\u00fcr Hitzesch\u00e4den besonders anf\u00e4llig seien \u00e4ltere Betonfahrbahnen, die bereits Vorsch\u00e4den aufwiesen oder an denen es schon h\u00e4ufiger Reparaturen gegeben habe, erkl\u00e4rte eine Sprecherin der Autobahn GmbH mit Blick auf mehrere solcher Sch\u00e4den bundesweit. Auf \u00e4lteren Betonfahrbahnen k\u00f6nnten sich bei gro\u00dfer Hitze sogenannte Blow-ups bilden. Dabei w\u00f6lbt sich die Fahrbahn auf und kann aufbrechen. Neu gebaute Fahrbahnen h\u00e4tten dieses Problem nicht. (dpa)<\/p>\n<p class=\"tspBNl1\">Asphaltfahrbahnen k\u00f6nnen sich dagegen verformen und Spurrinnen bilden. Nach Angaben der Autobahn GmbH ist dieses Risiko auf deutschen Autobahnen jedoch vergleichsweise gering, weil dort besonders widerstandsf\u00e4higer Asphalt verwendet wird.<\/p>\n<p> 21.00 Uhr: Fu\u00dfball-Fans warten im BRLO-Biergarten <\/p>\n<p class=\"tspBNl1\">Anpfiff zum letzten Spiel der deutschen Nationalmannschaft in der diesj\u00e4hrigen WM-Vorrunde ist um 22 Uhr. Schon jetzt sitzen zahlreiche Fans \u2013 in Deutschlandtrikots gekleidet \u2013 im BRLO-Biergarten am Gleisdreieck.<\/p>\n<p><img decoding=\"async\" src=\"https:\/\/www.europesays.com\/de\/wp-content\/uploads\/2026\/06\/1782439600_985_img-7842.jpeg\"   alt=\"x\" aria-labelledby=\"caption-15760276\" width=\"440\" height=\"330\" loading=\"lazy\" class=\"tspAYi1\"\/> Fu\u00dfballfans warten im BRLO-Biergarten auf den Anpfiff. <\/p>\n<p class=\"tspYfx\"> \u00a9 Marie Nadler <\/p>\n<p> 20.30 Uhr: Gleisdreieck-Park f\u00fcllt sich langsam <\/p>\n<p class=\"tspBNl1\">Die Temperaturen sinken langsam im Park am Gleisdreieck. Die Abendsonne steht tiefer und taucht den Park in ein warmes Licht. Ein leichter Wind geht sogar und transportiert w\u00fcrzigen Essensgeruch vom BRLO-Biergarten in den Park.<\/p>\n<p><img decoding=\"async\" src=\"https:\/\/www.europesays.com\/de\/wp-content\/uploads\/2026\/06\/1782439601_645_img-7836.jpeg\"   alt=\"x\" aria-labelledby=\"caption-15760270\" width=\"440\" height=\"330\" loading=\"lazy\" class=\"tspAYi1\"\/> Desi (30), Jules (23), und Alex (29) feiern den Geburstag ihrer Freundin Olivia. <\/p>\n<p class=\"tspYfx\"> \u00a9 Marie Nadler <\/p>\n<p class=\"tspBNl1\">Die Wiese f\u00fcllt sich mit Menschen. Viele sitzen mit Getr\u00e4nk im Gras, andere spielen Volleyball oder schaukeln. Eine Gruppe picknickt und feiert den Geburtstag von Olivia. Ihre Freundin Alex sagt, was sie an den hei\u00dfen Berliner N\u00e4chten besonders findet: \u201edass man sich mehr sieht, l\u00e4nger drau\u00dfen ist und alles andere irgendwie zur Nebensache wird.\u201c<\/p>\n<p> 19.30 Uhr: Gesch\u00e4ft wirbt mit Klimaanlage: \u201eIt\u2019s Cool Inside!\u201c <\/p>\n<p class=\"tspBNl1\">Feierabendstimmung im Berliner Westen. Viele Menschen flanieren auf dem Ku\u2018damm, nicht wenige von ihnen haben dabei ein Eis in der Hand. Beinahe alle Ladent\u00fcren werden geschlossen gehalten, damit die klimatisierte Luft drinnen bleibt. Ein Schild vor dem M&amp;M\u2019s-Store weist auf die Klimaanlage hin. Bei der Hitze w\u00fcrden die ausgestellten Schokoladen sicherlich ohne Klimatisierungschon weggeschmolzen sein. Ein Gl\u00fcck, dass es \u201ecool inside\u201c ist.<\/p>\n<p><img decoding=\"async\" src=\"https:\/\/www.europesays.com\/de\/wp-content\/uploads\/2026\/06\/1782439602_76_img-7716.jpeg\"   alt=\"x\" aria-labelledby=\"caption-15760227\" loading=\"lazy\" class=\"tspAYi1\"\/> \u201eStep In, It\u2019s Cool Inside!\u201c, steht es am M&amp;M\u2019s-Store auf einem Schild. <\/p>\n<p class=\"tspYfx\"> \u00a9 Emilio Nolte <\/p>\n<p> 19.15 Uhr: Tempelhofer Feld ist noch immer leer <\/p>\n<p class=\"tspBNl1\">Das Tempelhofer Feld ist noch immer wie ausgestorben. Vereinzelt sitzen oder liegen Menschen im Schatten. In der Sonne ist niemand.<\/p>\n<p><img decoding=\"async\" src=\"https:\/\/www.europesays.com\/de\/wp-content\/uploads\/2026\/06\/img-7800.jpeg\"   alt=\"x\" aria-labelledby=\"caption-15760232\" loading=\"lazy\" class=\"tspAYi1\"\/> Ebeu, Elvan und Taner wollten eigentlich schwimmen gehen \u2013 doch alle Parkpl\u00e4tze waren belegt. Nun sind sie auf dem Tempelhofer Feld. <\/p>\n<p class=\"tspYfx\"> \u00a9 Marie Nadler <\/p>\n<p class=\"tspBNl1\">Vor einer halben Stunde gegen  sind Ebeu, Elvan und Taner angekommen. Die beiden Schwestern haben noch gearbeitet und wollten danach schwimmen gehen. Doch alle Parkpl\u00e4tze waren schon belegt. Plan B \u2013 ohne Wasser, daf\u00fcr mit etwas Schatten \u2013 ist das Tempelhofer Feld. Sp\u00e4ter wollen beide noch zum Shoppen aufbrechen. Trotz Hitze f\u00fchren sie ihre normalen Aktivit\u00e4ten weiter. \u201eWegen der Hitze meiden wir das nicht, wir leiden dann halt\u201c, sagt die 28-j\u00e4hrige Ebru.<\/p>\n<p class=\"tspBNl1\">Ein Supermarkt in der N\u00e4he des Zoologischen Gartens ist auch noch bestens auf die Bed\u00fcrfnisse der Kunden und Kundinnen vorbereitet. Das Eisfach ist noch gut gef\u00fcllt.<\/p>\n<p> 19.00 Uhr: 17-J\u00e4hriger stirbt nach Badeunfall an der Krummen Lanke <\/p>\n<p class=\"tspBNl1\">Der 17-J\u00e4hrige, der heute zur Mittagszeit an einer Badestelle in der Krummen Lanke im Berliner S\u00fcdwesten pl\u00f6tzlich untergegangen ist, ist gestorben. Zun\u00e4chst war der Jugendliche, wie bereits berichtet, aus dem Wasser geholt und reanimiert worden. Nach Tagesspiegel-Informationen ist der Jugendliche sp\u00e4ter verstorben.<\/p>\n<p class=\"tspBNl1\">Die Polizei ging von einem Badeunfall aus. Laut Feuerwehr zeigte der Jugendliche beim Auffinden keine Lebenszeichen mehr. Die 15 Mitsch\u00fcler, die sich au\u00dferhalb der Schulzeit mit ihm an der Badestelle aufhielten, wurden mit einem Bus der Feuerwehr in ihre Schule gebracht und dort psychosozial betreut.<\/p>\n<p> 17.45 Uhr: Erstes Sommerbad voll ausgelastet <\/p>\n<p class=\"tspBNl1\">Die hei\u00dfen Temperaturen lassen auch die Berliner B\u00e4der immer voller werden. Mit dem Kinderbad Monbijou und dem Sommerbad Staaken-West sind die ersten beiden B\u00e4der maximal ausgelastet \u2013 das hei\u00dft, Tickets sind nicht mehr erh\u00e4ltlich. Die Berliner B\u00e4derbetriebe <a href=\"https:\/\/www.berlinerbaeder.de\/baeder\/sommerbaeder-auslastung\/\" target=\"_blank\" rel=\"noopener nofollow\" class=\"link link--external\" data-gtm-class=\"article-text-link\" data-gtm-val=\"external\" aria-describedby=\"message-target-blank\">haben eine Karte ver\u00f6ffentlicht<\/a>, auf der man die Auslastung der B\u00e4der live verfolgen kann.<\/p>\n<p class=\"tspBNl1\"><strong>Geringe Auslastung:<\/strong><\/p>\n<ul data-qa-hook=\"story-list-ul\" class=\"tspB6n1\">\n<li class=\"tspB6gn tspB6gn\">Strandbad Wannsee<\/li>\n<li class=\"tspB6gn tspB6gn\">Kinderbad Marzahn (Platsch)<\/li>\n<li class=\"tspB6gn tspB6gn\">Kombibad Seestra\u00dfe<\/li>\n<\/ul>\n<p class=\"tspBNl1\"><strong>Mittlere Auslastung:<\/strong><\/p>\n<ul data-qa-hook=\"story-list-ul\" class=\"tspB6n1\">\n<li class=\"tspB6gn tspB6gn\">Sommerbad Pankow<\/li>\n<li class=\"tspB6gn tspB6gn\">Sommerbad Wilmersdorf<\/li>\n<li class=\"tspB6gn tspB6gn\">Sommerbad Mariendorf<\/li>\n<li class=\"tspB6gn tspB6gn\">Sommerbad Olympiastadion<\/li>\n<li class=\"tspB6gn tspB6gn\">Sommerbad Wuhlheide<\/li>\n<\/ul>\n<p class=\"tspBNl1\"><strong>Erh\u00f6hte Auslastung:<\/strong><\/p>\n<ul data-qa-hook=\"story-list-ul\" class=\"tspB6n1\">\n<li class=\"tspB6gn tspB6gn\">Sommerbad Kreuzberg<\/li>\n<li class=\"tspB6gn tspB6gn\">Kombibad Gropiusstadt<\/li>\n<li class=\"tspB6gn tspB6gn\">Sommerbad am Insulaner<\/li>\n<li class=\"tspB6gn tspB6gn\">Sommerbad Humboldthain<\/li>\n<li class=\"tspB6gn tspB6gn\">Sommerbad Neuk\u00f6lln<\/li>\n<\/ul>\n<p class=\"tspBNl1\"><strong>Maximale Auslastung:<\/strong><\/p>\n<ul data-qa-hook=\"story-list-ul\" class=\"tspB6n1\">\n<li class=\"tspB6gn tspB6gn\">Kinderbad Monbijou<\/li>\n<li class=\"tspB6gn tspB6gn\">Sommerbad Staaken-West<\/li>\n<\/ul>\n<p> 17.15 Uhr: Grillverbot auch im Bezirk Pankow <\/p>\n<p class=\"tspBNl1\">Im Mauerpark ist ab Samstag das Grillen auf den dazu ausgewiesenen Fl\u00e4chen bis auf Weiteres verboten. Das teilte das Bezirksamt Pankow mit. Das Verbot gelte f\u00fcr alle \u00f6ffentlichen Gr\u00fcnanlagen im Bezirk Pankow. Grund sei die extreme Trockenheit und die damit verbundene Brandgefahr.<\/p>\n<p class=\"tspBNl1\">Auch das Bezirksamt Friedrichshain-Kreuzberg untersagt das Grillen auf den dazu ausgewiesenen Fl\u00e4chen ab Samstag. Betroffen ist die Grillwiese am Neuen Hain im Volkspark Friedrichshain, die Wiese gegen\u00fcber dem Kunstrasensportplatz sowie gegen\u00fcber dem Rodelh\u00fcgel im G\u00f6rlitzer Park und auf der Wiese zwischen Waterloo-Ufer und Zossener Stra\u00dfe auf dem Bl\u00fccherplatz.<\/p>\n<p> 17.10 Uhr: Interaktive Karte f\u00fcr Berlin: Wie weit bis zum Badesee? <\/p>\n<p class=\"tspBNl1\">Ob See, Fluss, Freibad oder Hallenbad: <a href=\"https:\/\/interaktiv.tagesspiegel.de\/lab\/wie-weit-bis-zur-nachsten-badestelle-alle-berliner-badeseen-strandbaeder-und-freibaeder-in-einer-interaktiven-karte-standort-suche\/?icid=in-text-link_15747096\" class=\"link link--internal\" data-gtm-class=\"article-text-link\" data-gtm-val=\"internal\" rel=\"nofollow noopener\" target=\"_blank\">Unsere interaktive Karte zeigt<\/a>, wie Sie von jedem Ort in Berlin aus am schnellsten ins Wasser kommen \u2013 und wo in der Stadt Orte zum Schwimmen fehlen.<\/p>\n<p> 17.05 Uhr: \u201eCool-Box\u201c f\u00fcr Zusteller der Deutschen Post und DHL <\/p>\n<p class=\"tspBNl1\">Die Deutsche Post und DHL haben wegen der Hitze in Berlin ihre Schutzma\u00dfnahmen f\u00fcr die rund 8.000 Zustellerinnen und Zusteller verst\u00e4rkt. Jede Zustellkraft k\u00f6nne eine \u201eCool-Box\u201c bestellen, teilte ein DHL-Sprecher mit. Dort enthalten seien ein wiederverwendbares K\u00fchltuch mit Wasserbeh\u00e4lter, ein mit Wasser aktiviertbarer Pulsk\u00fchler f\u00fcr die Handgelenke, sowie ein Nackenschutz.<\/p>\n<p class=\"tspBNl1\">Dar\u00fcberhinaus sei bei der Deutschen Post und DHL ein umfassendes Sortiment unterschiedlicher Unternehmenskleidung \u2013 von sch\u00fctzenden Langarmshirts bis zu Bermuda-Shorts \u2013 f\u00fcr die Zustellerinnen und Zusteller erh\u00e4tlich, teilte das Unternehmen mit. Zus\u00e4tzlich w\u00fcrden die Zustellkr\u00e4fte ausdr\u00fccklich dazu angehalten, ausreichend zu trinken, Sonnenschutz zu verwenden und \u2013 wo m\u00f6glich \u2013 Schatten aufzusuchen.<\/p>\n<p class=\"tspBNl1\">Mit Cool-Box, UV-Schutz und klaren Verhaltensempfehlungen unterst\u00fctzt das Unternehmen seine Mitarbeitenden in Berlin bei extremer Hitze.<\/p>\n<p> 17.00 Uhr: Tempelhofer Feld wie ausgestorben <\/p>\n<p class=\"tspBNl1\">Bei 33 Grad ist niemand auf dem Tempelhofer Feld \u2013 keine Jogger, Radfahrer oder gem\u00fctlich auf der Wiese Sitzende sind zu sehen.<\/p>\n<p><img decoding=\"async\" src=\"https:\/\/www.europesays.com\/de\/wp-content\/uploads\/2026\/07\/img-3754.jpeg\"   alt=\"x\" aria-labelledby=\"caption-15759357\" width=\"440\" height=\"330\" loading=\"lazy\" class=\"tspAYi1\"\/> Kein Mensch weit und breit auf dem Tempelhofer Feld. <\/p>\n<p class=\"tspYfx\"> \u00a9 Rahel Kutzner <\/p>\n<p> 16.45 Uhr: 17-J\u00e4hriger nach Badeunfall an Krummer Lanke reanimiert <\/p>\n<p class=\"tspBNl1\">Ein Jugendlicher ist an einer Badestelle in der Krummen Lanke im Berliner S\u00fcdwesten pl\u00f6tzlich untergegangen. Der 17-J\u00e4hrige war am Mittag eine ganze Zeit unter Wasser, bis er leblos wieder auftauchte, wie ein Polizeisprecher sagte. Demnach holten Zeugen den Jugendlichen aus dem Wasser, alarmierte Rettungskr\u00e4fte reanimierten ihn und brachten ihn unter Reanimationsbedingungen in eine Klinik.<\/p>\n<p class=\"tspBNl1\">Wie es dem Jugendlichen inzwischen geht, war zun\u00e4chst nicht bekannt. Die Polizei ging von einem Badeunfall aus. Laut Feuerwehr zeigte der Jugendliche beim Auffinden keine Lebenszeichen mehr. Die 15 Mitsch\u00fcler, die sich au\u00dferhalb der Schulzeit mit ihm an der Badestelle aufhielten, wurden anschlie\u00dfend betreut.<\/p>\n<p class=\"tspBNl1\">Die Feuerwehr wies darauf hin, zur eigenen Sicherheit nicht in unbekannte Gew\u00e4sser zu springen, nur zugelassene Badestellen zu nutzen und die Hinweise der Rettungsschwimmer zu beachten. Ferner sollte Sonnencreme benutzt und direkte Sonneneinstrahlung vermieden werden. Auch sollte ausreichend getrunken und nicht unmittelbar nach dem Essen ins Wasser gesprungen werden. (dpa)<\/p>\n<p> 16:25 Uhr: Eisbl\u00f6cke \u201emade in Berlin\u201c <\/p>\n<p class=\"tspBNl1\">Die \u201eEisfabrik\u201c aus Tempelhof bietet aktuell einen hitzeresistenten Arbeitsplatz. Im Schneideraum der Premium-Klareisw\u00fcrfelproduktion sind es konstant minus drei Grad. Dort werden gro\u00dfe Eisbl\u00f6cke mit Hilfe einer Knochenbands\u00e4ge zu kleinen Eisquadern zerteilt.<\/p>\n<p><img decoding=\"async\" src=\"https:\/\/www.europesays.com\/de\/wp-content\/uploads\/2026\/06\/eisfabrik-tempelhof.jpeg\"   alt=\"&quot;Eisfabrik Tempelhof&quot;\" aria-labelledby=\"caption-15759312\" width=\"440\" height=\"330\" loading=\"lazy\" class=\"tspAYi1\"\/> Die \u201eEisfabrik\u201c in Tempelhof. <\/p>\n<p class=\"tspYfx\"> \u00a9 Thomas Loy <\/p>\n<p class=\"tspBNl1\">Die landen dann in den Cocktailgl\u00e4sern an Theken bekannter Berliner Hotel- und Barbetriebe. Die Namen seiner Kunden h\u00e4lt Eisfabrik-Frontmann Sebastian Ebenberger streng geheim. Die Konkurrenz k\u00f6nnte sonst Abwerbeversuche starten. Die Eisfabrik liefert den ganzen Sommer \u00fcber bei jeder Temperatur Eisw\u00fcrfel \u2013 in Zehn-Kilos\u00e4cke oder Styroporboxen verpackt \u2013 oder massive Eisbl\u00f6cke mit 25 Zentimeter Kantenl\u00e4nge zum Selberschnitzen auf der Grillparty. Die Eismaschinen laufen derzeit rund um die Uhr, verbrauchen dabei Unmengen von \u00d6kostrom, viel mehr als im Winter. Das meiste Eis kommt daher, in den Wintermonaten vorproduziert, aus dem Tiefk\u00fchlhaus.<\/p>\n<p class=\"tspBNl1\"><a href=\"https:\/\/www.tagesspiegel.de\/berlin\/berliner-wirtschaft\/berliner-eisfabrik-luxus-eiswurfel-fur-bars-und-kunstler-13091782.html?icid=in-text-link_15747096\" class=\"link link--internal\" data-gtm-class=\"article-text-link\" data-gtm-val=\"internal\" rel=\"nofollow noopener\" target=\"_blank\">Mehr zu den Eisw\u00fcrfeln \u201emade in Berlin\u201c<\/a> lesen Sie hier.<\/p>\n<p> 16.35 Uhr: Bundestag sperrt Kuppel und Dachterrasse f\u00fcr Besucher <\/p>\n<p class=\"tspBNl1\">Wegen der extremen Hitze ist die Dachterrasse sowie die Kuppel des Reichtsagsgeb\u00e4udes im Berliner Zentrum am Samstag und Sonntag ganzg\u00e4gig f\u00fcr Besucher gesperrt. Das teilte die Bundestagsverwaltung mit. Bereits best\u00e4tigte Besuche an den Tagen m\u00fcssten storniert werden.<\/p>\n<p> 16.15 Uhr: Ivona (24) und Nina (32) aus Albanien suchen Schatten <\/p>\n<p class=\"tspBNl1\">Die Touristinnen Ivona (24) und Nina (29) kommen trotz der starken Hitze zurecht. Auf Englisch erz\u00e4hlen sie: \u201eWir haben bereits mehrere Flaschen Wasser gekauft und versuchen, genug zu trinken\u201c. Die hohen Temperaturen seien recht anstrengend. Um sich abzuk\u00fchlen, trinken die beiden viel Wasser und bleiben m\u00f6glichst im Schatten.<\/p>\n<p><img decoding=\"async\" src=\"https:\/\/www.europesays.com\/de\/wp-content\/uploads\/2026\/07\/img-2669.jpeg\"   alt=\"x\" aria-labelledby=\"caption-15759236\" width=\"440\" height=\"330\" loading=\"lazy\" class=\"tspAYi1\"\/> Die Touristinenen Ivona (24) und Nina (29) am Brandenburger Tor. <\/p>\n<p class=\"tspYfx\"> \u00a9 Elly Nguyen <\/p>\n<p class=\"tspBNl1\">Die hei\u00dfesten Stunden verbringen sie lieber drinnen. \u201eZwischen 15 und 18 Uhr nachmittags gehen wir nicht gerne raus\u201c, sagen sie auf Englisch. Die Hitze beeinflusst ihren Alltag deutlich. Eine der beiden berichtet, dass sie wegen ihres niedrigen Blutdrucks bei hohen Temperaturen schnell m\u00fcde werde. Berlin sei ihrer Meinung nach noch nicht ausreichend auf Hitzewellen vorbereitet. Die Touristinnen aus Albanien w\u00fcnschen sich mehr Brunnen und Wasserspiele, damit sich Menschen besser abk\u00fchlen k\u00f6nnen.<\/p>\n<p> 16.05 Uhr: Trinkflaschen bei Konzert von Bruno Mars erlaubt <\/p>\n<p class=\"tspBNl1\">Beim Konzert von Popstar Bruno Mars im Berliner Olympiastadion am Freitagabend sind wegen der Hitze ausnahmsweise alkoholfreie Getr\u00e4nke in Getr\u00e4nkekartons (Tetra Paks), Weichplastikfalschen mit verbundenem Deckel und faltbare Flachen mit einem Fassungsverm\u00f6gen von bis zu einem Liter erlaubt. Auch Handventilatoren und F\u00e4chern k\u00f6nnen von Besuchern mitgebracht und benutzt werden.<\/p>\n<p><img decoding=\"async\" src=\"https:\/\/www.europesays.com\/de\/wp-content\/uploads\/2026\/06\/179665-01-02.jpeg\"   alt=\"Bruno Mars receives the Grammy for the Best song of the year during the 60th Annual Grammy Awards show on January 28, 2018, in New York.  \/ AFP PHOTO \/ Timothy A. CLARY\" aria-labelledby=\"caption-15759157\" width=\"440\" height=\"330\" loading=\"lazy\" class=\"tspAYi1\"\/> Megastar Bruno Mars tritt am Freitagabend im Berliner Olympiastadion auf. <\/p>\n<p class=\"tspYfx\"> \u00a9 AFP\/TIMOTHY A. CLARY <\/p>\n<p class=\"tspBNl1\">Das teilte der Veranstalter am Donnerstagnachmittag mit. Trinkwasser k\u00f6nne jederzeit an Wasserh\u00e4hnen im Stadiongeb\u00e4ude abgef\u00fcllt werden. Aufgrund der Temperaturen werde Wasser zudem an den Verkaufsstellen zu einem Sonderpreis angeboten.<\/p>\n<p> 15.45 Uhr: Eva geht mit Hund Arthur spazieren \u2013 doch nur im Schatten <\/p>\n<p class=\"tspBNl1\">\u201eWir haben einen Hundepool im B\u00fcro\u201c, sagt Eva, 42. Unweit vom Roten Rathaus dreht sie gerade mit ihrem Hund Arthur eine kleine Gassi-Runde.<\/p>\n<p><img decoding=\"async\" src=\"https:\/\/www.europesays.com\/de\/wp-content\/uploads\/2026\/07\/img-7706.jpeg\"   alt=\"x\" aria-labelledby=\"caption-15758881\" width=\"440\" height=\"330\" loading=\"lazy\" class=\"tspAYi1\"\/> Unweit vom Roten Rathaus f\u00fchrt Eva (42) ihren Hund Arthur spazieren. <\/p>\n<p class=\"tspYfx\"> \u00a9 Emilio Nolte <\/p>\n<p class=\"tspBNl1\">\u201eArthur ist ein Stadthund\u201c, sagt sie. Dennoch seien die immer extremer werdenden Temperaturen f\u00fcr ihn ein Problem. Deshalb geht Eva mit ihrem Hund heute nur durch den Schatten. Sie r\u00e4t jedem Hundebesitzer, so wenig wie m\u00f6glich mit dem Hund zu machen, und f\u00fcr ausreichend Abk\u00fchlung an den Pfoten und an der Schnauze zu sorgen. An den Pfoten und durchs Hecheln geben Hunde am meisten W\u00e4rme ab.<\/p>\n<p> 15.25 Uhr: \u201eBlo\u00df nicht raus\u201c, sagt eine \u00e4ltere Frau im Alexa <\/p>\n<p class=\"tspBNl1\">Mittlerweile ist das Thermometer auf 33 Grad Au\u00dfentemperatur geklettert. Auf dem Alexanderplatz l\u00e4sst es sich fast nicht aushalten. Daf\u00fcr ist viel los im Alexa. Die gro\u00dfe Shoppingmall ist angenehm klimatisiert, das wissen auch ihre Besucher.<\/p>\n<p><img decoding=\"async\" src=\"https:\/\/www.europesays.com\/de\/wp-content\/uploads\/2026\/06\/img-7698-1.jpeg\"   alt=\"x\" aria-labelledby=\"caption-15758850\" width=\"440\" height=\"330\" loading=\"lazy\" class=\"tspAYi1\"\/> Die Shoppingmall Alex am Alexanderplatz. <\/p>\n<p class=\"tspYfx\"> \u00a9 Emilio Nolte <\/p>\n<p class=\"tspBNl1\">F\u00fcr viele eine wie gerufene Abk\u00fchlung. \u201eBlo\u00df nicht raus\u201c sagt eine \u00e4ltere Dame, die gerade ihr Eis fertig gegessen hat. Im Eingangsbereich h\u00f6rt man viele sagen: \u201eOh, hier ist es ja sch\u00f6n k\u00fchl.\u201c<\/p>\n<p> 15.15 Uhr: Anu (70) f\u00e4hrt auch bei der Hitze mit der Rikscha durch Berlin <\/p>\n<p class=\"tspBNl1\">\u201eIch freue mich, dass endlich Sommer ist\u201c sagt Anu (70), der trotz dieser Hitze mit seiner Rikscha durch Berlin f\u00e4hrt. Mit der Hitze kommt er gut zurecht und l\u00e4sst sich davon nicht den Alltag bestimmen. Um sich abzuk\u00fchlen, sucht er Schatten oder Orte mit Wind.<\/p>\n<p><img decoding=\"async\" src=\"https:\/\/www.tagesspiegel.de\/berlin\/undefined\"   alt=\"x\" aria-labelledby=\"caption-15758628\" width=\"440\" height=\"330\" loading=\"lazy\" class=\"tspAYi1\"\/> Stadtf\u00fchrer Anu (70) findet, dass Berlin mehr Trinkwasserbrunnen und B\u00e4ume haben k\u00f6nnte. <\/p>\n<p class=\"tspYfx\"> \u00a9 Elly Nguyen <\/p>\n<p class=\"tspBNl1\">Sein Tipp f\u00fcr hei\u00dfe Tage \u201eNachts mit offenem Fenster schlafen und morgens die Vorh\u00e4nge hinter dem Fenster schlie\u00dfen, da sich die Glasscheiben stark erhitzen\u201c. Der Stadtf\u00fchrer kritisiert: \u201eBerlin hat zu wenig Trinkwasserbrunnen\u201c. Und: \u201eDie Stadt ist zwar gr\u00fcn, doch sie hat zu wenig B\u00e4ume\u201c. Mit ihnen k\u00f6nnten Schattenpl\u00e4tze f\u00fcr Berliner und Touristen geschaffen werden.<\/p>\n<p> 15.10 Uhr: Degewo sagt Seniorensportfest und Sch\u00fclertriathlon ab <\/p>\n<p class=\"tspBNl1\">Das landeseigene Wohnungsunternehmen Degewo hat das geplante Sportwochenende in S\u00fcdneuk\u00f6lln abgesagt. Rund um das Degewo-Stadion in der Gropiusstadt und im benachbarten Sommerbad waren am Samstag ein Sch\u00fclertriathlon mit rund 1000 teilnehmenden Kindern und am Sonntag ein Sportfest f\u00fcr Senior:innen unter dem Motto \u201eAktiv im Alter\u201c geplant.<\/p>\n<p class=\"tspBNl1\">\u201eDie Gesundheit der Teilnehmenden \u2013 insbesondere von Kindern und \u00e4lteren Menschen \u2013 hat oberste Priorit\u00e4t, sodass eine sichere Durchf\u00fchrung nicht gew\u00e4hrleistet werden kann\u201c, teilte eine Sprecherin des Unternehmens mit.<\/p>\n<p> 14.50 Uhr: B\u00fccherfest abgesagt <\/p>\n<p class=\"tspBNl1\">Das f\u00fcr Samstag und Sonntag geplante Berliner B\u00fccherfest auf dem Bebelplatz wird wegen der hohen Temperaturen abgesagt. \u201eAngesichts der angek\u00fcndigten Extremwetterlage m\u00fcssen wir das Berliner B\u00fccherfest nach Beratungen mit allen Beteiligten schweren Herzens absagen\u201c, teilte Wirtschaftssenatorin Franziska Giffey (SPD) mit.<\/p>\n<p class=\"tspBNl1\">Es habe einen engen Austausch mit der Veranstaltungsagentur, der Berliner Feuerwehr und weiteren Instanzen gegeben, um zu versuchen, das B\u00fccherfest mit zus\u00e4tzlichen Ma\u00dfnahmen gegen die Hitze zu erm\u00f6glichen, erkl\u00e4rte Giffey. \u201eDoch Sicherheit hat f\u00fcr uns oberste Priorit\u00e4t\u201c, sagte Giffey.<\/p>\n<p class=\"tspBNl1\">Urspr\u00fcnglich sollten an rund 100 St\u00e4nden Berliner Verlage und Buchhandlungen \u00fcber ihre Arbeit informieren. Das Berliner B\u00fccherfest wird vom B\u00f6rsenverein des Deutschen Buchhandels Landesverband BerlinBrandenburg e.V. organisiert und von der Senatsverwaltung f\u00fcr Wirtschaft, Energie und Betriebe mitfinanziert.<\/p>\n<p> 14.45 Uhr: J\u00fcdische Gemeinde verschiebt Fest wegen Hitze <\/p>\n<p class=\"tspBNl1\">Die j\u00fcdische Gemeinde Chabad Berlin hat ihren Festakt zum 30-j\u00e4hrigen Bestehen und ihr Stra\u00dfenfest wegen der Wetterlage verschoben. Aufgrund der angek\u00fcndigten extremen Hitze und einer aktuellen Hitzewarnung des Deutschen Wetterdienstes finde das zun\u00e4chst am Sonntag geplante Fest nun am 30. August statt, teilte die Gemeinde am Donnerstag mit.<\/p>\n<p class=\"tspBNl1\">Das Fest soll am J\u00fcdischen Campus in Berlin gefeiert werden. Anlass seien drei Jahrzehnte j\u00fcdisches Leben, Gemeinschaft und Zukunft, hie\u00df es. Die im 18. Jahrhundert begr\u00fcndete orthodoxe j\u00fcdische Organisation Chabad-Lubawitsch gibt es heute in 70 L\u00e4ndern weltweit. In Berlin verf\u00fcgt sie auch \u00fcber eine Synagoge und eine Mikwe. (epd)<\/p>\n<p> 14.35 Uhr: Caritas bietet Hitzehilfe f\u00fcr obdachlose Menschen <\/p>\n<p class=\"tspBNl1\">An drei Tagen pro Woche \u2013 dienstags, donnerstags und samstags \u2013 bietet die Caritas in Berlin eine Hitzehilfe an. Zwischen 13 und 18 Uhr sind Mitarbeitende an bekannten Treffpunkten f\u00fcr Obdachlose unterwegs, um k\u00fchle Getr\u00e4nke, Informationsmaterialien und Hitzeschutzartikel wie Sonnencreme und Kopfbedeckungen zu verteilen. Das teilte ein Sprecher der Caritas am Donnerstag mit. Dienstags sei das Team im Bereich Ostbahnhof, donnerstags rund um Alexanderplatz, sowie samstags am Leopodplatz aktiv.<\/p>\n<p class=\"tspBNl1\">Zus\u00e4tzlich st\u00fcnde sonntags von 13 bis 18 Uhr ein Schutzraum in den \u00d6rtlichkeiten der Caritas-K\u00e4ltehilfe in der Residenzstra\u00dfe in Wedding zur Verf\u00fcgung. Doch k\u00f6nnten sich obdachlose Menschen ausruhen, abk\u00fchlen und Beratung erhalten. F\u00fcr die Unterst\u00fctzung des Angebots werden Ehrenamtliche gesucht, die sich f\u00fcr obdachlose Menschen engagieren m\u00f6chten. Interessierte k\u00f6nnen sich bei der Caritas melden.<\/p>\n<p class=\"tspBNl1\">Das Projekts wird von der Senatsverwaltung f\u00fcr Arbeit, Soziales, Gleichstellung, Integration, Vielfalt und Antidiskriminierung finanziert und bis zum 30. August 2026 laufen.<\/p>\n<p> 14.30 Uhr: Berliner Kirchen als Schutz vor Hitze <\/p>\n<p class=\"tspBNl1\">Angesichts der angek\u00fcndigten Temperaturen von bis zu 40 Grad Celsius sind viele Kirchen in Berlin zum Abk\u00fchlen ge\u00f6ffnet. Die \u201eK\u00fchlen Kirchen\u201c b\u00f6ten Schutz vor der Hitze und einen Ort der Ruhe, teilte die Evangelische Kirche Berlin-Brandenburg-schlesische Oberlausitz am Donnerstag mit. Bischof Christian St\u00e4blein lud in der Hitzewelle dazu ein, \u201el\u00e4nger in der Kirche zu sitzen, den Kopf zu k\u00fchlen und den Geist zu st\u00e4rken\u201c.<\/p>\n<p class=\"tspBNl1\">In unterschiedlichen Berliner Stadtteilen \u00f6ffnen nach kirchlichen Angaben verschiedene Kirchengeb\u00e4ude ihre T\u00fcren zum Schutz vor Hitze. Obdachlose Menschen und alle anderen, die unter der Hitze leiden, seien eingeladen, sich abzuk\u00fchlen, hie\u00df es. Teilweise werde Wasser bereitgestellt, es gebe eine Kinderspielecke, einen kleinen Imbiss oder freies Internet zum mobilen Arbeiten. (epd)<\/p>\n<p> 14.15 Uhr: Columbiabad wieder ge\u00f6ffnet <\/p>\n<p class=\"tspBNl1\">Das Sommerbad Neuk\u00f6lln am Columbiabad hat planm\u00e4\u00dfig um 14 Uhr ge\u00f6ffnet. Das best\u00e4tigte eine Mitarbeiterin der Berliner B\u00e4der Betriebe am Nachmittag. Wegen eines technischen Problems in einer Anlage, die den PH-Wert reguliert, musste das Bad am Morgen geschlossen bleiben.<\/p>\n<p class=\"tspBNl1\">Das Columbiabad hatte am Mittwoch erstmals wieder ge\u00f6ffnet, nachdem Probleme bei der Beschaffung von Filtermaterial zur Verz\u00f6gerung des Saisonstarts gef\u00fchrt hatten.<\/p>\n<p> 14.00 Uhr: Friedrichshain-Kreuzberg verbietet Grillen am Wochenende <\/p>\n<p class=\"tspBNl1\">Das Bezirksamt Friedrichshain-Kreuzberg verbietet am Wochenende das Grillen auf den ausgewiesenen Fl\u00e4chen in Parks. Grund sind die anhaltende Trockenheit und die hohe Brandgefahr, hei\u00dft es in einer Mitteilung am Mittag. Das Verbot gilt ab Samstag, 27. Juni 2026, bis auf Weiteres. Die Ma\u00dfnahme dient dem Schutz der Gr\u00fcnfl\u00e4chen und der \u00f6ffentlichen Sicherheit.<\/p>\n<p class=\"tspBNl1\">Das Verbot gilt f\u00fcr die Grillwiese am Neuen Hain im Volkspark Friedrichshain, die Wiese gegen\u00fcber dem Kunstrasensportplatz sowie gegen\u00fcber dem Rodelh\u00fcgel im G\u00f6rlitzer Park und auf der Wiese zwischen Waterloo-Ufer und Zossener Stra\u00dfe auf dem Bl\u00fccherplatz.<\/p>\n<p> 13.50 Uhr: Senatorin appelliert an Berlinerinnen und Berliner <\/p>\n<p class=\"tspBNl1\">Die aktuelle Extremwetterlage besch\u00e4ftigt auch die Politik. Berlins Senatorin f\u00fcr Wissenschaft, Gesundheit und Pflege, Ina Czyborra, appelliert an die Bev\u00f6lkerung, auf sich aufzupassen. \u201eSch\u00fctzen Sie sich und andere vor Hitze und UV-Strahlung. Trinken Sie ausreichend, vermeiden Sie k\u00f6rperliche Belastungen und suchen Sie k\u00fchle R\u00e4ume auf\u201c, sagt sie.<\/p>\n<p class=\"tspBNl1\">Auch bietet sie um gegenseitige Unterst\u00fctzung in der Nachbarschaft. \u201eEin Anruf oder kurzer Besuch kann helfen, oder organisieren Sie gegebenenfalls Hilfe. Hitzeschutz geht uns alle an. Sorgen Sie gemeinsam miteinander und f\u00fcreinander\u201c, sagt die Senatorin.<\/p>\n<p> 13.29 Uhr: Columbiabad \u00f6ffnet am Nachmittag wieder <\/p>\n<p class=\"tspBNl1\">Badefreunde in Neuk\u00f6lln k\u00f6nnen sich freuen: Nach einer kurzzeitigen Schlie\u00dfung \u00f6ffnet das Columbiabad am Donnerstag um 14 Uhr wieder. Technische Probleme hatten zu einem Hin und Her gef\u00fchrt: Erst war der Saisonstart verschoben worden, dann gab es am Mittwoch erstmals Einlass, am Donnerstag blieb das Bad dann am Morgen erst mal dicht.<\/p>\n<p> 12.25 Uhr: Potsdam k\u00e4mpft ebenfalls mit Hitzewelle <\/p>\n<p class=\"tspBNl1\">Auch die Menschen in Brandenburgs Landeshauptstadt versuchen derzeit, einen k\u00fchlen Kopf zu bewahren. Das betrifft auch die <a href=\"https:\/\/www.tagesspiegel.de\/berlin\/verkurzte-erreichbarkeiten-verkurzte-sprechzeiten-stadtverwaltung-nimmt-hitzefrei-15756663.html?icid=in-text-link_15747096\" class=\"link link--internal\" data-gtm-class=\"article-text-link\" data-gtm-val=\"internal\" rel=\"nofollow noopener\" target=\"_blank\">Stadtverwaltung<\/a>: Sie verk\u00fcrzt ihre heutigen Sprech- und \u00d6ffnungszeiten in einzelnen Bereichen, hei\u00dft es in einer Mitteilung der Stadt.<\/p>\n<p class=\"tspBNl1\">Wie in Berlin sind zudem auch schon verschiedene<a href=\"https:\/\/www.tagesspiegel.de\/potsdam\/landeshauptstadt\/bis-zu-40-grad-am-wochenende-grosses-volkspark-jubilaum-am-samstag-abgesagt-15753603.html?icid=in-text-link_15747096\" class=\"link link--internal\" data-gtm-class=\"article-text-link\" data-gtm-val=\"internal\" rel=\"nofollow noopener\" target=\"_blank\"> Veranstaltungen abgesagt<\/a> worden. Darunter das gro\u00dfe Volkspark-Jubil\u00e4um am Samstag, die Fahrrad-Pride und die Beachvolleyball-Landesmeisterschaft. Am Samstag k\u00f6nnte Potsdam die 40-Grad-Celsius-Marke knacken, erkl\u00e4rt <a href=\"https:\/\/www.tagesspiegel.de\/potsdam\/landeshauptstadt\/summer-in-the-city-knackt-potsdam-am-wochenende-die-40-grad-15745698.html?icid=in-text-link_15747096\" class=\"link link--internal\" data-gtm-class=\"article-text-link\" data-gtm-val=\"internal\" rel=\"nofollow noopener\" target=\"_blank\">Meteorologe Stefan Rubach<\/a>. Der bisherige absolute\u00a0Hitzerekord in Potsdam lag bei 38,9 Grad und stammt vom 20. Juli 2022.\u00a0<\/p>\n<p class=\"tspBNl1\">Wo Sie auch in Potsdam eine Abk\u00fchlung finden und welcher See, welches Strandbad und welche Eisdiele sich nun richtig lohnen, lesen Sie <a href=\"https:\/\/www.tagesspiegel.de\/potsdam\/landeshauptstadt\/in-der-rekord-hitze-potsdam-bietet-abkuhlung-an-vielen-orten-15746530.html?icid=in-text-link_15747096\" class=\"link link--internal\" data-gtm-class=\"article-text-link\" data-gtm-val=\"internal\" rel=\"nofollow noopener\" target=\"_blank\">hier<\/a>.<\/p>\n<p> 11.40 Uhr: Abk\u00fchlung dank Nebeldusche <\/p>\n<p class=\"tspBNl1\">In Berlin ist aktuell nicht eine kleine Wolke am Himmel, die Sonne erreicht bald ihren H\u00f6hepunkt. Im eher sp\u00e4rlich bepflanzten Mauerpark gibt es kaum Schatten. Daf\u00fcr aber eine f\u00fcr Berlin noch recht einmalige Sache: eine Nebeldusche!<\/p>\n<p><img decoding=\"async\" src=\"https:\/\/www.europesays.com\/de\/wp-content\/uploads\/2026\/06\/nebeldusche.jpeg\"   alt=\"Ein Mann k\u00fchlt sich am 25.06.2026 in einer Nebeldusche im Mauerpark ab.\u00a0\" aria-labelledby=\"caption-15756670\" width=\"440\" height=\"330\" loading=\"lazy\" class=\"tspAYi1\"\/> Ein Mann k\u00fchlt sich in einer Nebeldusche im Mauerpark ab.\u00a0 <\/p>\n<p class=\"tspYfx\"> \u00a9 Emilio Nolte <\/p>\n<p class=\"tspBNl1\">Sie verspr\u00fcht kaltes Wasser und k\u00fchlt dadurch auf angenehme Weise die Haut. Auf Knopfdruck kommt der \u201eNebel\u201c aus den feinen D\u00fcsen. \u201eEs ist die erste Anlage dieser Art in Berlin\u201c, erkl\u00e4rt eine Mitarbeiterin der Lageso dem Tagesspiegel. Einziges Problem sei der sehr hohe Kalkgehalt des Berliner Wassers. Die Ablagerungen verstopfen die D\u00fcsen, die nun ausgetauscht werden.<\/p>\n<p class=\"tspBNl1\">Die Dusche steht neben einem Trinkwasserspender und dem neuen Pop-up \u201eCooling Point\u201c am Eingang des Mauerparks an der Bernauer Stra\u00dfe.<\/p>\n<p class=\"tspBNl1\">Die Erfindung ist jedoch keinesfalls neu. Bereits in mehreren St\u00e4dten in Deutschland und Europa gibt es die Spr\u00fchnebelanlagen, etwa in Dresden, L\u00f6rrach, Z\u00fcrich (Schweiz) und Rom (Italien). Pionier ist die \u00f6sterreichische Hauptstadt Wien: 123 Nebelduschen und 75 mobile Brunnen mit Spr\u00fchfunktion hat die Stadt f\u00fcr Bewohner und Touristen zur Verf\u00fcgung gestellt.<\/p>\n<p> 11.05 Uhr: Zehntausende Menschen sind auf dem Weg zum Fusion Festival <\/p>\n<p class=\"tspBNl1\">Hitze-Exitus am Ostbahnhof: Auch dieses Jahr zieht es wieder ganze Heerscharen auf das Fusion-Festival in Mecklenburg-Vorpommern. Am Ostbahnhof stauen sich Shuttle-Busse (und falsch geparkte E-Scooter). Dabei stehen die Chancen auf k\u00fchlere Temperaturen auf dem Festivalgel\u00e4nde in L\u00e4rz nicht gerade hoch: F\u00fcr Samstag sind dort 38 Grad vorhergesagt, am Sonntag satte 40.<\/p>\n<p><img decoding=\"async\" src=\"https:\/\/www.europesays.com\/de\/wp-content\/uploads\/2026\/07\/img-5664.jpeg\"   alt=\"\" aria-labelledby=\"caption-15756263\" width=\"440\" height=\"330\" loading=\"lazy\" class=\"tspAYi1\"\/> Zumindest die E-Roller haben einen Platz im Halbschatten. <\/p>\n<p class=\"tspYfx\"> \u00a9 Lionel Kreglinger <\/p>\n<p> 10.40 Uhr: CSD in Bernau wird abgesagt <\/p>\n<p class=\"tspBNl1\">Nach dem Fahrrad-Pride in Potsdam wird auch der Christopher Street Day (CSD) in Bernau bei Berlin am Samstag abgesagt. Er k\u00f6nne \u201eaufgrund der amtlichen Hitzewarnungen mit vorhergesagten Temperaturen von fast 40 Grad nicht wie geplant stattfinden\u201c, teilte das Organisationsteam mit. Und weiter: \u201eEine stundenlange Demonstration auf den Stra\u00dfen Bernaus ist bei dieser extremen Wetterlage mit massiven gesundheitlichen Risiken verbunden.\u201c<\/p>\n<p class=\"tspBNl1\">Vor allem auf vulnerable Gruppen \u2013 \u00e4ltere Menschen, chronisch Kranke oder Menschen mit Behinderungen \u2013 wolle man besondere R\u00fccksicht nehmen und habe sich deshalb f\u00fcr die Absage entschieden. \u201eGesundheit geht vor\u201c, hei\u00dft es in einer Mitteilung des CSD.<\/p>\n<p class=\"tspBNl1\">Die Demonstration f\u00fcr queere Rechte werde stattdessen in den Herbst verschoben. Ein genauer Ausweichtermin werde in der kommenden Woche bekannt gegeben.<\/p>\n<p><a href=\"https:\/\/www.tagesspiegel.de\/potsdam\/brandenburg\/gesundheit-geht-vor-fahrrad-pride-in-potsdam-und-csd-in-bernau-wegen-hitze-abgesagt-15756717.html?icid=single-topic_15747096___\" data-gtm-class=\"article-mzt-link\" class=\"tspCNo8\" rel=\"nofollow noopener\" target=\"_blank\">\u201eGesundheit geht vor\u201c Fahrrad-Pride in Potsdam und CSD in Bernau wegen Hitze abgesagt <\/a> 10.15 Uhr: Mathina Wildner l\u00e4uft trotz Hitze im Volkspark Friedrichshain <\/p>\n<p class=\"tspBNl1\">\u201eIch bin verwundert, dass noch so viele laufen gehen\u201c, sagt Marthina Wildner, 58. Sie hat selbst gerade eine 6-Kilometer-Runde hinter sich und ruht sich unweit des Wasserspenders im Gras aus. \u201eIch w\u00fcrde nicht laufen, wo es kein Wasser gibt\u201c, sagt sie. Hohe Temperaturen k\u00f6nne sie eigentlich gut ab, ob sie morgen und \u00fcbermorgen auch laufen gehe, wisse sie aber noch nicht: \u201eDie letzten 2 Kilometer habe ich mich schon gequ\u00e4lt.\u201d Ihre Herzfrequenz sei auch um 10 Schl\u00e4ge pro Minute h\u00f6her gewesen als sonst bei ihren L\u00e4ufen.<\/p>\n<p><img decoding=\"async\" src=\"https:\/\/www.europesays.com\/de\/wp-content\/uploads\/2026\/06\/img-7672.jpeg\"   alt=\"Marthina Wildner, 58, geht auch bei sommerlichen Temperaturen joggen.\" aria-labelledby=\"caption-15756066\" width=\"440\" height=\"330\" loading=\"lazy\" class=\"tspAYi1\"\/> Marthina Wildner, 58, geht auch bei hochsommerlichen Temperaturen joggen. <\/p>\n<p class=\"tspYfx\"> \u00a9 Emilio Nolte <\/p>\n<p> 9.15 Uhr: Einen Tag nach Wiederer\u00f6ffnung wird das Neuk\u00f6llner Columbiabad erneut geschlossen <\/p>\n<p class=\"tspBNl1\">\u201eEs gibt ein technisches Problem. Wir bedauern das sehr\u201c, sagte eine Sprecherin der Berliner B\u00e4der-Betriebe. Der Badebetrieb sei derzeit nicht m\u00f6glich.<\/p>\n<p class=\"tspBNl1\">\u201eDie Techniker sind dran, die Suche nach der Ursache l\u00e4uft\u201c, sagte die Sprecherin. Noch sei unklar, wann das Problem behoben sei. Sobald das Bad wieder \u00f6ffnen k\u00f6nne, g\u00e4ben sie Bescheid.<\/p>\n<p class=\"tspBNl1\">Das Columbiabad hatte am Mittwoch erstmals wieder ge\u00f6ffnet, nachdem Probleme bei der Beschaffung von Filtermaterial zur Verz\u00f6gerung des Saisonstarts gef\u00fchrt hatten.<\/p>\n<p class=\"tspBNl1\">Die sommerlichen Temperaturen ziehen derzeit viele Menschen in die Berliner Sommerb\u00e4der. Im Kreuzberger Prinzenbad hatte ein Brand in einem Schaltschrank diese Woche kurzzeitig zu einer Schlie\u00dfung gef\u00fchrt. Das Bad ist inzwischen wieder ge\u00f6ffnet.<\/p>\n<p> 9.00 Uhr: Die Bahn bietet wegen der Hitze kostenlose Stornierungen an <\/p>\n<p class=\"tspBNl1\">Wer eine gebuchte Fernverkehrsreise bis einschlie\u00dflich 30. Juni wegen der Hitzewelle nicht antreten m\u00f6chte, kann sein Ticket ausnahmsweise kostenfrei stornieren. Das gilt nach Angaben der Bahn f\u00fcr alle Tickets, die bis zum 23. Juni gekauft wurden, einschlie\u00dflich Spar- und Supersparpreisen.<\/p>\n<p> 8.00 Uhr: Berliner Fu\u00dfballverband sagt die meisten Spiele am Wochenende ab <\/p>\n<p class=\"tspBNl1\">Wegen der angek\u00fcndigten Hitzewelle mit Temperaturen bis zu 40 Grad hat der Berliner Fu\u00dfball-Verband f\u00fcr das kommende Wochenende Konsequenzen gezogen: Alle Spiele, die keine Bedeutung mehr f\u00fcr Aufstieg, Abstieg oder Meisterschaft haben, werden abgesagt. Partien, die f\u00fcr Entscheidungen zwingend noch ausgetragen werden m\u00fcssen, sollen in die fr\u00fchen Morgen- oder sp\u00e4ten Abendstunden verlegt werden.<\/p>\n<p class=\"tspBNl1\">Im Einzelnen hei\u00dft das:<\/p>\n<ul data-qa-hook=\"story-list-ul\" class=\"tspB6n1\">\n<li class=\"tspB6gn tspB6gn\">Alle Spiele im Kinderfu\u00dfball werden abgesetzt.<\/li>\n<li class=\"tspB6gn tspB6gn\">Die Relegationsspiele im Jugendbereich sowie das Meisterschaftsfinale der D-Junioren finden in den fr\u00fchen Morgenstunden statt.<\/li>\n<li class=\"tspB6gn tspB6gn\">Spiele im Freizeitbereich, die keine Relevanz f\u00fcr Auf- oder Abstiege haben, fallen aus.<\/li>\n<li class=\"tspB6gn tspB6gn\">Bei den \u00e4lteren Teams, dem \u00dc-Bereich, finden Spiele am Freitag und Montag statt.<\/li>\n<li class=\"tspB6gn tspB6gn\">Die Vereine k\u00f6nnen wegen der Hitze jederzeit Spiele verlegen.<\/li>\n<\/ul>\n<p class=\"tspBNl1\">(mit dpa)<\/p>\n","protected":false},"excerpt":{"rendered":"Dieser Newsblog hat ab sofort hitzefrei. Verfolgen Sie das Geschehen in unserem aktuellen Blog zur Hitzewelle in Berlin.&hellip;\n","protected":false},"author":2,"featured_media":1122720,"comment_status":"","ping_status":"","sticky":false,"template":"","format":"standard","meta":{"footnotes":"","_share_on_mastodon":"0"},"categories":[1825],"tags":[1941,1939,9006,296,1937,38197,31,43,29,6604,14398,30,1924,1635,2384,952,8753,4507,1940,1938,966,101500,16811,383],"class_list":["post-1167303","post","type-post","status-publish","format-standard","has-post-thumbnail","category-berlin","tag-aktuelle-nachrichten-aus-berlin","tag-aktuelle-news-aus-berlin","tag-alexanderplatz","tag-berlin","tag-berlin-news","tag-berliner-philharmoniker","tag-cdu","tag-deutscher-bundestag","tag-deutschland","tag-franziska-giffey","tag-future-technologies","tag-germany","tag-goerlitzer-park","tag-jugend","tag-kai-wegner","tag-klimawandel","tag-mauerpark","tag-nachhaltigkeit","tag-nachrichten-aus-berlin","tag-news-aus-berlin","tag-schule","tag-schule-und-kita-in-potsdam","tag-tempelhofer-feld","tag-umwelt"],"share_on_mastodon":{"url":"https:\/\/pubeurope.com\/@de\/116921396773778699","error":""},"_links":{"self":[{"href":"https:\/\/www.europesays.com\/de\/wp-json\/wp\/v2\/posts\/1167303","targetHints":{"allow":["GET"]}}],"collection":[{"href":"https:\/\/www.europesays.com\/de\/wp-json\/wp\/v2\/posts"}],"about":[{"href":"https:\/\/www.europesays.com\/de\/wp-json\/wp\/v2\/types\/post"}],"author":[{"embeddable":true,"href":"https:\/\/www.europesays.com\/de\/wp-json\/wp\/v2\/users\/2"}],"replies":[{"embeddable":true,"href":"https:\/\/www.europesays.com\/de\/wp-json\/wp\/v2\/comments?post=1167303"}],"version-history":[{"count":0,"href":"https:\/\/www.europesays.com\/de\/wp-json\/wp\/v2\/posts\/1167303\/revisions"}],"wp:featuredmedia":[{"embeddable":true,"href":"https:\/\/www.europesays.com\/de\/wp-json\/wp\/v2\/media\/1122720"}],"wp:attachment":[{"href":"https:\/\/www.europesays.com\/de\/wp-json\/wp\/v2\/media?parent=1167303"}],"wp:term":[{"taxonomy":"category","embeddable":true,"href":"https:\/\/www.europesays.com\/de\/wp-json\/wp\/v2\/categories?post=1167303"},{"taxonomy":"post_tag","embeddable":true,"href":"https:\/\/www.europesays.com\/de\/wp-json\/wp\/v2\/tags?post=1167303"}],"curies":[{"name":"wp","href":"https:\/\/api.w.org\/{rel}","templated":true}]}}