{"id":1167452,"date":"2026-07-15T03:01:13","date_gmt":"2026-07-15T03:01:13","guid":{"rendered":"https:\/\/www.europesays.com\/de\/1167452\/"},"modified":"2026-07-15T03:01:13","modified_gmt":"2026-07-15T03:01:13","slug":"crack-konsum-und-drogenhandel-in-berlin-mitte-wird-der-kleine-tiergarten-zum-neuen-leopoldplatz","status":"publish","type":"post","link":"https:\/\/www.europesays.com\/de\/1167452\/","title":{"rendered":"Crack-Konsum und Drogenhandel in Berlin-Mitte: Wird der Kleine Tiergarten zum neuen Leopoldplatz?"},"content":{"rendered":"<p class=\"tspBNl1 tspBNl2\">Schon etwa f\u00fcnf Minuten auf einer Parkbank im Kleinen Tiergarten in Berlin-Mitte reichen an einem milden Sonntagnachmittag im Juni aus, um das erste offene Drogengesch\u00e4ft zu beobachten. Ein \u00e4lterer Mann mit Kappe und Umh\u00e4ngetasche spricht eine junge Frau an, die scheinbar ziellos durch den Park geht. Er f\u00fchrt sie zu einer Bank, \u00fcbergibt ihr ein Plastikt\u00fctchen, dann gehen beide in entgegengesetzte Richtungen auseinander.<\/p>\n","protected":false},"excerpt":{"rendered":"Schon etwa f\u00fcnf Minuten auf einer Parkbank im Kleinen Tiergarten in Berlin-Mitte reichen an einem milden Sonntagnachmittag im&hellip;\n","protected":false},"author":2,"featured_media":1167453,"comment_status":"","ping_status":"","sticky":false,"template":"","format":"standard","meta":{"footnotes":"","_share_on_mastodon":"0"},"categories":[1825],"tags":[296,5006,29,433,291,30,1924,27668,525,12385],"class_list":["post-1167452","post","type-post","status-publish","format-standard","has-post-thumbnail","category-berlin","tag-berlin","tag-bezirke","tag-deutschland","tag-drogen","tag-facebook","tag-germany","tag-goerlitzer-park","tag-kunst-in-berlin","tag-mitte","tag-wohnen-in-berlin"],"share_on_mastodon":{"url":"https:\/\/pubeurope.com\/@de\/116921767407272899","error":""},"_links":{"self":[{"href":"https:\/\/www.europesays.com\/de\/wp-json\/wp\/v2\/posts\/1167452","targetHints":{"allow":["GET"]}}],"collection":[{"href":"https:\/\/www.europesays.com\/de\/wp-json\/wp\/v2\/posts"}],"about":[{"href":"https:\/\/www.europesays.com\/de\/wp-json\/wp\/v2\/types\/post"}],"author":[{"embeddable":true,"href":"https:\/\/www.europesays.com\/de\/wp-json\/wp\/v2\/users\/2"}],"replies":[{"embeddable":true,"href":"https:\/\/www.europesays.com\/de\/wp-json\/wp\/v2\/comments?post=1167452"}],"version-history":[{"count":0,"href":"https:\/\/www.europesays.com\/de\/wp-json\/wp\/v2\/posts\/1167452\/revisions"}],"wp:featuredmedia":[{"embeddable":true,"href":"https:\/\/www.europesays.com\/de\/wp-json\/wp\/v2\/media\/1167453"}],"wp:attachment":[{"href":"https:\/\/www.europesays.com\/de\/wp-json\/wp\/v2\/media?parent=1167452"}],"wp:term":[{"taxonomy":"category","embeddable":true,"href":"https:\/\/www.europesays.com\/de\/wp-json\/wp\/v2\/categories?post=1167452"},{"taxonomy":"post_tag","embeddable":true,"href":"https:\/\/www.europesays.com\/de\/wp-json\/wp\/v2\/tags?post=1167452"}],"curies":[{"name":"wp","href":"https:\/\/api.w.org\/{rel}","templated":true}]}}