{"id":1167495,"date":"2026-07-15T03:30:18","date_gmt":"2026-07-15T03:30:18","guid":{"rendered":"https:\/\/www.europesays.com\/de\/1167495\/"},"modified":"2026-07-15T03:30:18","modified_gmt":"2026-07-15T03:30:18","slug":"grillen-in-karlsruhe-neue-grillplatz-regeln-und-erlaubte-standorte-2026-5","status":"publish","type":"post","link":"https:\/\/www.europesays.com\/de\/1167495\/","title":{"rendered":"Grillen in Karlsruhe: Neue Grillplatz-Regeln und erlaubte Standorte 2026"},"content":{"rendered":"<p class=\"mb-6 text-xs-varying md:text-m lg:text-l font-serif group-[.font-sans]:font-sans \">\n    Mit den steigenden Temperaturen w\u00e4chst in <a href=\"https:\/\/www.ka-news.de\/promis\/karlsruhe-kulturlandschaft-technologieregion-und-residenz-des-rechts-die-faecherstadt-im-ueberblick-art-2783253\" target=\"_self\" class=\"underline \" rel=\"nofollow noopener\">Karlsruhe<\/a> die Lust aufs Grillen im Freien. Damit das sicher und naturvertr\u00e4glich bleibt, hat die Stadt eine eigene Grillplatzordnung, die genau festlegt, wo gegrillt werden darf und welche Regeln gelten. <strong class=\"font-bold\">Diese hat die Stadt nun erneuert.<\/strong>\n  <\/p>\n<p>    <img decoding=\"async\" src=\"https:\/\/images.mgpd.de\/img\/109641972\/crop\/c16_9-w100\/1489631775\/593853634\/grillen-in-karlsruhe.jpg\" alt=\"Grillen. (Symbolbild)\" title=\"Grillen. (Symbolbild)\" loading=\"lazy\" class=\"h-full w-full object-cover\"\/><\/p>\n<p>      Icon vergr\u00f6\u00dfern<\/p>\n<p>    Grillen. (Symbolbild)<br \/>\n    Foto: pixabay.com \u00a9 luxstorm<\/p>\n<p>        Schlie\u00dfen <\/p>\n<p>      Icon Schlie\u00dfen<\/p>\n<p>        Icon vergr\u00f6\u00dfern<\/p>\n<p>        Icon verkleinern<\/p>\n<p>      Icon Pfeil bewegen<\/p>\n<p>    Grillen. (Symbolbild)<br \/>\n    Foto: pixabay.com \u00a9 luxstorm<\/p>\n<p class=\"mb-6 text-xs-varying md:text-m lg:text-l font-serif group-[.font-sans]:font-sans \">\n    Die Polizeiverordnung f\u00fcr die Grillpl\u00e4tze auf Gemarkung der Stadt <a href=\"https:\/\/www.ka-news.de\/karlsruhe\" target=\"_self\" class=\"underline \" rel=\"nofollow noopener\">Karlsruhe<\/a> erkl\u00e4rt, dass die genannten Grillpl\u00e4tze \u201eder Erholung und privaten Nutzung\u201c dienen und eine kommerzielle Nutzung ausgeschlossen ist.<strong class=\"font-bold\"> Wer die Pl\u00e4tze nutzt, erkennt die Bestimmungen verbindlich an.<\/strong> Damit ist eindeutig geregelt, dass die Nutzung nur unter Einhaltung der festgelegten Vorgaben zul\u00e4ssig ist.\n  <\/p>\n<p>            Wo darf in Karlsruhe gegrillt werden?<\/p>\n<p class=\"mb-6 text-xs-varying md:text-m lg:text-l font-serif group-[.font-sans]:font-sans \">\n    <strong class=\"font-bold\">Grillen ist ausschlie\u00dflich auf sechs offiziell ausgewiesenen Grillpl\u00e4tzen erlaubt:<\/strong>\n  <\/p>\n<p class=\"mb-6 text-xs-varying md:text-m lg:text-l font-serif group-[.font-sans]:font-sans \">\n    Alle Infos zu den Grillpl\u00e4tzen in Karlsruhe gibt es hier: <a href=\"https:\/\/www.ka-news.de\/region\/karlsruhe\/grillplaetze-in-karlsruhe-ort-anfahrt-reservierung-und-co-art-2947435\" target=\"_self\" class=\"underline \" rel=\"nofollow noopener\">An diesen Pl\u00e4tzen bei Karlsruhe darf offiziell gebrutzelt werden<\/a>\n  <\/p>\n<ul rel=\"\" class=\"[&amp;&gt;li]:relative list-none  [&amp;&gt;li]:pl-[1.2em] [&amp;&gt;li]:marker:text-[0] [&amp;&gt;li]:relative [&amp;&gt;li]:before:absolute [&amp;&gt;li]:before:w-3 [&amp;&gt;li]:before:h-3 [&amp;&gt;li]:before:bg-brand [&amp;&gt;li]:before:left-0 [&amp;&gt;li]:before:rounded-full [&amp;&gt;li]:before:top-[8px] md:[&amp;&gt;li]:before:top-[9px] lg:[&amp;&gt;li]:before:top-[11px]  my-5\">\n<li class=\" mb-3 text-xs-varying md:text-m lg:text-l\">Rennwiese im Oberwald<\/li>\n<li class=\" mb-3 text-xs-varying md:text-m lg:text-l\">Oberwaldsee im Oberwald<\/li>\n<li class=\" mb-3 text-xs-varying md:text-m lg:text-l\">Z\u00fcndh\u00fctle an der Tiefentalstra\u00dfe<\/li>\n<li class=\" mb-3 text-xs-varying md:text-m lg:text-l\">Igelseck Stupferich<\/li>\n<li class=\" mb-3 text-xs-varying md:text-m lg:text-l\">Friedrichstaler Allee im Hardtwald<\/li>\n<li class=\" mb-3 text-xs-varying md:text-m lg:text-l\">Grillplatz \u201eLager\u201c der Gemeinde Eggenstein-Leopoldshafen<\/li>\n<li class=\" mb-3 text-xs-varying md:text-m lg:text-l\">Grillplatz Park and Ride \/ BAB A8 Karlsbad<\/li>\n<\/ul>\n<p>    <img decoding=\"async\" src=\"https:\/\/images.mgpd.de\/img\/109438621\/crop\/c16_9-w100\/923412133\/130078961\/grillplatz-am-zuendhuetle.jpg\" alt=\"Grillplatz am Z\u00fcndh\u00fctle. (Archivbild)\" title=\"Grillplatz am Z\u00fcndh\u00fctle. (Archivbild)\" loading=\"lazy\" class=\"h-full w-full object-cover\"\/><\/p>\n<p>      Icon vergr\u00f6\u00dfern<\/p>\n<p>    Grillplatz am Z\u00fcndh\u00fctle. (Archivbild)<br \/>\n    Foto: Mia Schuhmacher<\/p>\n<p>        Schlie\u00dfen <\/p>\n<p>      Icon Schlie\u00dfen<\/p>\n<p>        Icon vergr\u00f6\u00dfern<\/p>\n<p>        Icon verkleinern<\/p>\n<p>      Icon Pfeil bewegen<\/p>\n<p>    Grillplatz am Z\u00fcndh\u00fctle. (Archivbild)<br \/>\n    Foto: Mia Schuhmacher<\/p>\n<p>            Wann d\u00fcrfen die Grillpl\u00e4tze genutzt werden?<\/p>\n<ul rel=\"\" class=\"[&amp;&gt;li]:relative list-none  [&amp;&gt;li]:pl-[1.2em] [&amp;&gt;li]:marker:text-[0] [&amp;&gt;li]:relative [&amp;&gt;li]:before:absolute [&amp;&gt;li]:before:w-3 [&amp;&gt;li]:before:h-3 [&amp;&gt;li]:before:bg-brand [&amp;&gt;li]:before:left-0 [&amp;&gt;li]:before:rounded-full [&amp;&gt;li]:before:top-[8px] md:[&amp;&gt;li]:before:top-[9px] lg:[&amp;&gt;li]:before:top-[11px]  my-5\">\n<li class=\" mb-3 text-xs-varying md:text-m lg:text-l\">T\u00e4glich von 9 bis 23 Uhr.<\/li>\n<li class=\" mb-3 text-xs-varying md:text-m lg:text-l\">Ab 22 Uhr gilt die allgemeine Nachtruhe.<\/li>\n<\/ul>\n<p>    <img decoding=\"async\" src=\"https:\/\/images.mgpd.de\/img\/109898260\/crop\/c16_9-w100\/1205352555\/940812757\/grillplatz-an-den-rennwiesen.jpg\" alt=\"Grillplatz an den Rennwiesen. (Archivbild)\" title=\"Grillplatz an den Rennwiesen. (Archivbild)\" loading=\"lazy\" class=\"h-full w-full object-cover\"\/><\/p>\n<p>      Icon vergr\u00f6\u00dfern<\/p>\n<p>    Grillplatz an den Rennwiesen. (Archivbild)<br \/>\n    Foto: Mia Schuhmacher<\/p>\n<p>        Schlie\u00dfen <\/p>\n<p>      Icon Schlie\u00dfen<\/p>\n<p>        Icon vergr\u00f6\u00dfern<\/p>\n<p>        Icon verkleinern<\/p>\n<p>      Icon Pfeil bewegen<\/p>\n<p>    Grillplatz an den Rennwiesen. (Archivbild)<br \/>\n    Foto: Mia Schuhmacher<\/p>\n<p>            Wie darf auf den Grillpl\u00e4tzen gegrillt werden?<\/p>\n<p class=\"mb-6 text-xs-varying md:text-m lg:text-l font-serif group-[.font-sans]:font-sans \">\n    <strong class=\"font-bold\">Nur in den vorhandenen Grillstellen oder mit eigenen Gasgrills,<\/strong> die mindestens 40\u202fcm Abstand zum Boden haben. Das Anlegen zus\u00e4tzlicher Feuer- oder Grillstellen ist <strong class=\"font-bold\">verboten<\/strong>.\n  <\/p>\n<p>    <img decoding=\"async\" src=\"https:\/\/images.mgpd.de\/img\/109999886\/crop\/c16_9-w100\/918018024\/1843536603\/kein-mangel-bei-lpg-aus-der-buddel.jpg\" alt=\"Feuer frei am Gasgrill. (Symbolbild)\" title=\"Feuer frei am Gasgrill. (Symbolbild)\" loading=\"lazy\" class=\"h-full w-full object-cover\"\/><\/p>\n<p>      Icon vergr\u00f6\u00dfern<\/p>\n<p>    Feuer frei am Gasgrill. (Symbolbild)<br \/>\n    Foto: Andrea Warnecke\/dpa-tmn<\/p>\n<p>        Schlie\u00dfen <\/p>\n<p>      Icon Schlie\u00dfen<\/p>\n<p>        Icon vergr\u00f6\u00dfern<\/p>\n<p>        Icon verkleinern<\/p>\n<p>      Icon Pfeil bewegen<\/p>\n<p>    Feuer frei am Gasgrill. (Symbolbild)<br \/>\n    Foto: Andrea Warnecke\/dpa-tmn<\/p>\n<p>            Womit darf gegrillt werden?<\/p>\n<ul rel=\"\" class=\"[&amp;&gt;li]:relative list-none  [&amp;&gt;li]:pl-[1.2em] [&amp;&gt;li]:marker:text-[0] [&amp;&gt;li]:relative [&amp;&gt;li]:before:absolute [&amp;&gt;li]:before:w-3 [&amp;&gt;li]:before:h-3 [&amp;&gt;li]:before:bg-brand [&amp;&gt;li]:before:left-0 [&amp;&gt;li]:before:rounded-full [&amp;&gt;li]:before:top-[8px] md:[&amp;&gt;li]:before:top-[9px] lg:[&amp;&gt;li]:before:top-[11px]  my-5\">\n<li class=\" mb-3 text-xs-varying md:text-m lg:text-l\">handels\u00fcbliche Grillkohle<\/li>\n<li class=\" mb-3 text-xs-varying md:text-m lg:text-l\">Grillbriketts<\/li>\n<li class=\" mb-3 text-xs-varying md:text-m lg:text-l\">Gas<\/li>\n<\/ul>\n<p>            Womit darf nicht gegrillt werden?<\/p>\n<ul rel=\"\" class=\"[&amp;&gt;li]:relative list-none  [&amp;&gt;li]:pl-[1.2em] [&amp;&gt;li]:marker:text-[0] [&amp;&gt;li]:relative [&amp;&gt;li]:before:absolute [&amp;&gt;li]:before:w-3 [&amp;&gt;li]:before:h-3 [&amp;&gt;li]:before:bg-brand [&amp;&gt;li]:before:left-0 [&amp;&gt;li]:before:rounded-full [&amp;&gt;li]:before:top-[8px] md:[&amp;&gt;li]:before:top-[9px] lg:[&amp;&gt;li]:before:top-[11px]  my-5\">\n<li class=\" mb-3 text-xs-varying md:text-m lg:text-l\">Einweggrills<\/li>\n<li class=\" mb-3 text-xs-varying md:text-m lg:text-l\">Lagerfeuer<\/li>\n<li class=\" mb-3 text-xs-varying md:text-m lg:text-l\">das Verbrennen von Holz, \u00c4sten, Abf\u00e4llen oder sonstigen Materialien<\/li>\n<li class=\" mb-3 text-xs-varying md:text-m lg:text-l\">Ausnahme: Am Grillplatz Park and Ride \/ BAB A8 Karlsbad d\u00fcrfen auf den befestigten Fl\u00e4chen auch mitgebrachte Holzkohlegrills genutzt werden.<\/li>\n<\/ul>\n<p>    <img decoding=\"async\" src=\"https:\/\/images.mgpd.de\/img\/109736932\/crop\/c16_9-w100\/1493943762\/2100702048\/lagerfeuer-mit-stockbrot.jpg\" alt=\"Lagerfeuer. (Symbolbild)\" title=\"Lagerfeuer. (Symbolbild)\" loading=\"lazy\" class=\"h-full w-full object-cover\"\/><\/p>\n<p>      Icon vergr\u00f6\u00dfern<\/p>\n<p>    Lagerfeuer. (Symbolbild)<br \/>\n    Foto: atimedia@pixabay<\/p>\n<p>        Schlie\u00dfen <\/p>\n<p>      Icon Schlie\u00dfen<\/p>\n<p>        Icon vergr\u00f6\u00dfern<\/p>\n<p>        Icon verkleinern<\/p>\n<p>      Icon Pfeil bewegen<\/p>\n<p>    Lagerfeuer. (Symbolbild)<br \/>\n    Foto: atimedia@pixabay<\/p>\n<p>            Was ist sonst zu beachten?<\/p>\n<ul rel=\"\" class=\"[&amp;&gt;li]:relative list-none  [&amp;&gt;li]:pl-[1.2em] [&amp;&gt;li]:marker:text-[0] [&amp;&gt;li]:relative [&amp;&gt;li]:before:absolute [&amp;&gt;li]:before:w-3 [&amp;&gt;li]:before:h-3 [&amp;&gt;li]:before:bg-brand [&amp;&gt;li]:before:left-0 [&amp;&gt;li]:before:rounded-full [&amp;&gt;li]:before:top-[8px] md:[&amp;&gt;li]:before:top-[9px] lg:[&amp;&gt;li]:before:top-[11px]  my-5\">\n<li class=\" mb-3 text-xs-varying md:text-m lg:text-l\">Zwischen 1. M\u00e4rz und 31. Oktober muss vorab der tagesaktuelle Waldbrandgefahrenindex des DWD gepr\u00fcft werden.<\/li>\n<li class=\" mb-3 text-xs-varying md:text-m lg:text-l\">Bei starkem Wind oder Funkenflug ist Grillen untersagt.<\/li>\n<li class=\" mb-3 text-xs-varying md:text-m lg:text-l\">Feuer und Glut d\u00fcrfen nie unbeaufsichtigt bleiben.<\/li>\n<li class=\" mb-3 text-xs-varying md:text-m lg:text-l\">Vor dem Verlassen m\u00fcssen sie vollst\u00e4ndig gel\u00f6scht sein.<\/li>\n<li class=\" mb-3 text-xs-varying md:text-m lg:text-l\">Es gibt keine Feuerl\u00f6scher vor Ort; Nutzerinnen und Nutzer m\u00fcssen selbst f\u00fcr ausreichenden Brandschutz sorgen.<\/li>\n<li class=\" mb-3 text-xs-varying md:text-m lg:text-l\">Kalte Asche darf nur in die vorgesehenen Beh\u00e4lter, nicht in den Wald.<\/li>\n<li class=\" mb-3 text-xs-varying md:text-m lg:text-l\">Grillpl\u00e4tze sind sauber zu halten; M\u00fcll mitnehmen, wenn Beh\u00e4lter voll sind.<\/li>\n<li class=\" mb-3 text-xs-varying md:text-m lg:text-l\">Keine Fahrzeuge auf den Grillpl\u00e4tzen.<\/li>\n<li class=\" mb-3 text-xs-varying md:text-m lg:text-l\">Zelten und \u00dcbernachten sind verboten.<\/li>\n<li class=\" mb-3 text-xs-varying md:text-m lg:text-l\">Vom 1. M\u00e4rz bis 31. Oktober gilt im Wald ein Rauchverbot.<\/li>\n<\/ul>\n<p>            Welche Regeln gelten f\u00fcr L\u00e4rm, Musik und Beleuchtung?<\/p>\n<ul rel=\"\" class=\"[&amp;&gt;li]:relative list-none  [&amp;&gt;li]:pl-[1.2em] [&amp;&gt;li]:marker:text-[0] [&amp;&gt;li]:relative [&amp;&gt;li]:before:absolute [&amp;&gt;li]:before:w-3 [&amp;&gt;li]:before:h-3 [&amp;&gt;li]:before:bg-brand [&amp;&gt;li]:before:left-0 [&amp;&gt;li]:before:rounded-full [&amp;&gt;li]:before:top-[8px] md:[&amp;&gt;li]:before:top-[9px] lg:[&amp;&gt;li]:before:top-[11px]  my-5\">\n<li class=\" mb-3 text-xs-varying md:text-m lg:text-l\">L\u00e4rm, der andere st\u00f6rt, ist verboten.<\/li>\n<li class=\" mb-3 text-xs-varying md:text-m lg:text-l\">Keine Stromaggregate, keine verst\u00e4rkten Instrumente.<\/li>\n<li class=\" mb-3 text-xs-varying md:text-m lg:text-l\">Musik nur in angemessener Lautst\u00e4rke und bis 22 Uhr.<\/li>\n<\/ul>\n<p class=\"mb-6 text-xs-varying md:text-m lg:text-l font-serif group-[.font-sans]:font-sans \">\n    <strong class=\"font-bold\">Beleuchtung nur im notwendigen Ma\u00df:<\/strong>\n  <\/p>\n<ul rel=\"\" class=\"[&amp;&gt;li]:relative list-none  [&amp;&gt;li]:pl-[1.2em] [&amp;&gt;li]:marker:text-[0] [&amp;&gt;li]:relative [&amp;&gt;li]:before:absolute [&amp;&gt;li]:before:w-3 [&amp;&gt;li]:before:h-3 [&amp;&gt;li]:before:bg-brand [&amp;&gt;li]:before:left-0 [&amp;&gt;li]:before:rounded-full [&amp;&gt;li]:before:top-[8px] md:[&amp;&gt;li]:before:top-[9px] lg:[&amp;&gt;li]:before:top-[11px]  my-5\">\n<li class=\" mb-3 text-xs-varying md:text-m lg:text-l\">Erlaubt: kleine mobile Leuchten mit schwachem, warmwei\u00dfem Licht<\/li>\n<li class=\" mb-3 text-xs-varying md:text-m lg:text-l\">Verboten: Scheinwerfer, Flutlicht, Effektlicht, Blink- oder Stroboskoplicht<\/li>\n<\/ul>\n<p>            Gibt es Grillpl\u00e4tze, die reserviert werden m\u00fcssen?<\/p>\n<p class=\"mb-6 text-xs-varying md:text-m lg:text-l font-serif group-[.font-sans]:font-sans \">\n    Ja: Der<strong class=\"font-bold\"> Grillplatz \u201eLager\u201c in Eggenstein-Leopoldshafen ist kostenpflichtig und grunds\u00e4tzlich nur nach vorheriger Reservierung<\/strong> nutzbar.\n  <\/p>\n<p>    <img decoding=\"async\" src=\"https:\/\/images.mgpd.de\/img\/109848454\/crop\/c16_9-w100\/756384404\/1612577834\/grillen-auf-dem-grillplatz.jpg\" alt=\"Grillplatz. (Symbolbild)\" title=\"Grillplatz. (Symbolbild)\" loading=\"lazy\" class=\"h-full w-full object-cover\"\/><\/p>\n<p>      Icon vergr\u00f6\u00dfern<\/p>\n<p>    Grillplatz. (Symbolbild)<br \/>\n    Foto: Daniel Karmann\/dpa-tmn<\/p>\n<p>        Schlie\u00dfen <\/p>\n<p>      Icon Schlie\u00dfen<\/p>\n<p>        Icon vergr\u00f6\u00dfern<\/p>\n<p>        Icon verkleinern<\/p>\n<p>      Icon Pfeil bewegen<\/p>\n<p>    Grillplatz. (Symbolbild)<br \/>\n    Foto: Daniel Karmann\/dpa-tmn<\/p>\n<p>            Was passiert bei Verst\u00f6\u00dfen gegen die Grillplatzordnung?<\/p>\n<p class=\"mb-6 text-xs-varying md:text-m lg:text-l font-serif group-[.font-sans]:font-sans \">\n    Verst\u00f6\u00dfe gelten als Ordnungswidrigkeiten. <strong class=\"font-bold\">Es drohen Geldbu\u00dfen zwischen 5 und 5.000 Euro<\/strong> und Personen k\u00f6nnen vom Platz verwiesen werden. Bei hoher Waldbrandgefahr kann die Nutzung kurzfristig untersagt werden \u2013 ohne Anspruch auf Schadensersatz.\n  <\/p>\n","protected":false},"excerpt":{"rendered":"Mit den steigenden Temperaturen w\u00e4chst in Karlsruhe die Lust aufs Grillen im Freien. Damit das sicher und naturvertr\u00e4glich&hellip;\n","protected":false},"author":2,"featured_media":981540,"comment_status":"","ping_status":"","sticky":false,"template":"","format":"standard","meta":{"footnotes":"","_share_on_mastodon":"0"},"categories":[1844],"tags":[1634,3364,29,151688,30,36205,212652,8903],"class_list":["post-1167495","post","type-post","status-publish","format-standard","has-post-thumbnail","category-karlsruhe","tag-baden-wuerttemberg","tag-de","tag-deutschland","tag-eggenstein-leopoldshafen","tag-germany","tag-grillplatz","tag-grillplatzordnung","tag-karlsruhe"],"share_on_mastodon":{"url":"https:\/\/pubeurope.com\/@de\/116921883437030301","error":""},"_links":{"self":[{"href":"https:\/\/www.europesays.com\/de\/wp-json\/wp\/v2\/posts\/1167495","targetHints":{"allow":["GET"]}}],"collection":[{"href":"https:\/\/www.europesays.com\/de\/wp-json\/wp\/v2\/posts"}],"about":[{"href":"https:\/\/www.europesays.com\/de\/wp-json\/wp\/v2\/types\/post"}],"author":[{"embeddable":true,"href":"https:\/\/www.europesays.com\/de\/wp-json\/wp\/v2\/users\/2"}],"replies":[{"embeddable":true,"href":"https:\/\/www.europesays.com\/de\/wp-json\/wp\/v2\/comments?post=1167495"}],"version-history":[{"count":0,"href":"https:\/\/www.europesays.com\/de\/wp-json\/wp\/v2\/posts\/1167495\/revisions"}],"wp:featuredmedia":[{"embeddable":true,"href":"https:\/\/www.europesays.com\/de\/wp-json\/wp\/v2\/media\/981540"}],"wp:attachment":[{"href":"https:\/\/www.europesays.com\/de\/wp-json\/wp\/v2\/media?parent=1167495"}],"wp:term":[{"taxonomy":"category","embeddable":true,"href":"https:\/\/www.europesays.com\/de\/wp-json\/wp\/v2\/categories?post=1167495"},{"taxonomy":"post_tag","embeddable":true,"href":"https:\/\/www.europesays.com\/de\/wp-json\/wp\/v2\/tags?post=1167495"}],"curies":[{"name":"wp","href":"https:\/\/api.w.org\/{rel}","templated":true}]}}