{"id":1167638,"date":"2026-07-15T05:00:24","date_gmt":"2026-07-15T05:00:24","guid":{"rendered":"https:\/\/www.europesays.com\/de\/1167638\/"},"modified":"2026-07-15T05:00:24","modified_gmt":"2026-07-15T05:00:24","slug":"modernisierte-lidl-filiale-oeffnet-am-donnerstag-maximiliansau","status":"publish","type":"post","link":"https:\/\/www.europesays.com\/de\/1167638\/","title":{"rendered":"Modernisierte Lidl-Filiale \u00f6ffnet am Donnerstag &#8211; Maximiliansau"},"content":{"rendered":"<p class=\"rhp-dpa-teaser\"><b>Gut zweieinhalb Wochen war die Lidl-Filiale im K\u00fchgrunddamm 2 geschlossen. Am Donnerstag wird der modernisierte Einkaufsmarkt wiederer\u00f6ffnet. Einige Neuerungen gibt es auch.<\/b><\/p>\n<p> Wie gewohnt um 7 Uhr \u00f6ffnet am Donnerstag, 16. Juli, die Lidl-Filiale beim Maximilian-Center ihre T\u00fcren, nachdem diese seit dem 29. Juni geschlossen waren. <a class=\"rtr-entity\" data-rtr-entity=\"Lidl\" data-rtr-id=\"ceb8c9a4e2b8064d661bc77ab6ffe0f257a13c38\" data-rtr-score=\"148.93510452961672\" data-rtr-etype=\"organisation\" data-rtr-index=\"6\" href=\"https:\/\/www.rheinpfalz.de\/themen\/lidl\" rel=\"nofollow noopener\" target=\"_blank\">Lidl<\/a> verspricht seinen Kunden \u201eattraktive Einkaufsbedingungen in einer modernen Einkaufsst\u00e4tte\u201c. Insbesondere das Frischesortiment mit Obst und Gem\u00fcse, Backwaren, Frischfleisch und Molkereiprodukten erh\u00e4lt mehr Fl\u00e4che in der Filiale. Damit habe man die M\u00f6glichkeit, in diesem Bereich eine<\/p>\n<p class=\"rhp-teaser\"><b>Gut zweieinhalb Wochen war die Lidl-Filiale im K\u00fchgrunddamm 2 geschlossen. Am Donnerstag wird der modernisierte Einkaufsmarkt wiederer\u00f6ffnet. Einige Neuerungen gibt es auch.<\/b><\/p>\n","protected":false},"excerpt":{"rendered":"Gut zweieinhalb Wochen war die Lidl-Filiale im K\u00fchgrunddamm 2 geschlossen. Am Donnerstag wird der modernisierte Einkaufsmarkt wiederer\u00f6ffnet. Einige&hellip;\n","protected":false},"author":2,"featured_media":1167639,"comment_status":"","ping_status":"","sticky":false,"template":"","format":"standard","meta":{"footnotes":"","_share_on_mastodon":"0"},"categories":[1844],"tags":[1634,3364,29,30,8903,244680,2939,4060,27216],"class_list":["post-1167638","post","type-post","status-publish","format-standard","has-post-thumbnail","category-karlsruhe","tag-baden-wuerttemberg","tag-de","tag-deutschland","tag-germany","tag-karlsruhe","tag-kuehgrunddamm","tag-lidl","tag-lokal","tag-maximiliansau"],"share_on_mastodon":{"url":"https:\/\/pubeurope.com\/@de\/116922235427335065","error":""},"_links":{"self":[{"href":"https:\/\/www.europesays.com\/de\/wp-json\/wp\/v2\/posts\/1167638","targetHints":{"allow":["GET"]}}],"collection":[{"href":"https:\/\/www.europesays.com\/de\/wp-json\/wp\/v2\/posts"}],"about":[{"href":"https:\/\/www.europesays.com\/de\/wp-json\/wp\/v2\/types\/post"}],"author":[{"embeddable":true,"href":"https:\/\/www.europesays.com\/de\/wp-json\/wp\/v2\/users\/2"}],"replies":[{"embeddable":true,"href":"https:\/\/www.europesays.com\/de\/wp-json\/wp\/v2\/comments?post=1167638"}],"version-history":[{"count":0,"href":"https:\/\/www.europesays.com\/de\/wp-json\/wp\/v2\/posts\/1167638\/revisions"}],"wp:featuredmedia":[{"embeddable":true,"href":"https:\/\/www.europesays.com\/de\/wp-json\/wp\/v2\/media\/1167639"}],"wp:attachment":[{"href":"https:\/\/www.europesays.com\/de\/wp-json\/wp\/v2\/media?parent=1167638"}],"wp:term":[{"taxonomy":"category","embeddable":true,"href":"https:\/\/www.europesays.com\/de\/wp-json\/wp\/v2\/categories?post=1167638"},{"taxonomy":"post_tag","embeddable":true,"href":"https:\/\/www.europesays.com\/de\/wp-json\/wp\/v2\/tags?post=1167638"}],"curies":[{"name":"wp","href":"https:\/\/api.w.org\/{rel}","templated":true}]}}