{"id":1167683,"date":"2026-07-15T05:24:14","date_gmt":"2026-07-15T05:24:14","guid":{"rendered":"https:\/\/www.europesays.com\/de\/1167683\/"},"modified":"2026-07-15T05:24:14","modified_gmt":"2026-07-15T05:24:14","slug":"feinstaubbelastung-in-bayern-hoch-theresienstrasse-fuerth-mit-negativem-rekord-2","status":"publish","type":"post","link":"https:\/\/www.europesays.com\/de\/1167683\/","title":{"rendered":"Feinstaubbelastung in Bayern hoch \u2013 Theresienstra\u00dfe F\u00fcrth mit negativem Rekord"},"content":{"rendered":"<p class=\"mb-6 text-xs-varying md:text-m lg:text-l font-serif group-[.font-sans]:font-sans \">\n    Viele <a href=\"https:\/\/www.ka-news.de\/auto\" target=\"_self\" class=\"underline \" rel=\"nofollow noopener\">Autos<\/a> und eine hohe Verkehrsbelastung sind nicht nur nervenaufreibend, sondern auch schlecht f\u00fcr die Gesundheit. Das Umweltbundesamt misst deswegen t\u00e4glich die Feinstaubbelastung in deutschen St\u00e4dten. Viele Jahre f\u00fchrte die Landhuter Allee in <a href=\"https:\/\/www.augsburger-allgemeine.de\/orte\/aa-muenchen\" target=\"_self\" class=\"underline \" rel=\"nofollow noopener\">M\u00fcnchen<\/a> die Liste an, doch das ist pass\u00e9. In dieser bayerischen Stadt liegt nun die dreckigste Stra\u00dfe Deutschlands.\n  <\/p>\n<p>            Auch Augsburger Stra\u00dfen zeigen hohe Feinstaubwerte im Juni<\/p>\n<p class=\"mb-6 text-xs-varying md:text-m lg:text-l font-serif group-[.font-sans]:font-sans \">\n    Basierend auf den Messdaten der Beh\u00f6rde hat das Unternehmen Coway ein bundesweites Feinstaub-Ranking f\u00fcr den Juni 2026 erstellt. Dabei zeigte sich deutlich: Die Theresienstra\u00dfe in F\u00fcrth ist mit einem Monatsmittel von 22,57 Mikrogramm pro Kubikmeter die am meisten mit Feinstaub belastete Stra\u00dfe in Deutschland. Auf Platz zwei und drei liegen die Ludwigshafener Messstationen in Mundenheim und der Heinigstra\u00dfe. Doch auch Augsburger Stra\u00dfen landen in der bayerischen Top 10.\n  <\/p>\n<p class=\"mb-6 text-xs-varying md:text-m lg:text-l font-serif group-[.font-sans]:font-sans \">\n    Diese Orte in <a href=\"https:\/\/augsburger-allgemeine.de\/bayern\/\" target=\"_self\" class=\"underline \" rel=\"nofollow noopener\">Bayern<\/a> waren im Juni am meisten mit Feinstaub belastet:\n  <\/p>\n<ul rel=\"\" class=\"[&amp;&gt;li]:relative list-none  [&amp;&gt;li]:pl-[1.2em] [&amp;&gt;li]:marker:text-[0] [&amp;&gt;li]:relative [&amp;&gt;li]:before:absolute [&amp;&gt;li]:before:w-3 [&amp;&gt;li]:before:h-3 [&amp;&gt;li]:before:bg-brand [&amp;&gt;li]:before:left-0 [&amp;&gt;li]:before:rounded-full [&amp;&gt;li]:before:top-[8px] md:[&amp;&gt;li]:before:top-[9px] lg:[&amp;&gt;li]:before:top-[11px]  my-5\">\n<li class=\" mb-3 text-xs-varying md:text-m lg:text-l\">Theresienstra\u00dfe in F\u00fcrth (22,57 Mikrogramm pro Kubikmeter)<\/li>\n<li class=\" mb-3 text-xs-varying md:text-m lg:text-l\">Angerstra\u00dfe in Passau (20,17 Mikrogramm pro Kubikmeter)<\/li>\n<li class=\" mb-3 text-xs-varying md:text-m lg:text-l\">Landshuter Allee in M\u00fcnchen (18,97 Mikrogramm pro Kubikmeter)<\/li>\n<li class=\" mb-3 text-xs-varying md:text-m lg:text-l\">Schwimmbadstra\u00dfe in Trostberg (18,30 Mikrogramm pro Kubikmeter)<\/li>\n<li class=\" mb-3 text-xs-varying md:text-m lg:text-l\">Stachus in M\u00fcnchen (18,10 Mikrogramm pro Kubikmeter)<\/li>\n<li class=\" mb-3 text-xs-varying md:text-m lg:text-l\">Gabelsbergerstra\u00dfe in Neu-Ulm (17,81 Mikrogramm pro Kubikmeter)<\/li>\n<li class=\" mb-3 text-xs-varying md:text-m lg:text-l\">Johanneskirchen in M\u00fcnchen (17,63 Mikrogramm pro Kubikmeter)<\/li>\n<li class=\" mb-3 text-xs-varying md:text-m lg:text-l\">Karlstra\u00dfe in Augsburg (17,47 Mikrogramm pro Kubikmeter)<\/li>\n<li class=\" mb-3 text-xs-varying md:text-m lg:text-l\">Bourges-Platz in Augsburg (17,17 Mikrogramm pro Kubikmeter)<\/li>\n<li class=\" mb-3 text-xs-varying md:text-m lg:text-l\">Friedrichshafener Stra\u00dfe in Lindau (16,47 Mikrogramm pro Kubikmeter)<\/li>\n<\/ul>\n<p>            Theresienstra\u00dfe in F\u00fcrth meldet bundesweit h\u00f6chste Feinstaubwerte<\/p>\n<p class=\"mb-6 text-xs-varying md:text-m lg:text-l font-serif group-[.font-sans]:font-sans \">\n    An der Landshuter Allee waren die Werte zuletzt niedriger. Grund daf\u00fcr ist auch, dass die Stadt statt Tempo 50 ein geringeres Tempo von 30 Kilometern pro Stunde einf\u00fchrte. Das k\u00f6nnte bald aber vorbei sein. CSU-Fraktionschef Manuel Pretzl forderte Ende 2025 ein Ende dieser Geschwindigkeitsbegrenzung. Laut ihm gebe es wegen der geringeren Feinstaubwerte k\u00fcnftig keine Grundlage mehr.\n  <\/p>\n<p class=\"mb-6 text-xs-varying md:text-m lg:text-l font-serif group-[.font-sans]:font-sans \">\n    So hoch die Werte scheinen m\u00f6chten, alle Messpunkte in Deutschland liegen deutlich unter dem aktuell g\u00fcltigen EU-Jahresgrenzwert von 40 Mikrogramm pro Kubikmeter. Ab 2030 liegt dieser Wert sogar nur noch bei 20 Mikrogramm pro Kubikmeter. Der Richtwert ist bei der Weltgesundheitsorganisation (WHO) strikter und liegt bei 15 Mikrogramm pro Kubikmeter, denn nach Angaben der Europ\u00e4ischen Umweltagentur sterben in Deutschland rund 70.000 Menschen pro Jahr vorzeitig an den Folgen der Feinstaubbelastung.\n  <\/p>\n","protected":false},"excerpt":{"rendered":"Viele Autos und eine hohe Verkehrsbelastung sind nicht nur nervenaufreibend, sondern auch schlecht f\u00fcr die Gesundheit. Das Umweltbundesamt&hellip;\n","protected":false},"author":2,"featured_media":1162063,"comment_status":"","ping_status":"","sticky":false,"template":"","format":"standard","meta":{"footnotes":"","_share_on_mastodon":"0"},"categories":[1837],"tags":[513,772,72037,3364,29,83113,170586,4347,30,1268,32072,3783,243718],"class_list":["post-1167683","post","type-post","status-publish","format-standard","has-post-thumbnail","category-nuernberg","tag-auto","tag-bayern","tag-bundesumweltamt","tag-de","tag-deutschland","tag-feinstaubbelastung","tag-feinstaubwert","tag-fuerth","tag-germany","tag-muenchen","tag-mundenheim","tag-nuernberg","tag-verkehrsbelastung"],"share_on_mastodon":{"url":"https:\/\/pubeurope.com\/@de\/116922329805341896","error":""},"_links":{"self":[{"href":"https:\/\/www.europesays.com\/de\/wp-json\/wp\/v2\/posts\/1167683","targetHints":{"allow":["GET"]}}],"collection":[{"href":"https:\/\/www.europesays.com\/de\/wp-json\/wp\/v2\/posts"}],"about":[{"href":"https:\/\/www.europesays.com\/de\/wp-json\/wp\/v2\/types\/post"}],"author":[{"embeddable":true,"href":"https:\/\/www.europesays.com\/de\/wp-json\/wp\/v2\/users\/2"}],"replies":[{"embeddable":true,"href":"https:\/\/www.europesays.com\/de\/wp-json\/wp\/v2\/comments?post=1167683"}],"version-history":[{"count":0,"href":"https:\/\/www.europesays.com\/de\/wp-json\/wp\/v2\/posts\/1167683\/revisions"}],"wp:featuredmedia":[{"embeddable":true,"href":"https:\/\/www.europesays.com\/de\/wp-json\/wp\/v2\/media\/1162063"}],"wp:attachment":[{"href":"https:\/\/www.europesays.com\/de\/wp-json\/wp\/v2\/media?parent=1167683"}],"wp:term":[{"taxonomy":"category","embeddable":true,"href":"https:\/\/www.europesays.com\/de\/wp-json\/wp\/v2\/categories?post=1167683"},{"taxonomy":"post_tag","embeddable":true,"href":"https:\/\/www.europesays.com\/de\/wp-json\/wp\/v2\/tags?post=1167683"}],"curies":[{"name":"wp","href":"https:\/\/api.w.org\/{rel}","templated":true}]}}