{"id":1167860,"date":"2026-07-15T07:01:19","date_gmt":"2026-07-15T07:01:19","guid":{"rendered":"https:\/\/www.europesays.com\/de\/1167860\/"},"modified":"2026-07-15T07:01:19","modified_gmt":"2026-07-15T07:01:19","slug":"flughafen-duesseldorf-umfrage-bringt-ergebnis-zu-strittiger-toiletten-regel","status":"publish","type":"post","link":"https:\/\/www.europesays.com\/de\/1167860\/","title":{"rendered":"Flughafen D\u00fcsseldorf: Umfrage bringt Ergebnis zu strittiger Toiletten-Regel"},"content":{"rendered":"<p>Flughafen D\u00fcsseldorf <\/p>\n<p>Emp\u00f6rung wegen neuer Toiletten-Regel \u2013 Umfrage bringt Ergebnis<\/p>\n<p>15.07.2026 &#8211; 08:51 UhrLesedauer: 2 Min.<\/p>\n<p><a href=\"#focus-0\" class=\"transition-colors block text-current relative\" data-sctrack=\"FocusGalleryImage.Reference\"><img fetchpriority=\"high\" data-testid=\"Opener.Image\"   loading=\"eager\" src=\"https:\/\/www.europesays.com\/de\/wp-content\/uploads\/2026\/07\/skyup-airlines-boeing-737-800-ur-sqg-ukraine-beim-start-auf-dem-flughafen-duesseldorf-international-.jpeg\" alt=\"imago images 0308687543\" title=\"imago images 0308687543\" width=\"9433\" height=\"5306\" class=\"bg-[url:var(--lqipURL)] bg-cover bg-center flex h-full w-full max-w-full\" style=\"--lqipURL:url('https:\/\/images.t-online.de\/2026\/07\/jL2Nc9-dLZ7G\/0x983:9433x5306\/fit-in\/150x0\/filters:blur(25)\/skyup-airlines-boeing-737-800-ur-sqg-ukraine-beim-start-auf-dem-flughafen-duesseldorf-international-flughafen-dus-skyup-airlines-boeing-737-800-ur-sqg-ukraine-on-takeoff-at-duesseldorf-international-airport-dus-airport.jpg')\" decoding=\"async\"\/><img loading=\"lazy\" src=\"https:\/\/duesseldorf.t-online.de\/s\/paper\/_next\/static\/media\/zoom-in.f7dae02f.svg\" alt=\"Vergr\u00f6\u00dfern des Bildes\" title=\"Vergr\u00f6\u00dfern des Bildes\" class=\"block h-[calc(var(--height)_\/_16_*_1rem)] w-[calc(var(--width)_\/_16_*_1rem)] max-w-none absolute right-8 bottom-8 rounded-4 bg-snow p-8\" style=\"--width:32;--height:32\" decoding=\"async\"\/><\/a><\/p>\n<p>Start am Flughafen D\u00fcsseldorf (Symbolfoto): Eine neue Regelung f\u00fcr Sicherheitskr\u00e4fte wird von der Gewerkschaft Verdi kritisiert. (Quelle: IMAGO\/Jochen Tack\/imago)<\/p>\n<p><img loading=\"lazy\" src=\"https:\/\/duesseldorf.t-online.de\/s\/paper\/_next\/static\/media\/audio-volume.6689034c.svg\" alt=\"\" title=\"\" class=\"block h-[calc(var(--height)_\/_16_*_1rem)] w-[calc(var(--width)_\/_16_*_1rem)] max-w-none group-hover:brightness-0 group-hover:invert\" style=\"--width:16;--height:16\" decoding=\"async\"\/>Vorlesen<\/p>\n<p>Aktuelle Zeit:0:00Gesamtdauer:0:00<\/p>\n<p>1x<\/p>\n<p class=\"text-center\">Jetzt neu bei t-online:<\/p>\n<p class=\"text-center\">Schriftgr\u00f6\u00dfe anpassen!<\/p>\n<p><img loading=\"lazy\" src=\"https:\/\/duesseldorf.t-online.de\/s\/paper\/_next\/static\/media\/font-sizes.32942e33.svg\" alt=\"\" title=\"\" class=\"block h-[calc(var(--height)_\/_16_*_1rem)] w-[calc(var(--width)_\/_16_*_1rem)] max-w-none group-hover:hidden group-aria-expanded:hidden\" style=\"--width:16;--height:16\" decoding=\"async\"\/><img loading=\"lazy\" src=\"https:\/\/duesseldorf.t-online.de\/s\/paper\/_next\/static\/media\/font-sizes-dark-mode.e382645c.svg\" alt=\"\" title=\"\" class=\"block h-[calc(var(--height)_\/_16_*_1rem)] w-[calc(var(--width)_\/_16_*_1rem)] max-w-none hidden group-hover:block group-aria-expanded:block\" style=\"--width:16;--height:16\" decoding=\"async\"\/><img loading=\"lazy\" src=\"https:\/\/duesseldorf.t-online.de\/s\/paper\/_next\/static\/media\/sharing-menu-icon.1eb71368.svg\" alt=\"\" title=\"\" class=\"block h-[calc(var(--height)_\/_16_*_1rem)] w-[calc(var(--width)_\/_16_*_1rem)] max-w-none group-hover:brightness-0 group-hover:invert\" style=\"--width:16;--height:16\" decoding=\"async\"\/>Artikel teilen<\/p>\n<p class=\"font-bold text-18 leading-17 user-text-lg:text-22 user-text-xl:text-24\">Ein &#8222;Griff ins Klo&#8220; nennt Verdi die neue Regel f\u00fcr Sicherheitskr\u00e4fte am Flughafen D\u00fcsseldorf. Was die Leser von t-online dazu sagen.<\/p>\n<p class=\"text-18 leading-17 user-text-lg:text-22 user-text-xl:text-24\">Eine <a href=\"https:\/\/duesseldorf.t-online.de\/region\/duesseldorf\/id_101335434\/flughafen-duesseldorf-toiletten-regelung-empoert-verdi.html\" class=\"transition-colors cursor-pointer no-underline md:hover:text-magenta md:focus:text-magenta border-b border-solid border-current text-salemsfur md:hover:border-magenta\" data-tracking=\"{&quot;action&quot;:&quot;click&quot;,&quot;category&quot;:&quot;intextLink&quot;,&quot;label&quot;:&quot;\/region\/duesseldorf\/id_101335434\/flughafen-duesseldorf-toiletten-regelung-empoert-verdi.html&quot;}\" data-sctrack=\"BodyAnchor\" rel=\"nofollow noopener\" target=\"_blank\">neue Regelung f\u00fcr die Sicherheitskr\u00e4fte<\/a> am <a href=\"https:\/\/www.t-online.de\/themen\/flughafen-duesseldorf\/\" class=\"transition-colors cursor-pointer no-underline md:hover:text-magenta md:focus:text-magenta border-b border-solid border-current text-salemsfur md:hover:border-magenta\" data-tracking=\"{&quot;action&quot;:&quot;click&quot;,&quot;category&quot;:&quot;intextLink&quot;,&quot;label&quot;:&quot;https:\/\/www.t-online.de\/themen\/flughafen-duesseldorf\/&quot;}\" data-sctrack=\"BodyAnchor\" rel=\"nofollow noopener\" target=\"_blank\">Flughafen D\u00fcsseldorf<\/a> hat Diskussionen ausgel\u00f6st \u2013 auch unter den Lesern von t-online. In einer Umfrage mit dem Titel &#8222;Pinkelpause mit Ansage&#8220; wollten wir daher wissen: Haben Sie Verst\u00e4ndnis f\u00fcr die neue Regelung am Flughafen D\u00fcsseldorf? Insgesamt 2.118 Teilnehmer haben abgestimmt, das Ergebnis f\u00e4llt denkbar knapp aus.<\/p>\n<p class=\"text-18 leading-17 user-text-lg:text-22 user-text-xl:text-24\">50,3 Prozent der Teilnehmer, das entspricht 1.065 Stimmen, gaben an: &#8222;Ja, das scheint wohl nicht anders zu gehen. Ich kann die Regelung verstehen.&#8220; 49,7 Prozent, also 1.053 Stimmen, w\u00e4hlten hingegen die Antwort: &#8222;Nein, die Entscheidung ist ein Griff ins Klo. Das sollten sich die Mitarbeiter nicht gefallen lassen.&#8220; Die beiden Lager liegen in der nicht repr\u00e4sentativen Umfrage nur hauchd\u00fcnn auseinander.<\/p>\n<ul class=\"text-18 leading-17 block pl-24 *:pb-16 *:before:inline-block *:before:size-8 *:before:bg-magenta *:before:mt-0 *:before:mr-12 *:before:mb-2 *:before:-ml-[20px]\">\n<li><strong class=\"font-bold\">Abschiebung \u00fcber Nacht:<\/strong> <a href=\"https:\/\/duesseldorf.t-online.de\/region\/duesseldorf\/id_101333740\/rapper-18-karat-in-der-nacht-ueber-duesseldorf-nach-portugal-abgeschoben.html\" class=\"transition-colors cursor-pointer no-underline md:hover:text-magenta md:focus:text-magenta border-b border-solid border-current text-salemsfur md:hover:border-magenta\" data-tracking=\"{&quot;action&quot;:&quot;click&quot;,&quot;category&quot;:&quot;intextLink&quot;,&quot;label&quot;:&quot;\/region\/duesseldorf\/id_101333740\/rapper-18-karat-in-der-nacht-ueber-duesseldorf-nach-portugal-abgeschoben.html&quot;}\" data-sctrack=\"BodyAnchor\" rel=\"nofollow noopener\" target=\"_blank\">Bekannter Rapper wird \u00fcber D\u00fcsseldorf abgeschoben<\/a><\/li>\n<li><strong class=\"font-bold\">Sommerferien in NRW:<\/strong> <a href=\"https:\/\/duesseldorf.t-online.de\/region\/duesseldorf\/id_101341290\/flughafen-duesseldorf-hierhin-fliegen-reisende-vom-airport-am-liebsten.html\" class=\"transition-colors cursor-pointer no-underline md:hover:text-magenta md:focus:text-magenta border-b border-solid border-current text-salemsfur md:hover:border-magenta\" data-tracking=\"{&quot;action&quot;:&quot;click&quot;,&quot;category&quot;:&quot;intextLink&quot;,&quot;label&quot;:&quot;\/region\/duesseldorf\/id_101341290\/flughafen-duesseldorf-hierhin-fliegen-reisende-vom-airport-am-liebsten.html&quot;}\" data-sctrack=\"BodyAnchor\" rel=\"nofollow noopener\" target=\"_blank\">Das sind die beliebtesten Ziele am Flughafen D\u00fcsseldorf<\/a><\/li>\n<\/ul>\n<p>Toiletten-Regelung am Flughafen D\u00fcsseldorf: Darum geht es<\/p>\n<p class=\"text-18 leading-17 user-text-lg:text-22 user-text-xl:text-24\">Hintergrund der Abstimmung ist eine aktuelle Mitarbeiterinformation, die der Gewerkschaft Verdi vorliegt. Demnach sollen Besch\u00e4ftigte der Fluggastkontrolle k\u00fcnftig beim Verlassen ihrer Kontrollposition \u2013 insbesondere f\u00fcr Toiletteng\u00e4nge \u2013 umgehend die zust\u00e4ndige Aufsicht informieren und sich anschlie\u00dfend wieder zur\u00fcckmelden. Ziel sei es, zu verhindern, dass einzelne Kontrollspuren wegen zeitgleicher Pausen stillstehen. Die Verantwortlichen verweisen dabei auf Beispiele aus den vergangenen Tagen.<\/p>\n<p class=\"text-18 leading-17 user-text-lg:text-22 user-text-xl:text-24\">Verdi kritisiert die Ma\u00dfnahme scharf und spricht von einem &#8222;Griff ins Klo&#8220;. Die Regelung zeige aus Sicht der Gewerkschaft ein grunds\u00e4tzliches Personalproblem, nicht aber ein Fehlverhalten der Besch\u00e4ftigten. Wenn bereits normale Toiletteng\u00e4nge dazu f\u00fchrten, dass Kontrollpositionen nicht mehr besetzt seien, lasse die Personalplanung offenbar keine Reserven mehr zu, so die Kritik.<\/p>\n<p class=\"text-18 leading-17 user-text-lg:text-22 user-text-xl:text-24\">Die f\u00fcr die Regelung verantwortliche Firma wollte sich auf Anfrage der D\u00fcsseldorfer Lokalredaktion von t-online nicht zu dem Vorgang \u00e4u\u00dfern.<\/p>\n","protected":false},"excerpt":{"rendered":"Flughafen D\u00fcsseldorf Emp\u00f6rung wegen neuer Toiletten-Regel \u2013 Umfrage bringt Ergebnis 15.07.2026 &#8211; 08:51 UhrLesedauer: 2 Min. Start am&hellip;\n","protected":false},"author":2,"featured_media":1167861,"comment_status":"","ping_status":"","sticky":false,"template":"","format":"standard","meta":{"footnotes":"","_share_on_mastodon":"0"},"categories":[1831],"tags":[48380,3364,29,3405,2109,14121,30,2526,1209,70854,10054,4649,15156],"class_list":["post-1167860","post","type-post","status-publish","format-standard","has-post-thumbnail","category-duesseldorf","tag-48380","tag-de","tag-deutschland","tag-duesseldorf","tag-flughafen","tag-flughafen-duesseldorf-international","tag-germany","tag-gewerkschaften","tag-nordrhein-westfalen","tag-sicherheitskraefte","tag-toilette","tag-umfrage","tag-vereinte-dienstleistungsgewerkschaft"],"share_on_mastodon":{"url":"","error":""},"_links":{"self":[{"href":"https:\/\/www.europesays.com\/de\/wp-json\/wp\/v2\/posts\/1167860","targetHints":{"allow":["GET"]}}],"collection":[{"href":"https:\/\/www.europesays.com\/de\/wp-json\/wp\/v2\/posts"}],"about":[{"href":"https:\/\/www.europesays.com\/de\/wp-json\/wp\/v2\/types\/post"}],"author":[{"embeddable":true,"href":"https:\/\/www.europesays.com\/de\/wp-json\/wp\/v2\/users\/2"}],"replies":[{"embeddable":true,"href":"https:\/\/www.europesays.com\/de\/wp-json\/wp\/v2\/comments?post=1167860"}],"version-history":[{"count":0,"href":"https:\/\/www.europesays.com\/de\/wp-json\/wp\/v2\/posts\/1167860\/revisions"}],"wp:featuredmedia":[{"embeddable":true,"href":"https:\/\/www.europesays.com\/de\/wp-json\/wp\/v2\/media\/1167861"}],"wp:attachment":[{"href":"https:\/\/www.europesays.com\/de\/wp-json\/wp\/v2\/media?parent=1167860"}],"wp:term":[{"taxonomy":"category","embeddable":true,"href":"https:\/\/www.europesays.com\/de\/wp-json\/wp\/v2\/categories?post=1167860"},{"taxonomy":"post_tag","embeddable":true,"href":"https:\/\/www.europesays.com\/de\/wp-json\/wp\/v2\/tags?post=1167860"}],"curies":[{"name":"wp","href":"https:\/\/api.w.org\/{rel}","templated":true}]}}