{"id":1167873,"date":"2026-07-15T07:08:16","date_gmt":"2026-07-15T07:08:16","guid":{"rendered":"https:\/\/www.europesays.com\/de\/1167873\/"},"modified":"2026-07-15T07:08:16","modified_gmt":"2026-07-15T07:08:16","slug":"muss-galeria-kaufhof-am-marienplatz-in-muenchen-schliessen-2","status":"publish","type":"post","link":"https:\/\/www.europesays.com\/de\/1167873\/","title":{"rendered":"Muss Galeria Kaufhof am Marienplatz in M\u00fcnchen schlie\u00dfen?"},"content":{"rendered":"<p class=\"mb-6 text-xs-varying md:text-m lg:text-l font-serif group-[.font-sans]:font-sans \">\n    Dem Galeria-Kaufhaus am M\u00fcnchner Marienplatz k\u00f6nnte eine ungewisse Zukunft bevorstehen. Nach Informationen der S\u00fcddeutschen Zeitung l\u00e4uft der aktuelle Mietvertrag f\u00fcr die Filiale Ende 2027 aus. Ob er verl\u00e4ngert wird, ist derzeit offenbar noch offen.\n  <\/p>\n<p class=\"mb-6 text-xs-varying md:text-m lg:text-l font-serif group-[.font-sans]:font-sans \">\n    Die Unsicherheit ist besonders bemerkenswert, weil es sich um den umsatzst\u00e4rksten Galeria Kaufhof-Standort in Deutschland handelt. Eine offizielle Best\u00e4tigung f\u00fcr ein m\u00f6gliches Aus gibt es bislang jedoch noch nicht. Der Warenhauskonzern und die Eigent\u00fcmer \u00e4u\u00dferten sich zun\u00e4chst nicht zu den laufenden Gespr\u00e4chen, der Bericht nennt keine Quellen.\n  <\/p>\n<p>            Mehrere Eigent\u00fcmer sind an der Entscheidung zum Kaufhof beteiligt<\/p>\n<p class=\"mb-6 text-xs-varying md:text-m lg:text-l font-serif group-[.font-sans]:font-sans \">\n    Die Situation an der Stelle gilt auch deshalb als kompliziert, weil sich das Geb\u00e4ude inmitten der Altstadt auf mehrere Grundst\u00fccke verteilt. Somit sind auch mehrere Eigent\u00fcmer an den Verhandlungen beteiligt. Laut der S\u00fcddeutschen Zeitung h\u00e4tten der Konzern und einige der Grundst\u00fcckseigent\u00fcmer unterschiedliche Ansichten \u00fcber einen Weiterbetrieb der prominenten Filiale.\n  <\/p>\n<p class=\"mb-6 text-xs-varying md:text-m lg:text-l font-serif group-[.font-sans]:font-sans \">\n    Sollte der Mietvertrag tats\u00e4chlich nicht verl\u00e4ngert werden und der Kaufhof schlie\u00dfen, w\u00e4re das ein weiterer erheblicher Einschnitt in der M\u00fcnchner Innenstadt.\n  <\/p>\n<p>      <a href=\"https:\/\/www.augsburger-allgemeine.de\/bayern\/galeria-kaufhof-diesen-filialen-in-bayern-drohen-schliessungen-31-03-113711227\" class=\"hidden  &#010;                md:block md:mr-5 md:min-w-[140px]  aspect-photo md:aspect-tv lg:aspect-tv w-fullXXX relative self-start inline overflow-hidden\" rel=\"nofollow noopener\" target=\"_blank\"><\/p>\n<p>    <img decoding=\"async\" src=\"\" alt=\"Es drohen insgesamt acht Schlie\u00dfungen bei Galeria Kaufhof in Bayern.\" title=\"Es drohen insgesamt acht Schlie\u00dfungen bei Galeria Kaufhof in Bayern.\" loading=\"lazy\" class=\"h-full w-full object-cover\"\/><br \/>\n   <\/a><\/p>\n<p>            Galeria Kaufhof steckt tief in der Krise<\/p>\n<p class=\"mb-6 text-xs-varying md:text-m lg:text-l font-serif group-[.font-sans]:font-sans \">\n    Galeria blickt auf turbulente Jahre zur\u00fcck. Mehrfach musste der Warenhauskonzern Insolvenz anmelden und hat sein Filialnetz in den letzten Jahren deutlich verkleinert. Zahlreiche Standorte in Deutschland wurden geschlossen, um das Unternehmen wirtschaftlich neu aufzustellen.\n  <\/p>\n<p class=\"mb-6 text-xs-varying md:text-m lg:text-l font-serif group-[.font-sans]:font-sans \">\n    Nach der j\u00fcngsten \u00dcbernahme durch ein Konsortium aus dem Unternehmer Bern Beetz und der US-Investmentgesellschaft NRDC soll Galeria langfristig wieder auf einen stabilen Kurs gebracht werden.\n  <\/p>\n<p class=\"mb-6 text-xs-varying md:text-m lg:text-l font-serif group-[.font-sans]:font-sans \">\n    Ob das der Filiale am Marienplatz hilft, bleibt abzuwarten. <a href=\"https:\/\/www.augsburger-allgemeine.de\/bayern\/muenchen-neuhausen-neues-konzept-fuer-galeria-am-rotkreuzplatz-vorgelegt-kaufhof-19-06-114475788\" target=\"_self\" class=\"underline \" rel=\"nofollow noopener\">Auch der Standort am Rotkreuzplatz in M\u00fcnchen wird nach geplantem Teilabriss und einem Neubau m\u00f6glicherweise aus dem Stadtbild verschwinden.<\/a>\n  <\/p>\n<p class=\"mb-6 text-xs-varying md:text-m lg:text-l font-serif group-[.font-sans]:font-sans \">\n    L\u00e4ngst geschlossen ist hingegen die Filiale am Stachus. Nach knapp 70 Jahren musste das traditionsreiche Haus im Zuge der Signa-Pleite im September 2022 endg\u00fcltig seine T\u00fcren dichtmachen.\n  <\/p>\n","protected":false},"excerpt":{"rendered":"Dem Galeria-Kaufhaus am M\u00fcnchner Marienplatz k\u00f6nnte eine ungewisse Zukunft bevorstehen. Nach Informationen der S\u00fcddeutschen Zeitung l\u00e4uft der aktuelle&hellip;\n","protected":false},"author":2,"featured_media":1129668,"comment_status":"","ping_status":"","sticky":false,"template":"","format":"standard","meta":{"footnotes":"","_share_on_mastodon":"0"},"categories":[1827],"tags":[772,29,45057,30,1551,669,5257,1268,4403],"class_list":["post-1167873","post","type-post","status-publish","format-standard","has-post-thumbnail","category-muenchen","tag-bayern","tag-deutschland","tag-galeria-kaufhof","tag-germany","tag-insolvenz","tag-krise","tag-marienplatz","tag-muenchen","tag-sz"],"share_on_mastodon":{"url":"https:\/\/pubeurope.com\/@de\/116922738872948086","error":""},"_links":{"self":[{"href":"https:\/\/www.europesays.com\/de\/wp-json\/wp\/v2\/posts\/1167873","targetHints":{"allow":["GET"]}}],"collection":[{"href":"https:\/\/www.europesays.com\/de\/wp-json\/wp\/v2\/posts"}],"about":[{"href":"https:\/\/www.europesays.com\/de\/wp-json\/wp\/v2\/types\/post"}],"author":[{"embeddable":true,"href":"https:\/\/www.europesays.com\/de\/wp-json\/wp\/v2\/users\/2"}],"replies":[{"embeddable":true,"href":"https:\/\/www.europesays.com\/de\/wp-json\/wp\/v2\/comments?post=1167873"}],"version-history":[{"count":0,"href":"https:\/\/www.europesays.com\/de\/wp-json\/wp\/v2\/posts\/1167873\/revisions"}],"wp:featuredmedia":[{"embeddable":true,"href":"https:\/\/www.europesays.com\/de\/wp-json\/wp\/v2\/media\/1129668"}],"wp:attachment":[{"href":"https:\/\/www.europesays.com\/de\/wp-json\/wp\/v2\/media?parent=1167873"}],"wp:term":[{"taxonomy":"category","embeddable":true,"href":"https:\/\/www.europesays.com\/de\/wp-json\/wp\/v2\/categories?post=1167873"},{"taxonomy":"post_tag","embeddable":true,"href":"https:\/\/www.europesays.com\/de\/wp-json\/wp\/v2\/tags?post=1167873"}],"curies":[{"name":"wp","href":"https:\/\/api.w.org\/{rel}","templated":true}]}}