{"id":1167927,"date":"2026-07-15T07:38:33","date_gmt":"2026-07-15T07:38:33","guid":{"rendered":"https:\/\/www.europesays.com\/de\/1167927\/"},"modified":"2026-07-15T07:38:33","modified_gmt":"2026-07-15T07:38:33","slug":"streit-um-aufsichtspflicht-junge-in-kita-erstickt-gericht-spricht-tagesmuetter-frei","status":"publish","type":"post","link":"https:\/\/www.europesays.com\/de\/1167927\/","title":{"rendered":"Streit um Aufsichtspflicht: Junge in Kita erstickt &#8211; Gericht spricht Tagesm\u00fctter frei"},"content":{"rendered":"<p class=\"paragraph article__item\">Knapp f\u00fcnf Jahre nach dem tragischen Tod eines kleinen Jungen in einer Gelsenkirchener Mini-Kita hat das Oberlandesgericht Hamm (OLG) zwei bereits verurteilte Tagesm\u00fctter wieder freigesprochen. Den beiden Frauen sei keine fahrl\u00e4ssige T\u00f6tung vorzuwerfen, urteilte der 5. Strafsenat. Die Anklage hatte den Tagesm\u00fcttern vorgehalten, dass der Junge noch leben w\u00fcrde, wenn sie ihre Aufsichtspflicht nicht vernachl\u00e4ssigt h\u00e4tten.\n<\/p>\n<p>Aktuelles<\/p>\n<p>                <a href=\"https:\/\/www.zeit.de\/politik\/deutschland\/2026-07\/polizist-oldenburg-schuesse-lorenz-a-anklage\" data-ct-label=\"Polizeisch\u00fcsse in Oldenburg: Gericht l\u00e4sst Anklage gegen Polizisten im Fall Lorenz A. zu\" data-uuid=\"da00aa10-517a-4c37-930a-c27b803ba456\" rel=\"nofollow noopener\" target=\"_blank\"><\/p>\n<p>                        Polizeisch\u00fcsse in Oldenburg:<br \/>\n                        Gericht l\u00e4sst Anklage gegen Polizisten im Fall Lorenz A. zu<\/p>\n<p>                <\/a><\/p>\n<p>                <a href=\"https:\/\/www.zeit.de\/gesellschaft\/zeitgeschehen\/2026-06\/christian-ulmen-collien-fernandes-spiegel-oberlandesgericht-entscheidung\" data-ct-label=\"Fall Ulmen Fernandes: Oberlandesgericht untersagt weitere Teile der Ulmen-Berichterstattung\" data-uuid=\"7ac0c1fd-7633-429d-80aa-29eb10656140\" rel=\"nofollow noopener\" target=\"_blank\"><\/p>\n<p>                        Fall Ulmen Fernandes:<br \/>\n                        Oberlandesgericht untersagt weitere Teile der Ulmen-Berichterstattung<\/p>\n<p>                <\/a><\/p>\n<p>                <a href=\"https:\/\/www.zeit.de\/politik\/deutschland\/2026-07\/olg-muenchen-is-mitgliedschaft-voelkermord-jesiden-irak-gxe\" data-ct-label=\"OLG M\u00fcnchen: Lebenslang f\u00fcr Versklavung jesidischer M\u00e4dchen und IS-Mitgliedschaft\" data-uuid=\"b15314db-73ca-4154-bb48-b3ddda004e41\" rel=\"nofollow noopener\" target=\"_blank\"><\/p>\n<p>                        OLG M\u00fcnchen:<br \/>\n                        Lebenslang f\u00fcr Versklavung jesidischer M\u00e4dchen und IS-Mitgliedschaft<\/p>\n<p>                <\/a><\/p>\n<p class=\"paragraph article__item\">Der Zweij\u00e4hrige war im August 2021 w\u00e4hrend der Mittagsruhe in der st\u00e4dtischen Mini-Kita unruhig geworden. Er hatte versucht, sich in dem niedrigen Etagenbett hinzustellen. Dabei hatte der kr\u00e4ftige Junge mit seinem ganzen K\u00f6rper die unverschraubte Spanplatte der dar\u00fcberliegenden Matratze hochgedr\u00fcckt. Schlie\u00dflich steckte er seinen Kopf durch die L\u00fccke. Doch als seine Kraft nachlie\u00df, wurde sein Hals unter der elf Kilo schweren Platte eingeklemmt und er erstickte.\n<\/p>\n<p>                        Welche Schuld trifft die Tagesm\u00fctter?            <\/p>\n<p class=\"paragraph article__item\">Vor Gericht ging es insgesamt drei Jahre lang durch alle Instanzen um die Verantwortung der beiden Tagesm\u00fctter. Das Amtsgericht <a class=\"rtr-entity\" href=\"https:\/\/www.zeit.de\/thema\/gelsenkirchen\" rel=\"nofollow noopener\" target=\"_blank\">Gelsenkirchen<\/a> in erster Instanz sprach beide frei. Doch in zweiter Instanz wurden sie vom Landgericht Essen wegen fahrl\u00e4ssiger T\u00f6tung zu Haftstrafen von sechs Monaten auf Bew\u00e4hrung verurteilt. Nun hatte das OLG das letzte Wort und sprach beide wieder frei. Der Beschluss vom 7. Juli ist rechtskr\u00e4ftig und in der Entscheidungsdatenbank des Landes abrufbar (Az.: 5 ORs 97\/25).\n<\/p>\n<p class=\"paragraph article__item\">Hinter diesem juristischen Streit steht die in der Branche viel diskutierte Frage, wie l\u00fcckenlos Erzieherinnen und Tagesm\u00fctter die Kleinkinder in ihren Einrichtungen w\u00e4hrend des Mittagsschlafs beaufsichtigen m\u00fcssen.\n<\/p>\n<p>            Junge sollte zum ersten Mal Mittagsschlaf in der Kita machen            <\/p>\n<p class=\"paragraph article__item\">Der Junge aus Gelsenkirchen war damals zum ersten Mal nach der Eingew\u00f6hnung ohne seine Mutter in der Mini-Kita geblieben und sollte dort auch einen Mittagsschlaf halten. Doch er fand nicht zur Ruhe.\n<\/p>\n<p class=\"paragraph article__item\">Die Richter am Landgericht hatten wegen dieser Umst\u00e4nde vor eineinhalb Jahren entschieden, dass die Tagesm\u00fctter eine \u00abst\u00e4ndige Sichtkontrolle\u00bb der Kinder in dem Schlafzimmer h\u00e4tten sicherstellen m\u00fcssen. Dass sie den Raum verlie\u00dfen, sei ein Sorgfaltspflichtversto\u00df, der letztlich zum Tod des Jungen gef\u00fchrt habe, hatten die Richter am Landgericht Essen argumentiert.\n<\/p>\n<p class=\"paragraph article__item\">Doch das sah der Senat am Oberlandesgericht nun in letzter Instanz anders: Der Junge sei in einem gesch\u00fctzten Raum gewesen und habe dort in einem Bett gelegen, das in zahlreichen Kitas bundesweit genutzt werde und extra f\u00fcr diesen Einsatz konzipiert gewesen sei, betonten die Richter. Die Tagesm\u00fctter h\u00e4tten deshalb darauf vertrauen k\u00f6nnen, dass die Kinder f\u00fcr die Zeit des Mittagsschlafs gut aufgehoben seien. Deshalb sei auch keine permanente Beaufsichtigung n\u00f6tig gewesen.\n<\/p>\n<p>            Kita-Betten wurden bundesweit nachger\u00fcstet            <\/p>\n<p class=\"paragraph article__item\">Die eigentliche Ursache daf\u00fcr, dass der Junge sich in dem Bett so ungl\u00fccklich verklemmen konnte, dass er keine Luft mehr bekam, sahen die Richter woanders: Dieser Umstand sei \u00abganz ma\u00dfgeblich der fehlerhaften Konstruktion des Bettes\u00bb geschuldet, betonten sie.\n<\/p>\n<p class=\"paragraph article__item\">Denn w\u00e4re die Spanplatte, unter der der Junge erstickte, vorschriftsm\u00e4\u00dfig verschraubt gewesen, h\u00e4tte das Ungl\u00fcck nie geschehen k\u00f6nnen. Das hatte ein Gutachter bereits im Prozess vor dem Amtsgericht Gelsenkirchen betont.\n<\/p>\n<p class=\"paragraph article__item\">Doch die Ermittlungen zu den Betten eines namhaften Kita-Ausstatters waren nach damaliger Auskunft der Ermittler ins Leere gelaufen, weil die Justiz niemandem eine konkrete Verantwortung f\u00fcr die Fehler nachweisen konnte. Immerhin wurden Betten dieses Typs anschlie\u00dfend bundesweit mit einer soliden Verschraubung nachger\u00fcstet.\n<\/p>\n<p class=\"paragraph article__item\">\u00a9 dpa-infocom, dpa:260715-930-386271\/1<\/p>\n","protected":false},"excerpt":{"rendered":"Knapp f\u00fcnf Jahre nach dem tragischen Tod eines kleinen Jungen in einer Gelsenkirchener Mini-Kita hat das Oberlandesgericht Hamm&hellip;\n","protected":false},"author":2,"featured_media":1167928,"comment_status":"","ping_status":"","sticky":false,"template":"","format":"standard","meta":{"footnotes":"","_share_on_mastodon":"0"},"categories":[1848],"tags":[1601,90348,3364,29,548,663,3934,3658,30,13,14,15,1209,65194,24827,12,244761,2866],"class_list":["post-1167927","post","type-post","status-publish","format-standard","has-post-thumbnail","category-gelsenkirchen","tag-amtsgericht","tag-aufsichtspflicht","tag-de","tag-deutschland","tag-eu","tag-europa","tag-europe","tag-gelsenkirchen","tag-germany","tag-headlines","tag-nachrichten","tag-news","tag-nordrhein-westfalen","tag-oberlandesgericht-hamm","tag-olg","tag-schlagzeilen","tag-streit-um-aufsichtspflicht","tag-toetung"],"share_on_mastodon":{"url":"https:\/\/pubeurope.com\/@de\/116922856683728010","error":""},"_links":{"self":[{"href":"https:\/\/www.europesays.com\/de\/wp-json\/wp\/v2\/posts\/1167927","targetHints":{"allow":["GET"]}}],"collection":[{"href":"https:\/\/www.europesays.com\/de\/wp-json\/wp\/v2\/posts"}],"about":[{"href":"https:\/\/www.europesays.com\/de\/wp-json\/wp\/v2\/types\/post"}],"author":[{"embeddable":true,"href":"https:\/\/www.europesays.com\/de\/wp-json\/wp\/v2\/users\/2"}],"replies":[{"embeddable":true,"href":"https:\/\/www.europesays.com\/de\/wp-json\/wp\/v2\/comments?post=1167927"}],"version-history":[{"count":0,"href":"https:\/\/www.europesays.com\/de\/wp-json\/wp\/v2\/posts\/1167927\/revisions"}],"wp:featuredmedia":[{"embeddable":true,"href":"https:\/\/www.europesays.com\/de\/wp-json\/wp\/v2\/media\/1167928"}],"wp:attachment":[{"href":"https:\/\/www.europesays.com\/de\/wp-json\/wp\/v2\/media?parent=1167927"}],"wp:term":[{"taxonomy":"category","embeddable":true,"href":"https:\/\/www.europesays.com\/de\/wp-json\/wp\/v2\/categories?post=1167927"},{"taxonomy":"post_tag","embeddable":true,"href":"https:\/\/www.europesays.com\/de\/wp-json\/wp\/v2\/tags?post=1167927"}],"curies":[{"name":"wp","href":"https:\/\/api.w.org\/{rel}","templated":true}]}}