{"id":1167956,"date":"2026-07-15T07:54:23","date_gmt":"2026-07-15T07:54:23","guid":{"rendered":"https:\/\/www.europesays.com\/de\/1167956\/"},"modified":"2026-07-15T07:54:23","modified_gmt":"2026-07-15T07:54:23","slug":"besuch-in-der-ukraine-von-der-leyen-will-in-kiew-initiativen-zur-verteidigung-ankuendigen","status":"publish","type":"post","link":"https:\/\/www.europesays.com\/de\/1167956\/","title":{"rendered":"Besuch in der Ukraine: Von der Leyen will in Kiew Initiativen zur Verteidigung ank\u00fcndigen"},"content":{"rendered":"<p>EU-Kommissionspr\u00e4sidentin Ursula von der Leyen besucht zum elften Mal seit Kriegsbeginn die <a href=\"https:\/\/www.bayerische-staatszeitung.de\/staatszeitung\/politik\/detailansicht-politik\/artikel\/tote-und-verletzte-nach-ukrainischen-angriffen-nahe-moskau.html#topPosition\" target=\"_blank\" rel=\"nofollow noopener\">Ukraine<\/a>. &#8222;Ich werde neue Initiativen zur Integration unserer Verteidigungsindustrien ank\u00fcndigen. Damit wir mehr und schneller produzieren k\u00f6nnen&#8220;, k\u00fcndigte sie nach ihrer Ankunft in der Hauptstadt Kiew auf X an.\u00a0<\/p>\n<p>Es sei ein besonderer Moment: &#8222;Die Ukraine hat eine starke milit\u00e4rische Dynamik aufgebaut. Das Blatt wendet sich.&#8220; Bei dem Besuch werde man au\u00dferdem \u00fcber den EU-Beitritt und die Vorbereitungen auf den kommenden Winter sprechen.\u00a0<\/p>\n<p>Die EU treibt die Beitrittsverhandlungen mit der Ukraine voran. Mit einem Abschluss der Gespr\u00e4che wird bei der Ukraine aber nicht vor dem kommenden Jahrzehnt gerechnet. (dpa)<\/p>\n","protected":false},"excerpt":{"rendered":"EU-Kommissionspr\u00e4sidentin Ursula von der Leyen besucht zum elften Mal seit Kriegsbeginn die Ukraine. &#8222;Ich werde neue Initiativen zur&hellip;\n","protected":false},"author":2,"featured_media":1167957,"comment_status":"","ping_status":"","sticky":false,"template":"","format":"standard","meta":{"footnotes":"","_share_on_mastodon":"0"},"categories":[4012],"tags":[331,332,1982,772,1984,1983,1096,13,259,1987,80,1985,963,1988,62,14,15,16,12,317,1986],"class_list":["post-1167956","post","type-post","status-publish","format-standard","has-post-thumbnail","category-ukraine","tag-aktuelle-nachrichten","tag-aktuelle-news","tag-bayerische-staatszeitung-de","tag-bayern","tag-bsz","tag-bsz-de","tag-freistaat","tag-headlines","tag-informationen","tag-kommunales","tag-kultur","tag-landtag","tag-lokales","tag-maximilianeum","tag-medien","tag-nachrichten","tag-news","tag-politik","tag-schlagzeilen","tag-ukraine","tag-zeitung"],"share_on_mastodon":{"url":"https:\/\/pubeurope.com\/@de\/116922919642059092","error":""},"_links":{"self":[{"href":"https:\/\/www.europesays.com\/de\/wp-json\/wp\/v2\/posts\/1167956","targetHints":{"allow":["GET"]}}],"collection":[{"href":"https:\/\/www.europesays.com\/de\/wp-json\/wp\/v2\/posts"}],"about":[{"href":"https:\/\/www.europesays.com\/de\/wp-json\/wp\/v2\/types\/post"}],"author":[{"embeddable":true,"href":"https:\/\/www.europesays.com\/de\/wp-json\/wp\/v2\/users\/2"}],"replies":[{"embeddable":true,"href":"https:\/\/www.europesays.com\/de\/wp-json\/wp\/v2\/comments?post=1167956"}],"version-history":[{"count":0,"href":"https:\/\/www.europesays.com\/de\/wp-json\/wp\/v2\/posts\/1167956\/revisions"}],"wp:featuredmedia":[{"embeddable":true,"href":"https:\/\/www.europesays.com\/de\/wp-json\/wp\/v2\/media\/1167957"}],"wp:attachment":[{"href":"https:\/\/www.europesays.com\/de\/wp-json\/wp\/v2\/media?parent=1167956"}],"wp:term":[{"taxonomy":"category","embeddable":true,"href":"https:\/\/www.europesays.com\/de\/wp-json\/wp\/v2\/categories?post=1167956"},{"taxonomy":"post_tag","embeddable":true,"href":"https:\/\/www.europesays.com\/de\/wp-json\/wp\/v2\/tags?post=1167956"}],"curies":[{"name":"wp","href":"https:\/\/api.w.org\/{rel}","templated":true}]}}