{"id":1167971,"date":"2026-07-15T08:02:28","date_gmt":"2026-07-15T08:02:28","guid":{"rendered":"https:\/\/www.europesays.com\/de\/1167971\/"},"modified":"2026-07-15T08:02:28","modified_gmt":"2026-07-15T08:02:28","slug":"dfb-news-verpatzte-wm-dfb-team-rutscht-in-der-weltrangliste-ab","status":"publish","type":"post","link":"https:\/\/www.europesays.com\/de\/1167971\/","title":{"rendered":"DFB-News: Verpatzte WM &#8211; DFB-Team rutscht in der Weltrangliste ab"},"content":{"rendered":"<p>            <img loading=\"lazy\" decoding=\"async\" class=\"ts-image\" src=\"https:\/\/www.europesays.com\/de\/wp-content\/uploads\/2026\/07\/dfb-team-enttaeuscht-100.jpg\" alt=\"Entt\u00e4uschte Blicke bei Kai Havertz, Leon Goretzka und Jonathan Tah nach dem WM-Aus\" title=\"Entt\u00e4uschte Blicke bei Kai Havertz, Leon Goretzka und Jonathan Tah nach dem WM-Aus | IMAGO\/Ulmer\/Teamfoto\"\/><\/p>\n<p>                    <strong>DFB-Liveblog<\/strong><\/p>\n<p class=\"metatextline\">Stand: 14.07.2026 \u2022 18:24 Uhr<\/p>\n<p class=\"article-head__shorttext\">\n        <strong>Alle Nachrichten rund um das DFB-Team im Liveblog.<\/strong>\n    <\/p>\n<p>14.07.2026 \u2022 18:24 Uhr<\/p>\n<p>    Verpatzte WM: DFB-Team rutscht in der Weltrangliste ab<\/p>\n<p class=\"textabsatz m-ten m-offset-one l-eight l-offset-two columns twelve\">Das fr\u00fche Aus im WM-Sechzehntelfinale hat f\u00fcr das DFB-Team auch Folgen in der FIFA-Weltrangliste. Zwar werden f\u00fcr Niederlagen bei einer WM keine Punkte abgezogen, dennoch rutschte Deutschland in der Wertung ab, da Mexiko und Kolumbien mit guten Ergebnissen an der DFB-Elf vorbeiziehen konnten. Deutschland liegt nun auf Platz zw\u00f6lf, dicht gefolgt von der Schweiz.<\/p>\n<p>                    Die aktuelle FIFA-Weltrangliste<\/p>\n<tr>\n                        Platz<br \/>\n                        Land<br \/>\n                        Punkte<br \/>\n                    <\/tr>\n<tr>\n<td>\n                            1<\/p>\n<\/td>\n<td>\n                            Frankreich<\/p>\n<\/td>\n<td>\n                            1948,97<\/p>\n<\/td>\n<\/tr>\n<tr>\n<td>\n                            2<\/p>\n<\/td>\n<td>\n                            Argentinien<\/p>\n<\/td>\n<td>\n                            1943,47<\/p>\n<\/td>\n<\/tr>\n<tr>\n<td>\n                            3<\/p>\n<\/td>\n<td>\n                            Spanien<\/p>\n<\/td>\n<td>\n                            1934,79<\/p>\n<\/td>\n<\/tr>\n<tr>\n<td>\n                            4<\/p>\n<\/td>\n<td>\n                            England<\/p>\n<\/td>\n<td>\n                            1889,42<\/p>\n<\/td>\n<\/tr>\n<tr>\n<td>\n                            5<\/p>\n<\/td>\n<td>\n                            Brasilien<\/p>\n<\/td>\n<td>\n                            1804,82<\/p>\n<\/td>\n<\/tr>\n<tr>\n<td>\n                            6<\/p>\n<\/td>\n<td>\n                            Marokko<\/p>\n<\/td>\n<td>\n                            1803,99<\/p>\n<\/td>\n<\/tr>\n<tr>\n<td>\n                            7<\/p>\n<\/td>\n<td>\n                            Portugal<\/p>\n<\/td>\n<td>\n                            1787,85<\/p>\n<\/td>\n<\/tr>\n<tr>\n<td>\n                            8<\/p>\n<\/td>\n<td>\n                            Belgien<\/p>\n<\/td>\n<td>\n                            1778,36<\/p>\n<\/td>\n<\/tr>\n<tr>\n<td>\n                            9<\/p>\n<\/td>\n<td>\n                            Niederlande<\/p>\n<\/td>\n<td>\n                            1775,54<\/p>\n<\/td>\n<\/tr>\n<tr>\n<td>\n                            10<\/p>\n<\/td>\n<td>\n                            Mexiko<\/p>\n<\/td>\n<td>\n                            1754,30<\/p>\n<\/td>\n<\/tr>\n<tr>\n<td>\n                            11<\/p>\n<\/td>\n<td>\n                            Kolumbien<\/p>\n<\/td>\n<td>\n                            1739,89<\/p>\n<\/td>\n<\/tr>\n<tr>\n<td>\n                            12<\/p>\n<\/td>\n<td>\n                            Deutschland<\/p>\n<\/td>\n<td>\n                            1726,22<\/p>\n<\/td>\n<\/tr>\n<tr>\n<td>\n                            13<\/p>\n<\/td>\n<td>\n                            Schweiz<\/p>\n<\/td>\n<td>\n                            1723,05<\/p>\n<\/td>\n<\/tr>\n<p class=\"textabsatz m-ten m-offset-one l-eight l-offset-two columns twelve\">Neben Mexiko und Kolumbien liegen die Niederlande, Belgien, Portugal, Marokko und Brasilien vor dem DFB-Team, ebenso wie die vier WM-Halbfinalisten England, Spanien, Argentinien und Frankreich, die die Pl\u00e4tze eins bis vier belegen. Die Weltrangliste wird unter anderem daf\u00fcr verwendet, Nationalmannschaften in Lost\u00f6pfe f\u00fcr unterschiedliche Wettbewerbe einzuteilen. Deutschland belegte zuletzt im Jahr 2018 den ersten Platz der Weltrangliste.<\/p>\n<p>14.07.2026 \u2022 14:10 Uhr<\/p>\n<p>    Der DFB und Red Bull sprechen \u00fcber die Personalie Klopp<\/p>\n<p class=\"textabsatz m-ten m-offset-one l-eight l-offset-two columns twelve\">Der Deutsche Fu\u00dfball-Bund (DFB) trifft sich nach Sportschau-Informationen am heutigen Dienstag in M\u00fcnchen mit Verantwortlichen des \u00f6sterreichischen Konzerns Red Bull. Dabei geht es um die Personalie J\u00fcrgen Klopp, der noch bis 2029 als &#8222;Head of Global Soccer&#8220; bei Red Bull unter Vertrag steht.<\/p>\n<p class=\"textabsatz m-ten m-offset-one l-eight l-offset-two columns twelve\">Der DFB will Klopp als neuen Bundestrainer installieren und ist sich mit dem 59-J\u00e4hrigen nach eigenen Angaben &#8222;in wesentlichen Eckpunkten&#8220; einig. Nun geht es um Details der Vertragsaufl\u00f6sung bei Red Bull und wom\u00f6glich um die Frage, ob Klopp und der Konzern k\u00fcnftig in anderer Form weiter zusammenarbeiten.<\/p>\n<p>12.07.2026 \u2022 21:17 Uhr<\/p>\n<p>    Bleibt Klopp Markenbotschafter oder nicht? Landesverb\u00e4nde mit Bedenken<\/p>\n<p class=\"textabsatz m-ten m-offset-one l-eight l-offset-two columns twelve\">J\u00fcrgen Klopp soll als Bundestrainer auf den zur\u00fcckgetretenen Julian Nagelsmann folgen. Daf\u00fcr ben\u00f6tigt der 59-J\u00e4hrige, der sich mit dem DFB laut Verbandsangaben weitgehend einig ist, aber die Freigabe seines aktuellen Arbeitgebers Red Bull. Um sich eine millionenschwere Abfindung zu ersparen, wird der DFB laut &#8222;Bild&#8220;-Informationen der brisanten L\u00f6sung zustimmen, dass Klopp Markenbotschafter des Energydrink-Giganten bleibt. Gegenteiliges berichteten am Sonntagabend allerdings Sky und der kicker: Eine Rolle als Markenbotschafter sei &#8222;nie&#8220; Teil der \u00dcberlegungen gewesen, Red Bull w\u00fcnsche sich lediglich, &#8222;hin und wieder&#8220; auf Klopps Expertise zur\u00fcckgreifen zu k\u00f6nnen.<\/p>\n<p class=\"textabsatz m-ten m-offset-one l-eight l-offset-two columns twelve\">Nach Informationen des Sport-Informations-Dienstes (SID) gibt es in mehreren Landesverb\u00e4nden des DFB Bedenken gegen eine Doppelrolle von J\u00fcrgen Klopp als Bundestrainer und Markenbotschafter von Red Bull. Mehrere Pr\u00e4sidenten der 21 Verb\u00e4nde sind damit nicht einverstanden, wie eine SID-Recherche ergab. Von &#8222;zu enger Verzahnung&#8220; mit einem aggressiven Player im Fu\u00dfball ist die Rede, von Interessenskonflikten und der Frage, ob Klopp letztlich &#8222;wirklich unabh\u00e4ngig&#8220; w\u00e4re.<\/p>\n<p class=\"absatzbild__info__text\">\n                        &#8222;Head of Global Soccer&#8220; bei RB Leipzig: J\u00fcrgen Klopp\n                    <\/p>\n<p>12.07.2026 \u2022 03:37 Uhr<\/p>\n<p>    German House of Soccer in New York schlie\u00dft<\/p>\n<p class=\"textabsatz m-ten m-offset-one l-eight l-offset-two columns twelve\">Auch in dieser Hinsicht ist die WM f\u00fcr den Deutschen Fu\u00dfball-Bund (DFB) nun beendet: Am Sonntag (Ortszeit) schlie\u00dft das German House of Soccer in New York. Seit dem 11. Juni hatte der DFB f\u00fcr Fans &#8222;auf mehr als 2.000 Quadratmetern deutsche Fu\u00dfballkultur erlebbar&#8220; gemacht, wie der Verband das Projekt vor Beginn des Turnieres Projekt beschrieb.<\/p>\n<p class=\"textabsatz m-ten m-offset-one l-eight l-offset-two columns twelve\">Am letzten Tag waren noch einmal viele Anh\u00e4nger des DFB-Teams vor Ort &#8211; und \u00e4u\u00dferten sich auch zu der wahrscheinlichen Verpflichtung von J\u00fcrgen Klopp als Bundestrainer.<\/p>\n<p>11.07.2026 \u2022 21:51 Uhr<\/p>\n<p>    DFB verliert U19-EM-Finale gegen Spanien<\/p>\n<p class=\"textabsatz m-ten m-offset-one l-eight l-offset-two columns twelve\">W\u00e4hrend sich die DFB-Spitze derzeit bem\u00fcht, J\u00fcrgen Klopp als Bundestrainer zu verpflichten und Struktur-Reformen f\u00fcr eine erfolgreiche Zukunft einzuleiten, hat sich der deutsche Nachwuchs stark bei der U19-EM in Wales pr\u00e4sentiert. F\u00fcr den Titel reichte es jedoch nicht. Im Finale konnte Deutschland lange mit der spanischen U19 mithalten, unterlag am Ende jedoch mit 0:2.<\/p>\n<p>11.07.2026 \u2022 15:16 Uhr<\/p>\n<p>    DFB und Klopp: Nun h\u00e4ngt vieles an Red Bull<\/p>\n<p class=\"textabsatz m-ten m-offset-one l-eight l-offset-two columns twelve\">Der DFB hat bei den Gespr\u00e4chen mit J\u00fcrgen Klopp \u00fcber ein Engagement als Bundestrainer weitgehend Einigung mit dem 59-J\u00e4hrigen erzielt. Beide Seiten seien zuversichtlich, dass die Verhandlungen erfolgreich abgeschlossen werden k\u00f6nnen, teilte der DFB am Samstag mit. Die Gespr\u00e4che w\u00fcrden in der kommenden Woche fortgesetzt.<\/p>\n<p class=\"textabsatz m-ten m-offset-one l-eight l-offset-two columns twelve\">Der Verband betonte allerdings, dass auch Klopps derzeitiger Arbeitgeber Red Bull noch zustimmen m\u00fcsse. Beim \u00f6sterreichischen Unternehmen hat der Coach noch einen bis 2029 datierten Vertrag als Head of Global Soccer.<\/p>\n<p>11.07.2026 \u2022 07:39 Uhr<\/p>\n<p>    DFB-Spitze hat sich mit Klopp am Flughafen getroffen<\/p>\n<p class=\"textabsatz m-ten m-offset-one l-eight l-offset-two columns twelve\">DFB-Pr\u00e4sident Bernd Neuendorf und sein Stellvertreter Hans-Joachim Watzke haben sich in der deutschen Nacht mit Bundestrainer-Wunschkandidat J\u00fcrgen Klopp in den USA getroffen, um Details einer Einigung zu besprechen. Klopp soll f\u00fcr einen WM-Zyklus bis 2030 unterschreiben. Nach <a href=\"https:\/\/www.bild.de\/sport\/fussball\/dfb-geheimtreffen-in-new-york-4-14-stunden-bundestrainer-gipfel-mit-klopp-6a51838936e98236c4bc4b1a\" title=\"4:14 Stunden Bundestrainer-Gipfel mit Klopp!\" class=\"textlink--extern js-link-dialog\" rel=\"noopener noreferrer nofollow\" target=\"_blank\" data-type=\"external\">&#8222;Bild&#8220;-Informationen<\/a> traf sich das DFB-Duo nach seiner Ankunft am fr\u00fchen Nachmittag Ortszeit mit dem 59-J\u00e4hrigen und dessen Berater Marc Kosicke in einem Hotel am New Yorker Flughafen John F. Kennedy. Das Gespr\u00e4ch soll mehr als vier Stunden gedauert haben.<\/p>\n<p class=\"textabsatz m-ten m-offset-one l-eight l-offset-two columns twelve\">Es gab einiges zu bereden. Klopp steht bis 2029 als &#8222;Global Head of Soccer&#8220; beim Red-Bull-Konzern unter Vertrag, diesen muss er in Abstimmung mit Red-Bull-Gesch\u00e4ftsf\u00fchrer Oliver Mintzlaff aufl\u00f6sen. Anschlie\u00dfend k\u00f6nnte Klopp sich an den Deutschen Fu\u00dfball-Bund binden. Eine Millionen-Abl\u00f6se ist aber wohl hinf\u00e4llig, stattdessen soll Klopp Werbebotschafter f\u00fcr Red Bull bleiben.<\/p>\n<p>10.07.2026 \u2022 17:03 Uhr<\/p>\n<p>    Zwanziger: &#8222;Bundestrainer kann nicht zwei H\u00fcte tragen&#8220;<\/p>\n<p class=\"textabsatz m-ten m-offset-one l-eight l-offset-two columns twelve\">Der fr\u00fchere DFB-Pr\u00e4sident Theo Zwanziger sieht die N\u00e4he des Wunsch-Bundestrainers J\u00fcrgen Klopp zu Red Bull kritisch. Er k\u00f6nne sich einen Bundestrainer mit Brause-Cap auf der Bank &#8222;keinesfalls vorstellen&#8220;, sagte der 81-J\u00e4hrige der Frankfurter Allgemeinen Sonntagszeitung und erg\u00e4nzte: &#8222;Sollte sich dies bewahrheiten w\u00e4re es ein v\u00f6lliges No-Go.&#8220;<\/p>\n<p class=\"textabsatz m-ten m-offset-one l-eight l-offset-two columns twelve\">Zwanziger warnt den Deutschen Fu\u00dfball-Bund (DFB) im Werben um Klopp davor, zu viel Einfluss des Dosen-Imperiums zuzulassen. &#8222;Red Bull will Macht gewinnen in den Sport hinein&#8220;, sagte er: &#8222;Durch eine Person mit der neben dem Pr\u00e4sidenten wichtigsten Funktion im deutschen Fu\u00dfball, vielleicht sogar die allerwichtigste.&#8220;<\/p>\n<p class=\"textabsatz m-ten m-offset-one l-eight l-offset-two columns twelve\">Die L\u00f6sung liegt f\u00fcr Zwanziger auf der Hand: &#8222;Wenn es ihm so wichtig ist, Bundestrainer zu werden, dann muss er alles andere sein lassen. Deutscher Nationaltrainer ist ein Riesenamt in dieser Gesellschaft, immer noch und trotz der Dinge, die in den letzten Jahren nicht so gut gelaufen sind. Der Bundestrainer kann nicht zwei H\u00fcte tragen.&#8220;<\/p>\n<p>10.07.2026 \u2022 15:22 Uhr<\/p>\n<p>    Khedira in Mourinhos Trainerstab bei Real<\/p>\n<p class=\"textabsatz m-ten m-offset-one l-eight l-offset-two columns twelve\">Der langj\u00e4hrige Nationalspieler Sami Khedira geh\u00f6rt ab sofort zum Trainerstab von Starcoach Jos\u00e9 Mourinho beim spanischen Rekordmeister Real Madrid. Der Weltmeister von 2014 kehrt damit gut f\u00fcnf Jahre nach seinem aktiven Karriereende zur\u00fcck in den Profifu\u00dfball &#8211; und das gleich bei einem der schillerndsten Vereine der Welt. Seinen Job als TV-Experte bei einem Streamingdienst gibt er daf\u00fcr auf.<\/p>\n<p class=\"textabsatz m-ten m-offset-one l-eight l-offset-two columns twelve\">F\u00fcr den 39-J\u00e4hrigen kommt es zum Wiedersehen mit einem seiner pr\u00e4genden Trainer: Mourinho hatte den Mittelfeldspieler 2010 vom VfB Stuttgart nach Madrid geholt.<\/p>\n<p>10.07.2026 \u2022 12:37 Uhr<\/p>\n<p>    Neuendorf und Watzke auf dem Weg zu Klopp nach New York<\/p>\n<p class=\"textabsatz m-ten m-offset-one l-eight l-offset-two columns twelve\">DFB-Pr\u00e4sident Bernd Neuendorf und sein Stellvertreter Hans-Joachim Watzke sind zu den Vertragsgespr\u00e4chen mit Bundestrainer-Kandidat J\u00fcrgen Klopp in die USA aufgebrochen. In New York sollen am Wochenende nach Sportschau-Informationen Details zum avisierten Engagement des 59-J\u00e4hrigen als Nachfolger von Julian Nagelsmann besprochen werden.<\/p>\n<p class=\"textabsatz m-ten m-offset-one l-eight l-offset-two columns twelve\">Klopp, aktuell als TV-Experte bei der Endrunde t\u00e4tig, ist der absolute Top-Kandidat f\u00fcr den nach dem WM-Debakel und folgenden R\u00fccktritt von Nagelsmann vakanten Bundestrainer-Posten. Der einstige Erfolgscoach von Borussia Dortmund und des FC Liverpool hatte in den vergangenen Tagen mehrfach seine Bereitschaft signalisiert, das Amt zu \u00fcbernehmen.<\/p>\n<p class=\"textabsatz m-ten m-offset-one l-eight l-offset-two columns twelve\">Gekl\u00e4rt werden muss unter anderem noch, die Aufl\u00f6sung von Klopps bis 2029 datiertem Vertrag als Head of Global Soccer beim Getr\u00e4nkekonzern Red Bull. Hierzu soll es nach den DFB-Gespr\u00e4chen weitere Verhandlungen in New York mit Gesch\u00e4ftsf\u00fchrer Oliver Mintzlaff geben. Dem Vernehmen nach sind alle Parteien an einer L\u00f6sung interessiert.<\/p>\n<p>10.07.2026 \u2022 11:06 Uhr<\/p>\n<p>    Stiller baut am &#8222;Ballermann&#8220; WM-Frust ab<\/p>\n<p class=\"textabsatz m-ten m-offset-one l-eight l-offset-two columns twelve\">Die deutschen Nationalspieler sind nach dem <a href=\"https:\/\/www.sportschau.de\/fussball\/fifa-wm-2026\/dfb-team-fehlten-gegen-paraguay-sogar-die-einfachen-mittel,wm-analyse-paraguay-ohne-mittel-100.html\" title=\"Weit weg von der Weltspitze: DFB-Team fehlten gegen Paraguay sogar die &quot;einfachen Mittel&quot;\" rel=\"nofollow noopener\" target=\"_blank\">Sechzehntel-Aus bei der WM gegen Paraguay<\/a> im Urlaub &#8211; und abgetaucht. Denn die sonst auf ihren Social-Media-Kan\u00e4len sehr mitteilungsfreudigen DFB-Kicker lassen die \u00d6ffentlichkeit aktuell allesamt im Unklaren dar\u00fcber, wo sie die Seele baumeln lassen. Im Falle von Angelo Stiller kam es trotzdem ans Tageslicht. Auf einem Video der ber\u00fchmt-ber\u00fcchtigten mallorquiner Freiluft-Gro\u00dfraum-Diskothek &#8222;Megapark&#8220; ist zu sehen, wie der Mittelfeldakteur des VfB Stuttgart bei einem Auftritt von Almklausi und dem Produentenduo HBz auf die B\u00fchne gerufen wird und dort unter dem Jubel der anderen G\u00e4ste kr\u00e4ftig mitfeiert.<\/p>\n<p class=\"textabsatz m-ten m-offset-one l-eight l-offset-two columns twelve\">&#8222;Auch ein Profi-Fu\u00dfballer muss mal abschalten und sein Leben genie\u00dfen. Sch\u00f6n, dass du da warst, Angelo. Bis zum n\u00e4chsten Mal&#8220;, schrieb der &#8222;Megapark&#8220; zu dem Video. Der Nationalspieler kommentierte den Beitrag mit einem Bizeps-Emoji. Am &#8222;Ballermann&#8220; erlangte Stiller durch seinen Auftritt zumindest kurzzeitig Kult-Status. Auch so l\u00e4sst sich WM-Frust abbauen&#8230;<\/p>\n<p>09.07.2026 \u2022 22:00 Uhr<\/p>\n<p>    Schweinsteiger kritisiert DFB wegen Klopp-Fokus<\/p>\n<p class=\"textabsatz m-ten m-offset-one l-eight l-offset-two columns twelve\">Sportschau-Experte Bastian Schweinsteiger hat den DFB f\u00fcr die fr\u00fche und deutliche Festlegung auf J\u00fcrgen Klopp als Wunschkandidat f\u00fcr den Bundestrainer-Posten kritisiert. &#8222;Hat der DFB Alternativen?&#8220;, fragte Schweinsteiger vor dem Viertelfinale zwischen Frankreich und Marokko.<\/p>\n<p class=\"textabsatz m-ten m-offset-one l-eight l-offset-two columns twelve\">Ihm pers\u00f6nliche fehle bei der Suche nach dem Nachfolger von Julian Nagelsmann &#8222;ein bisschen die Souver\u00e4nit\u00e4t&#8220; beim Verband, so der 41-J\u00e4hrige. Beispielhaft bezeichnete Schweinsteiger den geplanten Flug von DFB-Pr\u00e4sident Bernd Neuendorf und Liga-Boss Hans-Joachim Watzke in die USA zu Klopp, der w\u00e4hrend der WM als Experte bei MagentaTV arbeitet, als &#8222;ein bisschen hektisch&#8220;. Man m\u00fcsse &#8222;schon aufpassen, dass man auch einen Gegenpol hat&#8220;.<\/p>\n<p class=\"textabsatz m-ten m-offset-one l-eight l-offset-two columns twelve\">Dem DFB riet er, &#8222;ein bisschen tiefer zu stapeln&#8220;. Er w\u00e4re zwar froh, &#8222;wenn wir wieder eine Nationalmannschaft h\u00e4tten, wo die anderen Nationen sagen: Oh, die Deutschen, sie sind gut, wir haben Respekt vor ihnen, wir haben Angst vor ihnen. Das haben wir aber nicht.&#8220;<\/p>\n<p>09.07.2026 \u2022 19:54 Uhr<\/p>\n","protected":false},"excerpt":{"rendered":"DFB-Liveblog Stand: 14.07.2026 \u2022 18:24 Uhr Alle Nachrichten rund um das DFB-Team im Liveblog. 14.07.2026 \u2022 18:24 Uhr&hellip;\n","protected":false},"author":2,"featured_media":1167972,"comment_status":"","ping_status":"","sticky":false,"template":"","format":"standard","meta":{"footnotes":"","_share_on_mastodon":"0"},"categories":[2],"tags":[331,3924,332,3922,3364,29,5974,347,30,13,14,3923,15,3921,12,59416],"class_list":["post-1167971","post","type-post","status-publish","format-standard","has-post-thumbnail","category-deutschland","tag-aktuelle-nachrichten","tag-aktuelle-nachrichten-aus-deutschland","tag-aktuelle-news","tag-aktuelle-news-aus-deutschland","tag-de","tag-deutschland","tag-dfb-team","tag-fussball","tag-germany","tag-headlines","tag-nachrichten","tag-nachrichten-aus-deutschland","tag-news","tag-news-aus-deutschland","tag-schlagzeilen","tag-wm-2026"],"share_on_mastodon":{"url":"https:\/\/pubeurope.com\/@de\/116922952351933430","error":""},"_links":{"self":[{"href":"https:\/\/www.europesays.com\/de\/wp-json\/wp\/v2\/posts\/1167971","targetHints":{"allow":["GET"]}}],"collection":[{"href":"https:\/\/www.europesays.com\/de\/wp-json\/wp\/v2\/posts"}],"about":[{"href":"https:\/\/www.europesays.com\/de\/wp-json\/wp\/v2\/types\/post"}],"author":[{"embeddable":true,"href":"https:\/\/www.europesays.com\/de\/wp-json\/wp\/v2\/users\/2"}],"replies":[{"embeddable":true,"href":"https:\/\/www.europesays.com\/de\/wp-json\/wp\/v2\/comments?post=1167971"}],"version-history":[{"count":0,"href":"https:\/\/www.europesays.com\/de\/wp-json\/wp\/v2\/posts\/1167971\/revisions"}],"wp:featuredmedia":[{"embeddable":true,"href":"https:\/\/www.europesays.com\/de\/wp-json\/wp\/v2\/media\/1167972"}],"wp:attachment":[{"href":"https:\/\/www.europesays.com\/de\/wp-json\/wp\/v2\/media?parent=1167971"}],"wp:term":[{"taxonomy":"category","embeddable":true,"href":"https:\/\/www.europesays.com\/de\/wp-json\/wp\/v2\/categories?post=1167971"},{"taxonomy":"post_tag","embeddable":true,"href":"https:\/\/www.europesays.com\/de\/wp-json\/wp\/v2\/tags?post=1167971"}],"curies":[{"name":"wp","href":"https:\/\/api.w.org\/{rel}","templated":true}]}}