{"id":1168072,"date":"2026-07-15T08:59:12","date_gmt":"2026-07-15T08:59:12","guid":{"rendered":"https:\/\/www.europesays.com\/de\/1168072\/"},"modified":"2026-07-15T08:59:12","modified_gmt":"2026-07-15T08:59:12","slug":"moenchengladbach-stadtverwaltung-waechst-auf-4074-stellen","status":"publish","type":"post","link":"https:\/\/www.europesays.com\/de\/1168072\/","title":{"rendered":"M\u00f6nchengladbach: Stadtverwaltung w\u00e4chst auf 4074 Stellen"},"content":{"rendered":"<p class=\"text_ohne_einzug richtext text-em-55 !leading-serif mx-6 desktop:mx-0\">Das Rathaus ist auf strengem Sparkurs, nachdem K\u00e4mmerer Michael Heck zum 3. Juli bis Ende dieses Jahres <a href=\"https:\/\/rp-online.de\/nrw\/staedte\/moenchengladbach\/moenchengladbach-kaemmerer-michael-heck-verhaengt-haushaltssperre_aid-150758205\" rel=\"nofollow noopener\" target=\"_blank\">wegen des hohen Defizits eine Haushaltssperre verh\u00e4ngt hat<\/a>: Ausgaben f\u00fcr freiwillige Leistungen sollen stark eingeschr\u00e4nkt sein. Frei werdende Stellen werden nicht besetzt. Denn Personal ist zwar wichtig, weil sonst vom Ordnungsdienst \u00fcber <a href=\"https:\/\/rp-online.de\/thema\/kita\/\" rel=\"nofollow noopener\" target=\"_blank\">Kita<\/a> bis zu Bauamt und B\u00fcrgerservice st\u00e4dtische Leistungen nicht mehr m\u00f6glich w\u00e4ren.<\/p>\n","protected":false},"excerpt":{"rendered":"Das Rathaus ist auf strengem Sparkurs, nachdem K\u00e4mmerer Michael Heck zum 3. Juli bis Ende dieses Jahres wegen&hellip;\n","protected":false},"author":2,"featured_media":1168073,"comment_status":"","ping_status":"","sticky":false,"template":"","format":"standard","meta":{"footnotes":"","_share_on_mastodon":"0"},"categories":[1849],"tags":[26335,19410,3364,29,548,663,3934,30,13,3491,60404,4455,14,15,1209,12501,244780,75721,12],"class_list":["post-1168072","post","type-post","status-publish","format-standard","has-post-thumbnail","category-moenchengladbach","tag-ausgaben","tag-buergerservice","tag-de","tag-deutschland","tag-eu","tag-europa","tag-europe","tag-germany","tag-headlines","tag-kita","tag-leistungen","tag-moenchengladbach","tag-nachrichten","tag-news","tag-nordrhein-westfalen","tag-personal","tag-personalbericht","tag-personalpolitik","tag-schlagzeilen"],"share_on_mastodon":{"url":"https:\/\/pubeurope.com\/@de\/116923175307656016","error":""},"_links":{"self":[{"href":"https:\/\/www.europesays.com\/de\/wp-json\/wp\/v2\/posts\/1168072","targetHints":{"allow":["GET"]}}],"collection":[{"href":"https:\/\/www.europesays.com\/de\/wp-json\/wp\/v2\/posts"}],"about":[{"href":"https:\/\/www.europesays.com\/de\/wp-json\/wp\/v2\/types\/post"}],"author":[{"embeddable":true,"href":"https:\/\/www.europesays.com\/de\/wp-json\/wp\/v2\/users\/2"}],"replies":[{"embeddable":true,"href":"https:\/\/www.europesays.com\/de\/wp-json\/wp\/v2\/comments?post=1168072"}],"version-history":[{"count":0,"href":"https:\/\/www.europesays.com\/de\/wp-json\/wp\/v2\/posts\/1168072\/revisions"}],"wp:featuredmedia":[{"embeddable":true,"href":"https:\/\/www.europesays.com\/de\/wp-json\/wp\/v2\/media\/1168073"}],"wp:attachment":[{"href":"https:\/\/www.europesays.com\/de\/wp-json\/wp\/v2\/media?parent=1168072"}],"wp:term":[{"taxonomy":"category","embeddable":true,"href":"https:\/\/www.europesays.com\/de\/wp-json\/wp\/v2\/categories?post=1168072"},{"taxonomy":"post_tag","embeddable":true,"href":"https:\/\/www.europesays.com\/de\/wp-json\/wp\/v2\/tags?post=1168072"}],"curies":[{"name":"wp","href":"https:\/\/api.w.org\/{rel}","templated":true}]}}