{"id":1168169,"date":"2026-07-15T09:53:16","date_gmt":"2026-07-15T09:53:16","guid":{"rendered":"https:\/\/www.europesays.com\/de\/1168169\/"},"modified":"2026-07-15T09:53:16","modified_gmt":"2026-07-15T09:53:16","slug":"wegen-wassermangels-neue-verbote-gelten-nicht-nur-fuer-muenchen","status":"publish","type":"post","link":"https:\/\/www.europesays.com\/de\/1168169\/","title":{"rendered":"Wegen Wassermangels: Neue Verbote gelten nicht nur f\u00fcr M\u00fcnchen"},"content":{"rendered":"<p>Die Stadt <a href=\"https:\/\/www.abendzeitung-muenchen.de\/muenchen\/\" rel=\"nofollow noopener\" target=\"_blank\">M\u00fcnchen<\/a> hat auf die anhaltende Trockenheit und den hohen Wasserverbrauch in den vergangenen Wochen reagiert und eine Allgemeinverf\u00fcgung erlassen, die die Nutzung von Trinkwasser f\u00fcr bestimmte Zwecke mit sofortiger Wirkung verbietet. Sie gilt vorerst bis 1. August, kann aber bei anhaltender Trockenheit verl\u00e4ngert werden.<\/p>\n<p>Stadt reagiert auf Wassermangel: Allgemeinverf\u00fcgung verbietet bestimmte Zwecke<\/p>\n<p>Oberb\u00fcrgermeister <a href=\"https:\/\/www.abendzeitung-muenchen.de\/person\/dominik-krause\/\" rel=\"nofollow noopener\" target=\"_blank\">Dominik Krause<\/a>: &#8222;Der Wasserverbrauch ist in den vergangenen Tagen wieder deutlich angestiegen. Nach einem au\u00dfergew\u00f6hnlich trockenen Winter und Fr\u00fchling sind die vorhandenen Ressourcen der Wasserversorgung M\u00fcnchens derzeit \u00e4u\u00dferst strapaziert. Ich habe deshalb in Abstimmung mit den <a href=\"https:\/\/www.abendzeitung-muenchen.de\/organisation\/stadtwerke-muenchen\/\" rel=\"nofollow noopener\" target=\"_blank\">SWM<\/a> und dem RKU entschieden, weitergehende, verpflichtende Sparma\u00dfnahmen zu ergreifen. Ich bitte alle M\u00fcnchnerinnen und M\u00fcnchner, sich an die Regeln zu halten, damit sich die Grundwasserpegel erholen. Wasser ist unser kostbarstes Lebensmittel, lassen Sie uns damit sorgsam umgehen.&#8220;\u00a0<\/p>\n<p>        An dieser Stelle finden Sie einen externen Inhalt (Instagram). Sie k\u00f6nnen sich Inhalte dieses Anbieters mit einem Klick anzeigen lassen und wieder ausblenden.<\/p>\n<p>\n        Anzeigen\n        <\/p>\n<p>\n        Externe Inhalte ausblenden\n        <\/p>\n<p>\n        Anzeige f\u00fcr den Anbieter Instagram \u00fcber den Consent-Anbieter verweigert\n    <\/p>\n<p><strong>Ab sofort gilt in M\u00fcnchen und den mitversorgten Kommunen Aschheim, Garching, Neubiberg, Neuried, Oberschlei\u00dfheim, Unterf\u00f6hring und Unterhaching:<\/strong><\/p>\n<ul>\n<li>Die Entnahme von Wasser zum Bef\u00fcllen und zum Betrieb von privaten Pools und sonstigen Badebecken, privaten Springbrunnen, Wasserspielanlagen, Wasserbeh\u00e4ltern (z. B. Tonnen) und \u00e4hnlichen Einrichtungen ist verboten.<\/li>\n<li>Die Bew\u00e4sserung, das Gie\u00dfen und die Beregnung von Haus- und Kleing\u00e4rten oder Schreberg\u00e4rten (z. B. Geh\u00f6lze, Hecken, Stauden, Beete, Zierpflanzen u. \u00e4.) in der Zeit von 9:00 Uhr bis 19:00 Uhr ist verboten, soweit diese nicht einer gewerblichen oder \u00f6ffentlichen Nutzung dienen. Ausgenommen von dieser zeitlichen Beschr\u00e4nkung ist die Bew\u00e4sserung und Beregnung mit wassersparender Tr\u00f6pfchenbew\u00e4sserung. Ebenso sind ausgenommen land- und forstwirtschaftliche Fl\u00e4chen und Friedh\u00f6fe.<\/li>\n<li>Die Bew\u00e4sserung, das Gie\u00dfen und die Beregnung von Rasenfl\u00e4chen und sonstigen Gr\u00fcnfl\u00e4chen ist verboten, soweit diese nicht einer gewerblichen oder \u00f6ffentlichen Nutzung dienen. Ausgenommen von dieser Beschr\u00e4nkung sind insbesondere Sportpl\u00e4tze.<\/li>\n<li>Das Waschen von Fahrzeugen au\u00dferhalb gewerblicher Waschanlagen ist verboten, soweit dies nicht aus Gr\u00fcnden der \u00f6ffentlichen Sicherheit und Ordnung erforderlich ist (z. B. Einsatzfahrzeuge).<\/li>\n<li>Das Befeuchten von Baustra\u00dfen und Baustellen zur Verminderung von Staubentwicklung ist verboten, soweit dies nicht durch beh\u00f6rdliche Vorgaben vorgeschrieben ist.<\/li>\n<li>Das Abspritzen oder Bew\u00e4ssern (z. B. mit Hochdruckreinigern, B\u00fcrsten) von Terrassen, W\u00e4nden, Stra\u00dfen, Hof- und Wegfl\u00e4chen, D\u00e4chern und nicht gewerblich genutzten technischen Anlagen durch Privatpersonen ist verboten.<\/li>\n<li>Die Entnahme von Wasser aus Oberfl\u00e4chengew\u00e4ssern im Stadtgebiet der Landeshauptstadt M\u00fcnchen f\u00fcr die oben genannten Zwecke wird vollst\u00e4ndig untersagt. Ausgenommen von diesem Verbot ist der Gemeingebrauch nach Art. 18 BayWG (wie z. B. das Sch\u00f6pfen mit Handgef\u00e4\u00dfen), die Entnahme zum Tr\u00e4nken von Vieh und f\u00fcr den Bedarf in der Landwirtschaft sowie Entnahmen, bei denen das entnommene Wasser vollst\u00e4ndig wieder in das Gew\u00e4sser zur\u00fcckgeleitet wird (insbesondere thermische Nutzungen).<\/li>\n<\/ul>\n<p>Bei Zuwiderhandlungen droht ein Bu\u00dfgeld<\/p>\n<p>Die Landeshauptstadt M\u00fcnchen weist darauf hin, dass Zuwiderhandlungen gem\u00e4\u00df Wasserhaushaltsgesetz mit Geldbu\u00dfen von bis zu 50.000 Euro geahndet werden k\u00f6nnen.<\/p>\n<p>Normalerweise gilt der S\u00fcden Bayerns als niederschlagsreiche Region und die Wasserversorgung entsprechend sicher. Dass die Stadt M\u00fcnchen nun via Allgemeinverf\u00fcgung Notma\u00dfnahmen ergreift, ist daher als deutliches Alarmzeichen zu werten.<\/p>\n<p>&#8222;Verordnungen, die man ja doch nicht kontrollieren kann&#8220;<\/p>\n<p>Die neue Allgemeinverf\u00fcgung hat auch Auswirkungen auf die Tausenden von Kleing\u00e4rtnern in M\u00fcnchen. Zwar zeige man Verst\u00e4ndnis f\u00fcr die Ma\u00dfnahme, zweifle aber an der st\u00e4dtischen M\u00f6glichkeit, die Einhaltung der tempor\u00e4ren Verbote zu kontrollieren.<\/p>\n<p>&#8222;Das Kleingartengesetz schreibt jetzt vor, dass etwa ein Drittel der Fl\u00e4che f\u00fcr Anbau von Obst und Gem\u00fcse genutzt werden soll. Wenn ich das ernst nehme, dann muss ich nat\u00fcrlich auch die M\u00f6glichkeit haben, zu gie\u00dfen&#8220;, so Alexander Reissl, Chef des Kleingartenverbands M\u00fcnchen zur AZ. Fachlich verstehe er die neue Verordnung. Ein Gie\u00dfen bei prallem Sonnenschein sei zum Beispiel nicht sinnvoll, weil das Wasser gleich verdunste. Auf der anderen Seite gebe es Situationen, in denen man verhindern wolle, dass das angepflanzte Gem\u00fcse kaputtgehe. Reissl, der selbst Stadtrat f\u00fcr die M\u00fcnchner SPD und zuletzt f\u00fcr die CSU war, fragt sich, wie die Stadt das \u00fcberwachen wolle. &#8222;Wir haben alleine im Kleingartenverband M\u00fcnchen 8700 Parzellen.&#8220; Er pers\u00f6nlich sei ein Fan davon, an die Einsicht und Vernunft der Leute zu appellieren, statt auf Verordnungen zu setzen.\u00a0<\/p>\n<p>Wasserverbrauch in M\u00fcnchen enorm gestiegen<\/p>\n<p>Bereits in j\u00fcngster Vergangenheit haben Krause und die Stadtwerke (SWM) an die M\u00fcnchner Einwohner appelliert, sparsamer mit dem Trinkwasser umzugehen, die Wirkung scheint nicht ausreichend gewesen zu sein.\u00a0<\/p>\n<p>    <img decoding=\"async\" src=\"https:\/\/www.europesays.com\/de\/wp-content\/uploads\/2025\/04\/loader_big_black.gif\" class=\"loader-wheel\" alt=\"Lade TED\" title=\"Lade TED\" border=\"0\"\/><\/p>\n<p>\u00a0<\/p>\n<p>Umfrage wird geladen, bitte warten&#8230;<\/p>\n<p>\u00a0<\/p>\n<p>Im langj\u00e4hrigen Schnitt werden in M\u00fcnchen 300 bis 350 Millionen Liter Trinkwasser verbraucht. Vor zwei Wochen teilten die Stadtwerke mit, dass der Wasserverbrauch w\u00e4hrend der extremen Hitzeperiode im Juni pro Tag auf mehr als 400 Millionen Liter angestiegen sei.<\/p>\n<p>Nach dem Sparappell ging der Verbrauch, auch witterungsbedingt, in den ersten Juli-Tagen wieder auf 330 Millionen Liter zur\u00fcck, seitdem ist er aber wieder stetig angestiegen auf derzeit 370 Millionen Liter pro Tag.<\/p>\n<p>    <a href=\"https:\/\/www.abendzeitung-muenchen.de\/bayern\/wird-das-trinkwasser-in-bayern-knapp-das-raten-experten-art-1143772\" data-mrf-recirculation=\"Artikel-Link\" rel=\"nofollow noopener\" target=\"_blank\"><img decoding=\"async\" loading=\"lazy\" src=\"https:\/\/www.europesays.com\/de\/wp-content\/uploads\/2026\/07\/1712917_brunnen-mit-trinkwasser_mehrzumthema_1Gl4tk_wr3Ied.jpg\" alt=\"Mancherorts werden Brunnen au\u00dfer Betrieb genommen. (Symbolbild)\" title=\"Mancherorts werden Brunnen au\u00dfer Betrieb genommen. (Symbolbild)\" width=\"696\" height=\"390\"\/><\/a><\/p>\n<p>        <a href=\"https:\/\/www.abendzeitung-muenchen.de\/bayern\/wird-das-trinkwasser-in-bayern-knapp-das-raten-experten-art-1143772\" data-mrf-recirculation=\"Artikel-Link\" rel=\"nofollow noopener\" target=\"_blank\">Wird das Trinkwasser in Bayern knapp? Das raten Experten        <\/a><\/p>\n<p>                X<\/p>\n<p>Sie haben den Artikel der Merkliste hinzugef\u00fcgt. <\/p>\n<p>                <a href=\"https:\/\/www.abendzeitung-muenchen.de\/meine-az\/merkliste\/\" title=\"Zur Merkliste\" rel=\"nofollow noopener\" target=\"_blank\"><br \/>\n                zur Merkliste<br \/>\n                <\/a>  <\/p>\n<p>    <a href=\"https:\/\/www.abendzeitung-muenchen.de\/muenchen\/radikaler-rathaus-plan-zum-wassersparen-muenchner-brauereien-sollen-ihre-brunnen-stilllegen-art-1142247\" data-mrf-recirculation=\"Artikel-Link\" rel=\"nofollow noopener\" target=\"_blank\"><img decoding=\"async\" loading=\"lazy\" src=\"https:\/\/www.europesays.com\/de\/wp-content\/uploads\/2026\/07\/1710101_bierausschank-in-der-augustiner-festhalle_mehrzumthema_1GiDiK_38zh0Z.jpg\" alt=\"Hat die Wasserknappheit Folgen f\u00fcr das M\u00fcnchner Bier?\" title=\"Hat die Wasserknappheit Folgen f\u00fcr das M\u00fcnchner Bier?\" width=\"696\" height=\"390\"\/><\/a><\/p>\n<p>        <a href=\"https:\/\/www.abendzeitung-muenchen.de\/muenchen\/radikaler-rathaus-plan-zum-wassersparen-muenchner-brauereien-sollen-ihre-brunnen-stilllegen-art-1142247\" data-mrf-recirculation=\"Artikel-Link\" rel=\"nofollow noopener\" target=\"_blank\">Radikaler Rathaus-Plan zum Wassersparen: M\u00fcnchner Brauereien sollen ihre &#8230;        <\/a><\/p>\n<p>              <img decoding=\"async\" alt=\"AZ-Plus\" src=\"https:\/\/www.abendzeitung-muenchen.de\/design\/images\/badge-azplus.svg\"\/>                <\/p>\n<p>                X<\/p>\n<p>Sie haben den Artikel der Merkliste hinzugef\u00fcgt. <\/p>\n<p>                <a href=\"https:\/\/www.abendzeitung-muenchen.de\/meine-az\/merkliste\/\" title=\"Zur Merkliste\" rel=\"nofollow noopener\" target=\"_blank\"><br \/>\n                zur Merkliste<br \/>\n                <\/a>  <\/p>\n<p>Um Wasser zu sparen: Zahlreiche Brunnen in M\u00fcnchen abgestellt<\/p>\n<p><a href=\"https:\/\/www.abendzeitung-muenchen.de\/muenchen\/trinkwasser-krise-spitzt-sich-zu-muenchen-reagiert-jetzt-mit-ungewoehnlichen-massnahmen-art-1141148\" target=\"_blank\" title=\"Krause ruft den Wasser-Notstand aus \u2013 das sind die Konsequenzen f\u00fcr die M\u00fcnchner\" rel=\"nofollow noopener\">Um Wasser zu sparen, hat die Stadt M\u00fcnchen bereits Anfang Juli erste Ma\u00dfnahmen ergriffen<\/a>, so wurden die zehn Zierbrunnen, die am meisten Wasser ben\u00f6tigen, darunter auch der Fischbrunnen am Marienplatz, abgeschaltet. 56 weitere Brunnen laufen t\u00e4glich vier Stunden weniger. Diese Brunnen sollen den Menschen weiter zur Abk\u00fchlung zur hei\u00dfen Tageszeit dienen. \u00a0\u00a0<\/p>\n<p>Die Bew\u00e4sserung von st\u00e4dtischen Gr\u00fcnanlagen wurde reduziert oder ganz eingestellt. Die Bew\u00e4sserung von st\u00e4dtischen Sportanlagen wurde ebenfalls reduziert. Der Wasserverbrauch von Schulschwimmb\u00e4dern soll auf &#8222;ein Minimum&#8220; heruntergefahren werden, so die Stadt. Fenster in st\u00e4dtischen Geb\u00e4uden werden vorerst nicht mehr gereinigt. Dies gilt auch f\u00fcr die Autos der Stadt. Laut Mitteilung wird &#8222;tempor\u00e4r&#8220; auf das Waschen des Fuhrparks verzichtet. Das betrifft auch Feuerwehrautos. &#8222;Wasserintensive \u00dcbungen&#8220; sollten au\u00dferdem auch erstmal ausgesetzt werden.<\/p>\n","protected":false},"excerpt":{"rendered":"Die Stadt M\u00fcnchen hat auf die anhaltende Trockenheit und den hohen Wasserverbrauch in den vergangenen Wochen reagiert und&hellip;\n","protected":false},"author":2,"featured_media":1168170,"comment_status":"","ping_status":"","sticky":false,"template":"","format":"standard","meta":{"footnotes":"","_share_on_mastodon":"0"},"categories":[1827],"tags":[5312,772,29,2177,30,1268,6423,53252,17272],"class_list":["post-1168169","post","type-post","status-publish","format-standard","has-post-thumbnail","category-muenchen","tag-allgemeinverfuegung","tag-bayern","tag-deutschland","tag-dominik-krause","tag-germany","tag-muenchen","tag-trinkwasser","tag-verbote","tag-wassermangel"],"share_on_mastodon":{"url":"https:\/\/pubeurope.com\/@de\/116923390438550954","error":""},"_links":{"self":[{"href":"https:\/\/www.europesays.com\/de\/wp-json\/wp\/v2\/posts\/1168169","targetHints":{"allow":["GET"]}}],"collection":[{"href":"https:\/\/www.europesays.com\/de\/wp-json\/wp\/v2\/posts"}],"about":[{"href":"https:\/\/www.europesays.com\/de\/wp-json\/wp\/v2\/types\/post"}],"author":[{"embeddable":true,"href":"https:\/\/www.europesays.com\/de\/wp-json\/wp\/v2\/users\/2"}],"replies":[{"embeddable":true,"href":"https:\/\/www.europesays.com\/de\/wp-json\/wp\/v2\/comments?post=1168169"}],"version-history":[{"count":0,"href":"https:\/\/www.europesays.com\/de\/wp-json\/wp\/v2\/posts\/1168169\/revisions"}],"wp:featuredmedia":[{"embeddable":true,"href":"https:\/\/www.europesays.com\/de\/wp-json\/wp\/v2\/media\/1168170"}],"wp:attachment":[{"href":"https:\/\/www.europesays.com\/de\/wp-json\/wp\/v2\/media?parent=1168169"}],"wp:term":[{"taxonomy":"category","embeddable":true,"href":"https:\/\/www.europesays.com\/de\/wp-json\/wp\/v2\/categories?post=1168169"},{"taxonomy":"post_tag","embeddable":true,"href":"https:\/\/www.europesays.com\/de\/wp-json\/wp\/v2\/tags?post=1168169"}],"curies":[{"name":"wp","href":"https:\/\/api.w.org\/{rel}","templated":true}]}}