{"id":1168173,"date":"2026-07-15T09:55:16","date_gmt":"2026-07-15T09:55:16","guid":{"rendered":"https:\/\/www.europesays.com\/de\/1168173\/"},"modified":"2026-07-15T09:55:16","modified_gmt":"2026-07-15T09:55:16","slug":"hamburg-billstedt-fahrer-rammt-offenbar-absichtlich-golf","status":"publish","type":"post","link":"https:\/\/www.europesays.com\/de\/1168173\/","title":{"rendered":"Hamburg-Billstedt: Fahrer rammt offenbar absichtlich Golf"},"content":{"rendered":"<p>        <img decoding=\"async\" src=\"https:\/\/www.europesays.com\/de\/wp-content\/uploads\/2026\/07\/screenshot-196074.webp\" alt=\"Nach einem Unfall ist ein PKW schwer besch\u00e4digt.\" title=\"Nach einem Unfall ist ein PKW schwer besch\u00e4digt. | NEWS5\" class=\"responsive\"\/><\/p>\n<p>AUDIO: HH-Billstedt: Transporter f\u00e4hrt mehrmals r\u00fcckw\u00e4rts in Auto (1 Min)<\/p>\n<p>\n                Stand: 15.07.2026 11:26 Uhr<\/p>\n<p class=\"preface\">In Hamburg-Billstedt hat ein Mann offenbar mit Absicht das Auto einer Frau gerammt. Der 49-J\u00e4hrige fuhr am DIenstagabend in der Merkenstra\u00dfe immer wieder mit einem Sprinter gegen den Golf einer 56-J\u00e4hrigen und fl\u00fcchtete anschlie\u00dfend.<\/p>\n<p class=\"\">Zuerst sah alles nach einem normalen Verkehrsunfall aus. Ein Sprinter war mit dem Heck gegen einen Golf gekracht. Dann aber soll der Fahrer immer wieder nachgesetzt haben und das Auto der Frau noch weitere Male gerammt haben &#8211; so ein Sprecher der Polizei. Insgesamt drei Mal soll er den Wagen getroffen haben. Die Fahrerin konnte sich aus dem Auto retten. Sie erlitt Verletzungen an den Beinen und kam in ein Krankenhaus.<\/p>\n<p>    Fahrer in Mecklenburg-Vorpommern gefasst<\/p>\n<p>                    <a href=\"https:\/\/www.europesays.com\/de\/wp-content\/uploads\/2026\/07\/screenshot-196074.webp\" class=\"zoomimage\" title=\"Bild vergr\u00f6\u00dfern\"><\/p>\n<p>        <img decoding=\"async\" src=\"https:\/\/www.europesays.com\/de\/wp-content\/uploads\/2026\/07\/screenshot-196074.webp\" alt=\"Nach einem Unfall ist ein PKW schwer besch\u00e4digt.\" title=\"Der Golf wurde schwer besch\u00e4digt. | NEWS5\" class=\"responsive\" loading=\"lazy\"\/><\/p>\n<p>                    <\/a><\/p>\n<p>                    Der Golf wurde schwer besch\u00e4digt.<\/p>\n<p class=\"\">Der Sprinter-Fahrer war beim Eintreffen der Polizei l\u00e4ngst gefl\u00fcchtet. Nach ihm wurde umgehend gefahndet und er konnte schlie\u00dflich in Bad Doberan in Mecklenburg-Vorpommern gefasst werden. Gekannt haben sich die beiden nicht &#8211; noch immer ist unklar, warum der Mann das Auto der Frau gerammt hat. Noch in der vergangenen Nacht sicherten die Beamten Spuren am Tatort. Die Kriminalpolizei ermittelt jetzt wegen gef\u00e4hrlicher K\u00f6rperverletzung.<\/p>\n","protected":false},"excerpt":{"rendered":"AUDIO: HH-Billstedt: Transporter f\u00e4hrt mehrmals r\u00fcckw\u00e4rts in Auto (1 Min) Stand: 15.07.2026 11:26 Uhr In Hamburg-Billstedt hat ein&hellip;\n","protected":false},"author":2,"featured_media":1168174,"comment_status":"","ping_status":"","sticky":false,"template":"","format":"standard","meta":{"footnotes":"","_share_on_mastodon":"0"},"categories":[1826],"tags":[4187,29,30,12639,692,691,3603,601],"class_list":["post-1168173","post","type-post","status-publish","format-standard","has-post-thumbnail","category-hamburg","tag-billstedt","tag-deutschland","tag-germany","tag-golf","tag-hamburg","tag-hh","tag-transporter","tag-verkehr"],"share_on_mastodon":{"url":"https:\/\/pubeurope.com\/@de\/116923397928301367","error":""},"_links":{"self":[{"href":"https:\/\/www.europesays.com\/de\/wp-json\/wp\/v2\/posts\/1168173","targetHints":{"allow":["GET"]}}],"collection":[{"href":"https:\/\/www.europesays.com\/de\/wp-json\/wp\/v2\/posts"}],"about":[{"href":"https:\/\/www.europesays.com\/de\/wp-json\/wp\/v2\/types\/post"}],"author":[{"embeddable":true,"href":"https:\/\/www.europesays.com\/de\/wp-json\/wp\/v2\/users\/2"}],"replies":[{"embeddable":true,"href":"https:\/\/www.europesays.com\/de\/wp-json\/wp\/v2\/comments?post=1168173"}],"version-history":[{"count":0,"href":"https:\/\/www.europesays.com\/de\/wp-json\/wp\/v2\/posts\/1168173\/revisions"}],"wp:featuredmedia":[{"embeddable":true,"href":"https:\/\/www.europesays.com\/de\/wp-json\/wp\/v2\/media\/1168174"}],"wp:attachment":[{"href":"https:\/\/www.europesays.com\/de\/wp-json\/wp\/v2\/media?parent=1168173"}],"wp:term":[{"taxonomy":"category","embeddable":true,"href":"https:\/\/www.europesays.com\/de\/wp-json\/wp\/v2\/categories?post=1168173"},{"taxonomy":"post_tag","embeddable":true,"href":"https:\/\/www.europesays.com\/de\/wp-json\/wp\/v2\/tags?post=1168173"}],"curies":[{"name":"wp","href":"https:\/\/api.w.org\/{rel}","templated":true}]}}