{"id":1168198,"date":"2026-07-15T10:09:20","date_gmt":"2026-07-15T10:09:20","guid":{"rendered":"https:\/\/www.europesays.com\/de\/1168198\/"},"modified":"2026-07-15T10:09:20","modified_gmt":"2026-07-15T10:09:20","slug":"fc-bayern-hat-vincent-kompany-mehr-macht-als-einst-pep-guardiola","status":"publish","type":"post","link":"https:\/\/www.europesays.com\/de\/1168198\/","title":{"rendered":"FC Bayern: Hat Vincent Kompany mehr Macht als einst Pep Guardiola?"},"content":{"rendered":"<p>Wunschspieler kommen nach M\u00fcnchen <\/p>\n<p>Ist Kompany einer der m\u00e4chtigsten Bayern-Trainer?<\/p>\n<p>Aktualisiert am 15.07.2026 &#8211; 11:42 UhrLesedauer: 2 Min.<\/p>\n<p><a href=\"#focus-0\" class=\"transition-colors block text-current relative\" data-sctrack=\"FocusGalleryImage.Reference\"><img fetchpriority=\"high\" data-testid=\"Opener.Image\"   loading=\"eager\" src=\"https:\/\/www.europesays.com\/de\/wp-content\/uploads\/2026\/07\/vincent-kompany-der-belgier-geht-in-sein-drittes-jahr-beim-fc-bayern.jpg\" alt=\"Vincent Kompany: Der Belgier geht in sein drittes Jahr beim FC Bayern.\" title=\"Vincent Kompany: Der Belgier geht in sein drittes Jahr beim FC Bayern.\" width=\"4701\" height=\"2644\" class=\"bg-[url:var(--lqipURL)] bg-cover bg-center flex h-full w-full max-w-full\" style=\"--lqipURL:url('https:\/\/images.t-online.de\/2026\/07\/xQTH1tUPohwb\/28x123:4701x2644\/fit-in\/150x0\/filters:blur(25)\/vincent-kompany-der-belgier-geht-in-sein-drittes-jahr-beim-fc-bayern.jpg')\" decoding=\"async\"\/><img loading=\"lazy\" src=\"https:\/\/www.t-online.de\/s\/paper\/_next\/static\/media\/zoom-in.f7dae02f.svg\" alt=\"Vergr\u00f6\u00dfern des Bildes\" title=\"Vergr\u00f6\u00dfern des Bildes\" class=\"block h-[calc(var(--height)_\/_16_*_1rem)] w-[calc(var(--width)_\/_16_*_1rem)] max-w-none absolute right-8 bottom-8 rounded-4 bg-snow p-8\" style=\"--width:32;--height:32\" decoding=\"async\"\/><\/a><\/p>\n<p>Vincent Kompany: Der Belgier geht in sein drittes Jahr beim FC Bayern. (Quelle: IMAGO\/Laci Perenyi)<\/p>\n<p><img loading=\"lazy\" src=\"https:\/\/www.t-online.de\/s\/paper\/_next\/static\/media\/audio-volume.6689034c.svg\" alt=\"\" title=\"\" class=\"block h-[calc(var(--height)_\/_16_*_1rem)] w-[calc(var(--width)_\/_16_*_1rem)] max-w-none group-hover:brightness-0 group-hover:invert\" style=\"--width:16;--height:16\" decoding=\"async\"\/>Vorlesen<\/p>\n<p>Aktuelle Zeit:0:00Gesamtdauer:0:00<\/p>\n<p>1x<\/p>\n<p class=\"text-center\">Jetzt neu bei t-online:<\/p>\n<p class=\"text-center\">Schriftgr\u00f6\u00dfe anpassen!<\/p>\n<p><img loading=\"lazy\" src=\"https:\/\/www.t-online.de\/s\/paper\/_next\/static\/media\/font-sizes.32942e33.svg\" alt=\"\" title=\"\" class=\"block h-[calc(var(--height)_\/_16_*_1rem)] w-[calc(var(--width)_\/_16_*_1rem)] max-w-none group-hover:hidden group-aria-expanded:hidden\" style=\"--width:16;--height:16\" decoding=\"async\"\/><img loading=\"lazy\" src=\"https:\/\/www.t-online.de\/s\/paper\/_next\/static\/media\/font-sizes-dark-mode.e382645c.svg\" alt=\"\" title=\"\" class=\"block h-[calc(var(--height)_\/_16_*_1rem)] w-[calc(var(--width)_\/_16_*_1rem)] max-w-none hidden group-hover:block group-aria-expanded:block\" style=\"--width:16;--height:16\" decoding=\"async\"\/><img loading=\"lazy\" src=\"https:\/\/www.t-online.de\/s\/paper\/_next\/static\/media\/sharing-menu-icon.1eb71368.svg\" alt=\"\" title=\"\" class=\"block h-[calc(var(--height)_\/_16_*_1rem)] w-[calc(var(--width)_\/_16_*_1rem)] max-w-none group-hover:brightness-0 group-hover:invert\" style=\"--width:16;--height:16\" decoding=\"async\"\/>Artikel teilen<\/p>\n<p class=\"font-bold text-18 leading-17 user-text-lg:text-22 user-text-xl:text-24\">Vincent Kompany ist \u00e4u\u00dferst beliebt in M\u00fcnchen. Nur den Champions-League-Titel hat er noch nicht gewonnen. \u00c4ndert sich das in der n\u00e4chsten Saison?<\/p>\n<p class=\"text-18 leading-17 user-text-lg:text-22 user-text-xl:text-24\"><a href=\"https:\/\/www.t-online.de\/themen\/vincent-kompany\/\" class=\"transition-colors cursor-pointer no-underline md:hover:text-magenta md:focus:text-magenta border-b border-solid border-current text-salemsfur md:hover:border-magenta\" data-tracking=\"{&quot;action&quot;:&quot;click&quot;,&quot;category&quot;:&quot;intextLink&quot;,&quot;label&quot;:&quot;\/themen\/vincent-kompany\/&quot;}\" data-sctrack=\"BodyAnchor\" rel=\"nofollow noopener\" target=\"_blank\">Vincent Kompany<\/a> wird ein \u00fcberragender Job beim <a href=\"https:\/\/www.t-online.de\/themen\/fc-bayern-muenchen\/\" class=\"transition-colors cursor-pointer no-underline md:hover:text-magenta md:focus:text-magenta border-b border-solid border-current text-salemsfur md:hover:border-magenta\" data-tracking=\"{&quot;action&quot;:&quot;click&quot;,&quot;category&quot;:&quot;intextLink&quot;,&quot;label&quot;:&quot;\/themen\/fc-bayern-muenchen\/&quot;}\" data-sctrack=\"BodyAnchor\" rel=\"nofollow noopener\" target=\"_blank\">FC Bayern M\u00fcnchen<\/a> attestiert. Diese Ansicht teilen die m\u00e4chtigen Bosse des deutschen Rekordmeisters. Seit seinem Amtsantritt 2024 bringt er sich immer mehr ein in den Klub und fragt die oberen Funktion\u00e4re auch proaktiv nach Rat. Kompany ist alles, nur nicht beratungsresistent \u2013 anders als Ex-Bayern-Trainer wie Thomas Tuchel oder <a href=\"https:\/\/www.t-online.de\/themen\/julian-nagelsmann\/\" class=\"transition-colors cursor-pointer no-underline md:hover:text-magenta md:focus:text-magenta border-b border-solid border-current text-salemsfur md:hover:border-magenta\" data-tracking=\"{&quot;action&quot;:&quot;click&quot;,&quot;category&quot;:&quot;intextLink&quot;,&quot;label&quot;:&quot;\/themen\/julian-nagelsmann\/&quot;}\" data-sctrack=\"BodyAnchor\" rel=\"nofollow noopener\" target=\"_blank\">Julian Nagelsmann<\/a>.<\/p>\n<p class=\"text-18 leading-17 user-text-lg:text-22 user-text-xl:text-24\">&#8222;Was mir besonders gef\u00e4llt: Vincent interessiert sich daf\u00fcr, was im Verein passiert. Er sucht den Austausch \u2013 dieser Mensch macht es einem leicht, ihn zu m\u00f6gen&#8220;, sagt Bayern-Pr\u00e4sident Herbert Hainer zur &#8222;Sport Bild&#8220;. Besonders durch die erfolgreiche letzte Saison sei der Einfluss Kompanys erheblich gestiegen, so die &#8222;Sport Bild&#8220;. Wie viel Gewicht die Meinung des ehemaligen Innenverteidigers hat, verdeutlichen die Transfers.<\/p>\n<ul class=\"text-18 leading-17 block pl-24 *:pb-16 *:before:inline-block *:before:size-8 *:before:bg-magenta *:before:mt-0 *:before:mr-12 *:before:mb-2 *:before:-ml-[20px]\">\n<li><strong class=\"font-bold\">Weltmeister kritisiert:<\/strong> <a href=\"https:\/\/www.t-online.de\/sport\/fussball\/wm\/id_101344068\/wm-aus-kramer-kritisiert-frankreich-profis-keinen-bock-zu-trainieren-.html\" class=\"transition-colors cursor-pointer no-underline md:hover:text-magenta md:focus:text-magenta border-b border-solid border-current text-salemsfur md:hover:border-magenta\" data-tracking=\"{&quot;action&quot;:&quot;click&quot;,&quot;category&quot;:&quot;intextLink&quot;,&quot;label&quot;:&quot;\/sport\/fussball\/wm\/id_101344068\/wm-aus-kramer-kritisiert-frankreich-profis-keinen-bock-zu-trainieren-.html&quot;}\" data-sctrack=\"BodyAnchor\" rel=\"nofollow noopener\" target=\"_blank\">&#8222;Keinen Bock zu trainieren&#8220;<\/a><\/li>\n<li><strong class=\"font-bold\">DAZN:<\/strong> <a href=\"https:\/\/www.t-online.de\/sport\/fussball\/id_101344184\/dazn-michael-ballack-verlaengert-als-experte-kein-ersatz-fuer-sami-khedira.html\" class=\"transition-colors cursor-pointer no-underline md:hover:text-magenta md:focus:text-magenta border-b border-solid border-current text-salemsfur md:hover:border-magenta\" data-tracking=\"{&quot;action&quot;:&quot;click&quot;,&quot;category&quot;:&quot;intextLink&quot;,&quot;label&quot;:&quot;\/sport\/fussball\/id_101344184\/dazn-michael-ballack-verlaengert-als-experte-kein-ersatz-fuer-sami-khedira.html&quot;}\" data-sctrack=\"BodyAnchor\" rel=\"nofollow noopener\" target=\"_blank\">Ballack verl\u00e4ngert seinen Vertrag<\/a><\/li>\n<\/ul>\n<p class=\"text-18 leading-17 user-text-lg:text-22 user-text-xl:text-24\">Mit <a href=\"https:\/\/www.t-online.de\/themen\/nathaniel-brown\/\" class=\"transition-colors cursor-pointer no-underline md:hover:text-magenta md:focus:text-magenta border-b border-solid border-current text-salemsfur md:hover:border-magenta\" data-tracking=\"{&quot;action&quot;:&quot;click&quot;,&quot;category&quot;:&quot;intextLink&quot;,&quot;label&quot;:&quot;\/themen\/nathaniel-brown\/&quot;}\" data-sctrack=\"BodyAnchor\" rel=\"nofollow noopener\" target=\"_blank\">Nathaniel Brown<\/a> (Eintracht Frankfurt) und Ismael Saibari (PSV Eindhoven) bekommt Kompany seine Wunschspieler. In Summe kosten die beiden WM-Stars stolze 110 Millionen Euro an Abl\u00f6se. W\u00fcnsche dieser Art werden beim <a href=\"https:\/\/www.t-online.de\/themen\/fc-bayern-muenchen\/\" class=\"transition-colors cursor-pointer no-underline md:hover:text-magenta md:focus:text-magenta border-b border-solid border-current text-salemsfur md:hover:border-magenta\" data-tracking=\"{&quot;action&quot;:&quot;click&quot;,&quot;category&quot;:&quot;intextLink&quot;,&quot;label&quot;:&quot;\/themen\/fc-bayern-muenchen\/&quot;}\" data-sctrack=\"BodyAnchor\" rel=\"nofollow noopener\" target=\"_blank\">FC Bayern<\/a> oft abgelehnt \u2013 siehe Pep Guardiola. Der Ex-Trainer der M\u00fcnchner wollte unbedingt <a href=\"https:\/\/www.t-online.de\/themen\/neymar\/\" class=\"transition-colors cursor-pointer no-underline md:hover:text-magenta md:focus:text-magenta border-b border-solid border-current text-salemsfur md:hover:border-magenta\" data-tracking=\"{&quot;action&quot;:&quot;click&quot;,&quot;category&quot;:&quot;intextLink&quot;,&quot;label&quot;:&quot;\/themen\/neymar\/&quot;}\" data-sctrack=\"BodyAnchor\" rel=\"nofollow noopener\" target=\"_blank\">Neymar<\/a> verpflichten, bekam jedoch <a href=\"https:\/\/www.t-online.de\/themen\/mario-goetze\/\" class=\"transition-colors cursor-pointer no-underline md:hover:text-magenta md:focus:text-magenta border-b border-solid border-current text-salemsfur md:hover:border-magenta\" data-tracking=\"{&quot;action&quot;:&quot;click&quot;,&quot;category&quot;:&quot;intextLink&quot;,&quot;label&quot;:&quot;\/themen\/mario-goetze\/&quot;}\" data-sctrack=\"BodyAnchor\" rel=\"nofollow noopener\" target=\"_blank\">Mario G\u00f6tze<\/a>.<\/p>\n<p class=\"text-18 leading-17 user-text-lg:text-22 user-text-xl:text-24\">Weil er seinen Wunschspieler nicht bekam, verk\u00fcndete der Spanier auf einer Pressekonferenz \u00f6ffentlich: &#8222;Thiago oder nichts.&#8220; Nach der \u00f6ffentlichen Aussprache bekam Guardiola zumindest seinen Wunschspieler Thiago.<\/p>\n<p><a href=\"#focus-1\" class=\"transition-colors block text-current relative\" data-sctrack=\"FocusGalleryImage.Reference\"><img   loading=\"lazy\" src=\"https:\/\/www.europesays.com\/de\/wp-content\/uploads\/2026\/07\/pep-guardiola-er-arbeitete-von-2013-bis-2016-fuer-drei-jahre-in-muenchen.jpg\" alt=\"Pep Guardiola: Er arbeitete von 2013 bis 2016 f\u00fcr drei Jahre in M\u00fcnchen.\" title=\"Pep Guardiola: Er arbeitete von 2013 bis 2016 f\u00fcr drei Jahre in M\u00fcnchen.\" width=\"1632\" height=\"918\" class=\"h-full w-full max-w-full rounded-8\" decoding=\"async\"\/><img loading=\"lazy\" src=\"https:\/\/www.t-online.de\/s\/paper\/_next\/static\/media\/zoom-in.f7dae02f.svg\" alt=\"Vergr\u00f6\u00dfern des Bildes\" title=\"Vergr\u00f6\u00dfern des Bildes\" class=\"block h-[calc(var(--height)_\/_16_*_1rem)] w-[calc(var(--width)_\/_16_*_1rem)] max-w-none absolute right-8 bottom-8 rounded-4 bg-snow p-8\" style=\"--width:32;--height:32\" decoding=\"async\"\/>Pep Guardiola: Er arbeitete von 2013 bis 2016 f\u00fcr drei Jahre in M\u00fcnchen. (Quelle: IMAGO\/David Blunsden)<\/a><\/p>\n<p class=\"text-18 leading-17 user-text-lg:text-22 user-text-xl:text-24\">Auch der Arbeitseifer Kompanys st\u00f6\u00dft in M\u00fcnchen auf viel Gegenliebe. So analysiert er direkt nach Ausw\u00e4rtsspielen im Flugzeug das jeweilige Spiel, ruft auch Spieler zu sich, um mit ihnen Situationen anhand von Videomaterial durchzugehen.<\/p>\n","protected":false},"excerpt":{"rendered":"Wunschspieler kommen nach M\u00fcnchen Ist Kompany einer der m\u00e4chtigsten Bayern-Trainer? Aktualisiert am 15.07.2026 &#8211; 11:42 UhrLesedauer: 2 Min.&hellip;\n","protected":false},"author":2,"featured_media":1168199,"comment_status":"","ping_status":"","sticky":false,"template":"","format":"standard","meta":{"footnotes":"","_share_on_mastodon":"0"},"categories":[136],"tags":[772,29,458,30,34756,42877,2602,1268,265,59115,1086],"class_list":["post-1168198","post","type-post","status-publish","format-standard","has-post-thumbnail","category-sport","tag-bayern","tag-deutschland","tag-fc-bayern-muenchen","tag-germany","tag-herbert-hainer","tag-josep-guardiola","tag-julian-nagelsmann","tag-muenchen","tag-sport","tag-thomas-tuchel","tag-vincent-kompany"],"share_on_mastodon":{"url":"https:\/\/pubeurope.com\/@de\/116923451253686230","error":""},"_links":{"self":[{"href":"https:\/\/www.europesays.com\/de\/wp-json\/wp\/v2\/posts\/1168198","targetHints":{"allow":["GET"]}}],"collection":[{"href":"https:\/\/www.europesays.com\/de\/wp-json\/wp\/v2\/posts"}],"about":[{"href":"https:\/\/www.europesays.com\/de\/wp-json\/wp\/v2\/types\/post"}],"author":[{"embeddable":true,"href":"https:\/\/www.europesays.com\/de\/wp-json\/wp\/v2\/users\/2"}],"replies":[{"embeddable":true,"href":"https:\/\/www.europesays.com\/de\/wp-json\/wp\/v2\/comments?post=1168198"}],"version-history":[{"count":0,"href":"https:\/\/www.europesays.com\/de\/wp-json\/wp\/v2\/posts\/1168198\/revisions"}],"wp:featuredmedia":[{"embeddable":true,"href":"https:\/\/www.europesays.com\/de\/wp-json\/wp\/v2\/media\/1168199"}],"wp:attachment":[{"href":"https:\/\/www.europesays.com\/de\/wp-json\/wp\/v2\/media?parent=1168198"}],"wp:term":[{"taxonomy":"category","embeddable":true,"href":"https:\/\/www.europesays.com\/de\/wp-json\/wp\/v2\/categories?post=1168198"},{"taxonomy":"post_tag","embeddable":true,"href":"https:\/\/www.europesays.com\/de\/wp-json\/wp\/v2\/tags?post=1168198"}],"curies":[{"name":"wp","href":"https:\/\/api.w.org\/{rel}","templated":true}]}}