{"id":1168275,"date":"2026-07-15T10:52:17","date_gmt":"2026-07-15T10:52:17","guid":{"rendered":"https:\/\/www.europesays.com\/de\/1168275\/"},"modified":"2026-07-15T10:52:17","modified_gmt":"2026-07-15T10:52:17","slug":"unwetter-in-bayern-sechs-soldaten-bei-blitzeinschlag-verletzt-3000-notrufe-rund-um-nuernberg-bayern","status":"publish","type":"post","link":"https:\/\/www.europesays.com\/de\/1168275\/","title":{"rendered":"Unwetter in Bayern: Sechs Soldaten bei Blitzeinschlag verletzt &#8211; 3000 Notrufe rund um N\u00fcrnberg &#8211; Bayern"},"content":{"rendered":"<p data-manual=\"paragraph\" data-schema-org-speakable=\"true\" class=\"css-1eosz7k\">Bei einem Blitzeinschlag im oberbayerischen Landkreis Garmisch-Partenkirchen sind sechs Soldaten der Bundeswehr verletzt worden. Die Soldaten im Alter von 18 bis 26 Jahren befanden sich am fr\u00fchen Morgen w\u00e4hrend eines Gewitters in einem Biwak am Hohen Brendten, einer Anh\u00f6he am Kranzberg bei Mittenwald, wie die <a href=\"https:\/\/www.sueddeutsche.de\/thema\/Polizei\" rel=\"nofollow noopener\" target=\"_blank\">Polizei<\/a> mitteilte. F\u00fcnf von ihnen erlitten demnach leichte Verletzungen, ein weiterer wurde mittelschwer verletzt.<\/p>\n<p data-manual=\"paragraph\" data-schema-org-speakable=\"true\" class=\"css-1eosz7k\">Da zun\u00e4chst unklar war, wie viele Menschen betroffen waren, r\u00fcckten mehrere Rettungs- und Einsatzfahrzeuge an. Alle Verletzten wurden in eine Klinik gebracht. Bleibende Sch\u00e4den sind laut Polizei nach ersten Erkenntnissen nicht zu bef\u00fcrchten. Nach dem Verletzungsbild deutet demnach vieles darauf hin, dass ein 18-J\u00e4hriger direkt vom Blitz getroffen wurde.<\/p>\n<p><a href=\"https:\/\/www.sueddeutsche.de\/bayern\/bayern-whatsapp-kanal-sueddeutsche-zeitung-anmeldung-abonniere-lux.53Kn45a8k7kuCphD9cvyfg\" aria-label=\"Artikelverlinkung:\" data-track-szde=\"{&quot;event&quot;:&quot;teaser_clicked&quot;,&quot;teaser_clicked&quot;:{&quot;article_title&quot;:&quot;nachrichten_aus_der_bayern_redaktion_jetzt_auf_whatsapp_abonnieren&quot;,&quot;doctype&quot;:&quot;&quot;,&quot;label&quot;:&quot;&quot;,&quot;main_topic&quot;:&quot;bayern&quot;,&quot;object_id&quot;:&quot;lux.53Kn45a8k7kuCphD9cvyfg&quot;,&quot;pcat&quot;:&quot;metered&quot;,&quot;section&quot;:&quot;bayern&quot;,&quot;teaser_type&quot;:&quot;article_teaser_top&quot;}}\" data-manual=\"teaser-url\" data-tb-link=\"\" aria-labelledby=\"teaser-httpswwwsueddeutschedebayernbayern-whatsapp-kanal-sueddeutsche-zeitung-anmeldung-abonniere-lux53Kn45a8k7kuCphD9cvyfg\" class=\"css-14tg8sh\" rel=\"nofollow noopener\" target=\"_blank\"><img decoding=\"async\" src=\"https:\/\/www.europesays.com\/de\/wp-content\/uploads\/2026\/07\/1784112736_641_9eb3992c-8ccd-422c-b33d-55d59e50937d.jpeg\"   alt=\"\" loading=\"lazy\" class=\"css-8atqhb\"\/><\/p>\n<p>SZ Bayern auf Whatsapp<\/p>\n<p>:Nachrichten aus der Bayern-Redaktion \u2013 jetzt auf Whatsapp abonnieren<\/p>\n<p class=\"css-a6ecqs\" data-manual=\"teaser-text\" data-tb-description=\"\" data-schema-org-speakable=\"true\">Von Aschaffenburg bis Berchtesgaden: Das Bayern-Team der SZ ist im gesamten Freistaat f\u00fcr Sie unterwegs. Hier entlang, wenn Sie Geschichten, News und Hintergr\u00fcnde direkt aufs Handy bekommen m\u00f6chten.<\/p>\n<p data-manual=\"paragraph\" data-schema-org-speakable=\"true\" class=\"css-1eosz7k\">Bereits am Dienstagabend haben heftige <a href=\"https:\/\/www.sueddeutsche.de\/thema\/Unwetter\" rel=\"nofollow noopener\" target=\"_blank\">Unwetter<\/a> die Region <a href=\"https:\/\/www.sueddeutsche.de\/thema\/N%C3%BCrnberg\" rel=\"nofollow noopener\" target=\"_blank\">N\u00fcrnberg<\/a> schwer getroffen. Es gibt nach Angaben der Einsatzkr\u00e4fte mehrere Verletzte. Nach Angaben der Integrierten Leitstelle der Feuerwehr gingen innerhalb von f\u00fcnf Stunden fast 3000 Notrufe ein.\u00a0Betroffen von der sehr pl\u00f6tzlich entstandenen Extremwetterlage waren die St\u00e4dte N\u00fcrnberg, <a href=\"https:\/\/www.sueddeutsche.de\/thema\/F%C3%BCrth\" rel=\"nofollow noopener\" target=\"_blank\">F\u00fcrth<\/a> und Erlangen sowie die Landkreise N\u00fcrnberger Land und Erlangen-H\u00f6chstadt. 3000 Notrufe \u2013 \u201eeine so noch nie dagewesene Zahl\u201c, wie die Feuerwehr berichtete. Schlussendlich r\u00fcckten um die 3000 Kr\u00e4fte zu rund 1100 Eins\u00e4tzen aus. Auch Mitarbeiter, die frei hatten, wurden alarmiert, etwa um bei der Annahme der Notrufe mitzuhelfen.<\/p>\n<p data-manual=\"paragraph\" data-schema-org-speakable=\"true\" class=\"css-1eosz7k\">\u201eDie Feuerwehren in der Region waren wirklich sehr stark ausgelastet\u201c, sagte ein Sprecher der Deutschen Presse-Agentur. Sie r\u00fcckten unter anderem zu umgest\u00fcrzten B\u00e4umen, vollgelaufenen Kellern sowie B\u00e4umen auf Autos und Geb\u00e4uden aus. Auch Menschen seien von B\u00e4umen eingeklemmt worden. Bislang habe es ein bis zwei Schwerverletzte sowie mehrere Leichtverletzte gegeben.<\/p>\n<p data-manual=\"paragraph\" data-schema-org-speakable=\"true\" class=\"css-1eosz7k\">Die Folgen des Unwetters waren auch am <a href=\"https:\/\/www.sueddeutsche.de\/thema\/Flughafen_N%C3%BCrnberg\" rel=\"nofollow noopener\" target=\"_blank\">Flughafen N\u00fcrnberg<\/a> zu sp\u00fcren. Wetterbedingt wurde der Flugbetrieb am Abend vor\u00fcbergehend eingestellt, wie der Flughafen um 19.46 Uhr mitteilte. Nach rund 80 Minuten lief der Betrieb wieder an.<\/p>\n<p data-manual=\"paragraph\" data-schema-org-speakable=\"true\" class=\"css-1eosz7k\">Einsatzkr\u00e4fte mussten nach Angaben des Flughafens unter anderem umgest\u00fcrzte B\u00e4ume beseitigen und sich um Sch\u00e4den an D\u00e4chern sowie Wassersch\u00e4den k\u00fcmmern. Drei Fl\u00fcge wurden demnach umgeleitet, vier weitere versp\u00e4teten sich.<\/p>\n<p><img decoding=\"async\" src=\"https:\/\/www.europesays.com\/de\/wp-content\/uploads\/2026\/07\/0bd24ae1-dc22-4eb9-908f-dfc4299fd226.jpg\"   alt=\"Anwohner versuchen nach einem Gewitter in Erlangen Wassermassen von der Stra\u00dfe zu schieben.\" loading=\"lazy\" class=\"css-8atqhb\"\/>Anwohner versuchen nach einem Gewitter in Erlangen Wassermassen von der Stra\u00dfe zu schieben. David O\u00dfwald\/NEWS5\/dpa<\/p>\n<p data-manual=\"paragraph\" data-schema-org-speakable=\"true\" class=\"css-1eosz7k\">Im Landkreis Erlangen-H\u00f6chstadt \u00fcberfuhr ein Regionalzug einen Baumstamm, der infolge eines Unwetters auf die Gleise gefallen war. Der Vorfall ereignete sich einem Bundespolizeisprecher zufolge bei Kalchreuth auf der Strecke vom Bahnhof N\u00fcrnberg Nordost in Richtung Bahnhof Eschenau. Durch den Aufprall wurde der Zug besch\u00e4digt und konnte nicht weiterfahren. F\u00fcr die 25 bis 30 Reisenden, die den Zug laut dem Bundespolizeisprecher verlassen mussten, wurde ein Schienenersatzverkehr eingerichtet.<\/p>\n<p data-manual=\"paragraph\" data-schema-org-speakable=\"true\" class=\"css-1eosz7k\">Auch die Polizei <a href=\"https:\/\/www.sueddeutsche.de\/thema\/Mittelfranken\" rel=\"nofollow noopener\" target=\"_blank\">Mittelfranken<\/a> registrierte nach eigenen Angaben rund 200 unwetterbedingte Eins\u00e4tze. Dabei ging es vor allem um umgest\u00fcrzte B\u00e4ume und vollgelaufene Keller.<\/p>\n<p data-manual=\"paragraph\" data-schema-org-speakable=\"true\" class=\"css-1eosz7k\">Die Auswirkungen des Unwetters reichten bis in den Mittwoch: An der Grundschule Am Forstersberg in R\u00f6thenbach an der <a href=\"https:\/\/www.sueddeutsche.de\/thema\/Pegnitz\" rel=\"nofollow noopener\" target=\"_blank\">Pegnitz<\/a> im Landkreis N\u00fcrnberger Land fiel der Pr\u00e4senzunterricht wegen Windbruchs und umgest\u00fcrzter B\u00e4ume aus, wie das bayerische Kultusministerium mitteilte.<\/p>\n","protected":false},"excerpt":{"rendered":"Bei einem Blitzeinschlag im oberbayerischen Landkreis Garmisch-Partenkirchen sind sechs Soldaten der Bundeswehr verletzt worden. Die Soldaten im Alter&hellip;\n","protected":false},"author":2,"featured_media":1168276,"comment_status":"","ping_status":"","sticky":false,"template":"","format":"standard","meta":{"footnotes":"","_share_on_mastodon":"0"},"categories":[1837],"tags":[772,3364,29,6483,4347,30,15202,57142,4156,3783,14204,121,11336,149,4028,13708],"class_list":["post-1168275","post","type-post","status-publish","format-standard","has-post-thumbnail","category-nuernberg","tag-bayern","tag-de","tag-deutschland","tag-flughafen-nuernberg","tag-fuerth","tag-germany","tag-landkreis-bayreuth","tag-landkreis-fuerth","tag-mittelfranken","tag-nuernberg","tag-pegnitz","tag-polizei","tag-polizei-und-feuerwehr-in-bayern","tag-sueddeutsche-zeitung","tag-unwetter","tag-verkehr-in-bayern"],"share_on_mastodon":{"url":"https:\/\/pubeurope.com\/@de\/116923621534508212","error":""},"_links":{"self":[{"href":"https:\/\/www.europesays.com\/de\/wp-json\/wp\/v2\/posts\/1168275","targetHints":{"allow":["GET"]}}],"collection":[{"href":"https:\/\/www.europesays.com\/de\/wp-json\/wp\/v2\/posts"}],"about":[{"href":"https:\/\/www.europesays.com\/de\/wp-json\/wp\/v2\/types\/post"}],"author":[{"embeddable":true,"href":"https:\/\/www.europesays.com\/de\/wp-json\/wp\/v2\/users\/2"}],"replies":[{"embeddable":true,"href":"https:\/\/www.europesays.com\/de\/wp-json\/wp\/v2\/comments?post=1168275"}],"version-history":[{"count":0,"href":"https:\/\/www.europesays.com\/de\/wp-json\/wp\/v2\/posts\/1168275\/revisions"}],"wp:featuredmedia":[{"embeddable":true,"href":"https:\/\/www.europesays.com\/de\/wp-json\/wp\/v2\/media\/1168276"}],"wp:attachment":[{"href":"https:\/\/www.europesays.com\/de\/wp-json\/wp\/v2\/media?parent=1168275"}],"wp:term":[{"taxonomy":"category","embeddable":true,"href":"https:\/\/www.europesays.com\/de\/wp-json\/wp\/v2\/categories?post=1168275"},{"taxonomy":"post_tag","embeddable":true,"href":"https:\/\/www.europesays.com\/de\/wp-json\/wp\/v2\/tags?post=1168275"}],"curies":[{"name":"wp","href":"https:\/\/api.w.org\/{rel}","templated":true}]}}