{"id":1168403,"date":"2026-07-15T12:02:27","date_gmt":"2026-07-15T12:02:27","guid":{"rendered":"https:\/\/www.europesays.com\/de\/1168403\/"},"modified":"2026-07-15T12:02:27","modified_gmt":"2026-07-15T12:02:27","slug":"freihandelsabkommen-zwischen-uk-und-indien-ab-heute-in-kraft","status":"publish","type":"post","link":"https:\/\/www.europesays.com\/de\/1168403\/","title":{"rendered":"Freihandelsabkommen zwischen UK und Indien ab heute in Kraft"},"content":{"rendered":"<p> <a class=\"gofollow\" data-track=\"MTY0LDEsNjA=\" href=\"https:\/\/whic.de\/tormore\" target=\"_blank\" rel=\"nofollow noopener\"><img decoding=\"async\" src=\"https:\/\/www.europesays.com\/de\/wp-content\/uploads\/2026\/07\/Core-Range-Web-Banner-V1.jpg\"\/><\/a> <\/p>\n<p class=\"wp-block-paragraph\">Heute, am 15. Juli 2026, tritt das umfassende<strong> Freihandelsabkommen (CETA) zwischen Gro\u00dfbritannien und Indien<\/strong> in Kraft \u2013 ein historischer Durchbruch aus der Sicht der schottischen Whiskyproduzenten, denn Indiens Importzoll von 150 Prozent auf britischen Whisky wird sofort auf 75 Prozent gesenkt und soll bis 2036 schrittweise auf 40 Prozent fallen. So sehr das herbeigesehnt wurde, so wenig ist das ein umfassender Probleml\u00f6ser f\u00fcr den Export nach Indien: Zwar werden auch die Zollformalit\u00e4ten erleichtert, aber viele Zust\u00e4ndigkeiten werden bei den Provinzverwaltungen bleiben und damit wohl die praktische Umsetzung kompliziert halten. So hatten schon bisher einzelne Bundesstaaten zum Beispiel unterschiedliche Vorschriften f\u00fcr die Etiketten, und das wird sich auch durch das Abkommen nicht \u00e4ndern.<\/p>\n<p class=\"wp-block-paragraph\">Die <a data-autolink-id=\"5\" target=\"_blank\" href=\"https:\/\/www.scotch-whisky.org.uk\/\" rel=\"nofollow noopener\">Scotch Whisky Association<\/a> rechnet dennoch damit, dass die Exporte nach Indien in <strong>den n\u00e4chsten f\u00fcnf Jahren um rund eine Milliarde Pfund steigen<\/strong> und etwa <strong>1.200 Arbeitspl\u00e4tze<\/strong> in Gro\u00dfbritannien sichern k\u00f6nnten. <\/p>\n<p><a href=\"https:\/\/www.europesays.com\/de\/wp-content\/uploads\/2026\/07\/nodjame-text.jpg\" class=\"td-modal-image\"><img fetchpriority=\"high\" decoding=\"async\" width=\"820\" height=\"820\" src=\"https:\/\/www.europesays.com\/de\/wp-content\/uploads\/2026\/07\/nodjame-text.jpg\" alt=\"\" class=\"wp-image-918618\"  \/><\/a><\/p>\n<p class=\"wp-block-paragraph\">Zum Inkrafttreten der Vereinbarung haben wir ein Statement von <strong>Nodjame Fouad<\/strong>, CEO Aged Spirits and Champagne division bei <a data-autolink-id=\"36\" target=\"_blank\" href=\"https:\/\/www.pernod-ricard.com\/en\" rel=\"nofollow noopener\">Pernod Ricard<\/a> erhalten, das wir gerne wiedergeben:<\/p>\n<blockquote class=\"wp-block-quote is-layout-flow wp-block-quote-is-layout-flow\">\n<p class=\"wp-block-paragraph\">\u201eThe opening up of the Indian market represents a significant opportunity for the UK as the world\u2019s leading exporter of spirits, and a welcome boost for the Scotch\u202fwhisky industry. It supports Scotland\u2019s export ambitions, enhancing competitiveness in a key international market and reinforcing the contribution our industry makes to jobs, investment and economic growth across Scotland and the wider UK.\u202f\u202f\u00a0<\/p>\n<p class=\"wp-block-paragraph\">\u201eWe are grateful to the UK and Indian Governments for their efforts in delivering this agreement and we will work hard to help realise its full potential.\u201d<\/p>\n<\/blockquote>\n<p class=\"wp-block-paragraph\">Was das Abkommen f\u00fcr deutsche Whiskyfreunde bedeutet, l\u00e4sst sich noch nicht sicher sagen \u2013 mit einer Ausnahme: Vorerst nichts. Ob sich sp\u00e4ter durch die m\u00f6glichge Ausweitung der Produktion f\u00fcr den indischen Markt, die es zweifelsfrei geben wird, das Angebot hier durch Skalierungseffekte verbreitert oder durch Knappheit bei limitierten Abf\u00fcllungen verringern wird, wird erst die Zeit weisen.<\/p>\n<p>Interessant? Dann teilen Sie das doch mit Freunden:<\/p>\n","protected":false},"excerpt":{"rendered":"Heute, am 15. Juli 2026, tritt das umfassende Freihandelsabkommen (CETA) zwischen Gro\u00dfbritannien und Indien in Kraft \u2013 ein&hellip;\n","protected":false},"author":2,"featured_media":1168404,"comment_status":"","ping_status":"","sticky":false,"template":"","format":"standard","meta":{"footnotes":"","_share_on_mastodon":"0"},"categories":[3976],"tags":[331,332,5743,13,14,15,244874,20999,12,3992,3993,3994,3995,3996,3997],"class_list":["post-1168403","post","type-post","status-publish","format-standard","has-post-thumbnail","category-vereinigtes-koenigreich","tag-aktuelle-nachrichten","tag-aktuelle-news","tag-ceta","tag-headlines","tag-nachrichten","tag-news","tag-nodjame-fouad","tag-pernod-ricard","tag-schlagzeilen","tag-uk","tag-united-kingdom","tag-united-kingdom-of-great-britain-and-northern-ireland","tag-vereinigtes-koenigreich","tag-vereinigtes-koenigreich-grossbritannien-und-nordirland","tag-vereinigtes-koenigreich-von-grossbritannien-und-nordirland"],"share_on_mastodon":{"url":"https:\/\/pubeurope.com\/@de\/116923896123343620","error":""},"_links":{"self":[{"href":"https:\/\/www.europesays.com\/de\/wp-json\/wp\/v2\/posts\/1168403","targetHints":{"allow":["GET"]}}],"collection":[{"href":"https:\/\/www.europesays.com\/de\/wp-json\/wp\/v2\/posts"}],"about":[{"href":"https:\/\/www.europesays.com\/de\/wp-json\/wp\/v2\/types\/post"}],"author":[{"embeddable":true,"href":"https:\/\/www.europesays.com\/de\/wp-json\/wp\/v2\/users\/2"}],"replies":[{"embeddable":true,"href":"https:\/\/www.europesays.com\/de\/wp-json\/wp\/v2\/comments?post=1168403"}],"version-history":[{"count":0,"href":"https:\/\/www.europesays.com\/de\/wp-json\/wp\/v2\/posts\/1168403\/revisions"}],"wp:featuredmedia":[{"embeddable":true,"href":"https:\/\/www.europesays.com\/de\/wp-json\/wp\/v2\/media\/1168404"}],"wp:attachment":[{"href":"https:\/\/www.europesays.com\/de\/wp-json\/wp\/v2\/media?parent=1168403"}],"wp:term":[{"taxonomy":"category","embeddable":true,"href":"https:\/\/www.europesays.com\/de\/wp-json\/wp\/v2\/categories?post=1168403"},{"taxonomy":"post_tag","embeddable":true,"href":"https:\/\/www.europesays.com\/de\/wp-json\/wp\/v2\/tags?post=1168403"}],"curies":[{"name":"wp","href":"https:\/\/api.w.org\/{rel}","templated":true}]}}