{"id":1168535,"date":"2026-07-15T13:18:19","date_gmt":"2026-07-15T13:18:19","guid":{"rendered":"https:\/\/www.europesays.com\/de\/1168535\/"},"modified":"2026-07-15T13:18:19","modified_gmt":"2026-07-15T13:18:19","slug":"neues-handball-zeitalter-im-heeper-dom","status":"publish","type":"post","link":"https:\/\/www.europesays.com\/de\/1168535\/","title":{"rendered":"Neues Handball-Zeitalter im Heeper Dom"},"content":{"rendered":"<p id=\"absatz1\">Bielefeld. Bjarne Franz ist als Turner gefragt. Einen Spagat hat er zu meistern. Zwischen seiner alten Rolle als Spieler der TSG-Reserve und nun deren Trainer. Zwischen Kumpel sein und Akzeptanz. Gestern noch Torsch\u00fctze und vor allem Anspieler, heute Anweiser. \u201eIch glaube, es geht ganz gut. Das ist jedenfalls mein Eindruck nach den ersten Trainingswochen\u201c, sagt Franz lachend. Schlie\u00dflich hat er ja noch Arjan Haenen an seiner Seite.<\/p>\n<p id=\"absatz2\" class=\"em_text\">Der war in der erfolgreichen Oberliga-Saison bis Mai noch sein Trainer, jetzt ist Bjarne Franz der Chef und Haenen sein Co. Eine Etage unter der ersten Mannschaft, die in der 3. Liga zu Werke geht, beginnt Bjarne Franz\u2019 Karriere als Coach im m\u00e4nnlichen Senioren-Bereich. Regionalliga-Trainer mit 29 Jahren.<\/p>\n<p id=\"absatz3\" class=\"em_text\">Richtig drunter und dr\u00fcber mit alten und neuen Rangfolgen ging es am vorvergangenen Mittwoch: Da trat Bjarne Franz seinem Ex-Trainer und ehemaligen F\u00f6rderer Tobias Fr\u00f6bel gegen\u00fcber. Der ist nun Trainer beim Neu-Drittligisten SF Loxten und war Sparringspartner. Die Pointe der Geschichte: Franz\u2019 TSGer gewannen gegen Fr\u00f6bels Fr\u00f6sche 34:30. Und das nach einem 14:16-Halbzeitr\u00fcckstand. Hat Bjarne den Tobi ausgecoacht?<\/p>\n<p>        <a href=\"https:\/\/www.nw.de\/_em_daten\/_cache\/image\/1xd09wVW43dG96S0hRNENUSUtnVGxTREtLUENjVjhveVJQUjFQUnNBT2d0ZU5tT2xHWGhPWFQ2eENYSnRPbitBVFMvZDVWQkFENVRrQUtOWlY5TWZmRHc9PQ\/260715-1510-914852012.jpg\" class=\"nw-article-image\" title=\"Im Test der TSG-Reserve gegen Drittligist Loxten ist der A-Jugendliche Moritz Kessler dem Ex-TSGer Simon Strakeljahn (l.) entwischt und trifft gegen Loxtens Keeper Fabian Stroth.\" data-glightbox=\"type: image; description: Im Test der TSG-Reserve gegen Drittligist Loxten ist der A-Jugendliche Moritz Kessler dem Ex-TSGer Simon Strakeljahn (l.) entwischt und trifft gegen Loxtens Keeper Fabian Stroth.  | \u00a9 Mueller \" rel=\"nofollow noopener\" target=\"_blank\"><br \/>\n            <img decoding=\"async\" src=\"https:\/\/www.europesays.com\/de\/wp-content\/uploads\/2026\/07\/260715-1510-914852012.jpg\" class=\"nw-img-fluid nw-w-full nw-lazy nw-rounded-t-md\" alt=\"Im Test der TSG-Reserve gegen Drittligist Loxten ist der A-Jugendliche Moritz Kessler dem Ex-TSGer Simon Strakeljahn (l.) entwischt und trifft gegen Loxtens Keeper Fabian Stroth. - \u00a9 Mueller\" data-format=\"16:9\"\/><br \/>\n        <\/a><\/p>\n<p>                Im Test der TSG-Reserve gegen Drittligist Loxten ist der A-Jugendliche Moritz Kessler dem Ex-TSGer Simon Strakeljahn (l.) entwischt und trifft gegen Loxtens Keeper Fabian Stroth.<br \/>\n                                    | \u00a9 Mueller<\/p>\n<p>Franz\u2019 Trikot mit der 2 ist bis auf weiteres reserviert<\/p>\n<p class=\"em_text\">\u201eNicht direkt ausgecoacht\u201c, sagt Franz, \u201ewir haben 1:8 zur\u00fcckgelegen, dann einfach weitergemacht und gut gedeckt. Da hat man gemerkt, dass wir schon eine eingespielte Mannschaft haben.\u201c Als Spieler verpasst Bjarne Franz die Regionalliga \u2013 aber zun\u00e4chst nur theoretisch: Sein Trikot mit der Nummer 2 ist weiter f\u00fcr den Rechtsh\u00e4nder reserviert. \u201eWenn mal Not am Mann sein sollte\u201c, w\u00fcrde er es noch einmal \u00fcberstreifen, \u201eman wei\u00df ja nie\u201c. Auf der Spielmacher-Position soll es in erster Linie Max Langelahn richten, dazu d\u00fcrfte Dominik Waldhof dort wieder vermehrt Offensiv-Einheiten bekommen. Der ehemalige Kapit\u00e4n des Drittliga-Teams geht nun bei der TSG II seinem Handwerk nach. Als Abwehr-Chef und -Koordinator, vor allem aber als F\u00fchrungsspieler.<\/p>\n<p id=\"absatz5\"><b class=\"bold\">Lesen Sie auch:<\/b> <a href=\"https:\/\/www.nw.de\/sport\/lokalsport\/sport_in_bielefeld\/lokalsport_bielefeld\/24349161_Kaeptn-Waldhof-fuehrt-bei-der-TSG-jetzt-die-Youngster-an.html\" rel=\"nofollow noopener\" target=\"_blank\">Dominik Waldhofs neue Rolle<\/a><\/p>\n<p>Zwei externe Zug\u00e4nge komplettieren den Kader<\/p>\n<p id=\"absatz6\" class=\"em_text\">Au\u00dferdem kamen Kreisl\u00e4ufer Ole Dangel von Handball Lemgo und Torh\u00fcter Quirin Huwer (TuS M\u00f6llbergen) zum Kader. Milan Krspogacin verlie\u00df die TSG II und h\u00fctet k\u00fcnftig das Tor des Verbandsligisten HT SF Senne. Neben Arjan Haenen steht Bjarne Franz auch Vater Ingo zur Seite. \u201eAls Ratgeber und Ruhepol auf der Bank\u201c, sagt Franz junior. Dazu geh\u00f6rt Karsten R\u00f6sner zum Staff.<\/p>\n<p id=\"absatz7\" class=\"em_text\">Mit Beginn der Sommerferien ist erst einmal trainingsfrei. Zwei Wochen gar nichts, au\u00dfer dass Bjarne Franz auf die Kanaren fliegt, dann eine Woche Au\u00dfeneinheiten, bevor in den letzten drei Ferienwochen ab dem 10. August der zweite Vorbereitungs-Teil des neuen Zeitalters im Heeper Dom beginnt. Mit Franz als teilaktivem Trainer: \u201eMeine Form will ich ja nicht ganz verlieren. Aber bei der ein oder anderen Sprint-Einheit bin ich froh, dass ich nicht ran muss.\u201c<\/p>\n<p>Der TSG-II-Kader<\/p>\n<p id=\"absatz8\" class=\"em_text\">Tor: David Stanjek und Quirin Huwer<\/p>\n<p id=\"absatz9\" class=\"em_text\">Feldspieler: Lennart Eschler, Ole Dangel, Max Langelahn, Julian Niedergriese, Jakob Ludwig, Leon Throne, Tim St\u00fccken, Tim Schuwerack, Fynn Zitzke, Mamoudou Sidibe, Nicolaos Grugel, Dominik Waldhof, Jannik Ullmann, Hannes Kra\u00dfort \u2013 und Bjarne Franz.<\/p>\n<p>Die Hinserie der TSG-Reserve <\/p>\n<p id=\"absatz10\" class=\"em_text\">In der reanimierten Regionalliga spielt die TSG-Reserve die Hinrunde in dieser Reihenfolge:<\/p>\n<p id=\"absatz11\" class=\"em_text\">5.\/6. September: HTV Hemer \u2013 TSG II<\/p>\n<p id=\"absatz12\" class=\"em_text\">12.\/13. Sep.: TSG II \u2013 Harsewinkel<\/p>\n<p id=\"absatz13\" class=\"em_text\">19.\/20. Sep.: Soester TV \u2013 TSG II<\/p>\n<p id=\"absatz14\" class=\"em_text\">26.\/27. Sep.: TSG II \u2013 Menden Sauerland W\u00f6lfe<\/p>\n<p id=\"absatz15\" class=\"em_text\">3.\/4. Oktober: SGSH Dragons \u2013 TSG II<\/p>\n<p id=\"absatz16\" class=\"em_text\">10.\/11. Okt.: TSG II \u2013 GWD Minden II<\/p>\n<p id=\"absatz17\" class=\"em_text\">17.\/18. Okt.: LIT II \u2013 TSG II<\/p>\n<p id=\"absatz18\" class=\"em_text\">7.\/8. November: TSG II \u2013 VfL Gladbeck<\/p>\n<p id=\"absatz19\" class=\"em_text\">14.\/15. Nov.: CVJM R\u00f6dinghausen \u2013 TSG II<\/p>\n<p id=\"absatz20\" class=\"em_text\">21.\/22. Nov.: TSG II \u2013Westfalia Herne<\/p>\n<p id=\"absatz21\" class=\"em_text\">5.\/6. Dezember: TuS Volmetal \u2013 TSG II<\/p>\n<p id=\"absatz22\" class=\"em_text\">12.\/13. Dez.: TSG II \u2013 TuS Bommern<\/p>\n<p id=\"absatz23\" class=\"em_text\">19.\/20. Dez.: ASV Hamm II \u2013 TSG II<\/p>\n<p id=\"absatz24\" class=\"em_text\">R\u00fcckrundenauftakt ist am 23.\/24. Januar 2027.<\/p>\n<p>Die Geschichte der Handball-Regionalliga<\/p>\n<p id=\"absatz25\" class=\"em_text\">Die Handball-Regionalliga feiert ihr Comeback in Bielefeld. Zwar war die alte\/neue Spielklasse nach der Strukturreform des Deutschen Handball-Bundes schon mit der Saison 2024\/25 zur\u00fcckgekehrt \u2013 allerdings ohne ein Bielefelder Team. Jetzt geht\u2019s wieder los, weil die Zweitvertretung der TSG Altenhagen-Heepen die Meisterschaft in der Oberliga und damit den Aufstieg schaffte. Im Gegensatz zu alten Zeiten ist die Regionalliga jetzt aber die vierth\u00f6chste Spielklasse.<\/p>\n<p>        <a href=\"https:\/\/www.nw.de\/_em_daten\/_cache\/image\/1xWGlWRFliMUxqRHUyYTV1S2Zxc05SQWFMRWVHYVZXdFRjdXpHSjl2U0Jsb2R1R1p0ekRMV1R5c3Jac0JENkEzYkFHS0NVMW9KTEh1MnNucTNRQS8rRHc9PQ\/260715-1510-914854652.jpg\" class=\"nw-article-image\" title=\"Helmut Bu\u00dfmeyer f\u00fchrte die TSG im Jahr 2010 als Trainer in die neu installierte 3. Liga.\" data-glightbox=\"type: image; description: Helmut Bu\u00dfmeyer f\u00fchrte die TSG im Jahr 2010 als Trainer in die neu installierte 3. Liga.  | \u00a9 Reimar Ott \" rel=\"nofollow noopener\" target=\"_blank\"><br \/>\n            <img decoding=\"async\" src=\"https:\/\/www.europesays.com\/de\/wp-content\/uploads\/2026\/07\/260715-1510-914854652.jpg\" class=\"nw-img-fluid nw-w-full nw-lazy nw-rounded-t-md\" alt=\"Helmut Bu\u00dfmeyer f\u00fchrte die TSG im Jahr 2010 als Trainer in die neu installierte 3. Liga. - \u00a9 Reimar Ott\" data-format=\"16:9\"\/><br \/>\n        <\/a><\/p>\n<p>                Helmut Bu\u00dfmeyer f\u00fchrte die TSG im Jahr 2010 als Trainer in die neu installierte 3. Liga.<br \/>\n                                    | \u00a9 Reimar Ott<\/p>\n<p id=\"absatz26\" class=\"em_text\">\nZur Saison 2010\/11 war die damals f\u00fcnfgleisige Regionalliga bundesweit durch die viergleisige 3. Liga ersetzt worden. In der ersten Quali-Saison war ebenfalls die TSG das rangh\u00f6chste Fusionsprodukt in Bielefeld. Unter Trainer Helmut Bu\u00dfmeyer gelang zum Serienabschluss Platz f\u00fcnf und damit sehr sicher der Sprung in die neue Liga. Platz zehn h\u00e4tte gereicht. Ein Aufstieg light demnach. Gesch\u00e4ftsf\u00fchrer war 1993er Zweitliga-Aufstiegsheld Johann \u201eHeini\u201c R\u00f6dding.<\/p>\n<p>Viele alte Bekannte bestritten das bisher letzte Regionalliga-Spiel<\/p>\n<p id=\"absatz27\" class=\"em_text\">Unter anderem mit dabei: Torh\u00fcter Pascal Welge, heute Torwarttrainer der J\u00f6llenbecker Frauen in der 3. Liga, Christian Grunow, heute einer der Jugendwarte der TSG, Carl-Moritz Wagner, heute Co-Trainer der TSG A-H, und Tobias Fr\u00f6bel, als Trainer in der Saison 2024\/25 der Aufstiegsanbahner der TSG-Reserve und nun Coach des Drittliga-Aufsteigers SF Loxten. <br \/>Das letzte Regionalliga-Spiel in Bielefeld ging am 1. Mai 2010 in Heepen \u00fcber die B\u00fchne. Das lief vor 600 Zuschauern allerdings nicht ganz nach historischem Plan: Gegen den TuS Wermelskirchen unterlag die TSG 23:25 (9:15). Die erfolgreichsten Bielefelder Werfer waren Florian \u00d6ttking (6\/1) und Henrik Ortmann (5).<br \/>2014 folgte der R\u00fcckschritt in die vierte Liga: Drittligist TSG A-H stieg mit Trainerwechseln, zu d\u00fcnnem Kader, enorm viel Verletzungspech, nur vier Siegen und 10:50 Punkten ab \u2013 in die Oberliga. <\/p>\n","protected":false},"excerpt":{"rendered":"Bielefeld. Bjarne Franz ist als Turner gefragt. Einen Spagat hat er zu meistern. Zwischen seiner alten Rolle als&hellip;\n","protected":false},"author":2,"featured_media":1168536,"comment_status":"","ping_status":"","sticky":false,"template":"","format":"standard","meta":{"footnotes":"","_share_on_mastodon":"0"},"categories":[1841],"tags":[244897,1605,244904,102818,3364,29,244903,30,1391,244899,156991,198343,736,7774,16405,1209,244902,244901,3459,244900,244898,244896],"class_list":["post-1168535","post","type-post","status-publish","format-standard","has-post-thumbnail","category-bielefeld","tag-arjan-haenen","tag-bielefeld","tag-bjarne-franz","tag-cnt_aufmacher","tag-de","tag-deutschland","tag-dominik-waldhof","tag-germany","tag-handball","tag-johann-heini-roedding","tag-loxten","tag-meta_artikelklasse_aboanker","tag-meta_copyrights_nw","tag-meta_themen_sport","tag-meta_userneeds_ordneein","tag-nordrhein-westfalen","tag-ole-dangel","tag-quirin-huwer","tag-regionalliga","tag-tim-schuwerack","tag-tobias-froebel","tag-tsg-altenhagen-heepen"],"share_on_mastodon":{"url":"https:\/\/pubeurope.com\/@de\/116924193715578526","error":""},"_links":{"self":[{"href":"https:\/\/www.europesays.com\/de\/wp-json\/wp\/v2\/posts\/1168535","targetHints":{"allow":["GET"]}}],"collection":[{"href":"https:\/\/www.europesays.com\/de\/wp-json\/wp\/v2\/posts"}],"about":[{"href":"https:\/\/www.europesays.com\/de\/wp-json\/wp\/v2\/types\/post"}],"author":[{"embeddable":true,"href":"https:\/\/www.europesays.com\/de\/wp-json\/wp\/v2\/users\/2"}],"replies":[{"embeddable":true,"href":"https:\/\/www.europesays.com\/de\/wp-json\/wp\/v2\/comments?post=1168535"}],"version-history":[{"count":0,"href":"https:\/\/www.europesays.com\/de\/wp-json\/wp\/v2\/posts\/1168535\/revisions"}],"wp:featuredmedia":[{"embeddable":true,"href":"https:\/\/www.europesays.com\/de\/wp-json\/wp\/v2\/media\/1168536"}],"wp:attachment":[{"href":"https:\/\/www.europesays.com\/de\/wp-json\/wp\/v2\/media?parent=1168535"}],"wp:term":[{"taxonomy":"category","embeddable":true,"href":"https:\/\/www.europesays.com\/de\/wp-json\/wp\/v2\/categories?post=1168535"},{"taxonomy":"post_tag","embeddable":true,"href":"https:\/\/www.europesays.com\/de\/wp-json\/wp\/v2\/tags?post=1168535"}],"curies":[{"name":"wp","href":"https:\/\/api.w.org\/{rel}","templated":true}]}}