{"id":1168539,"date":"2026-07-15T13:20:15","date_gmt":"2026-07-15T13:20:15","guid":{"rendered":"https:\/\/www.europesays.com\/de\/1168539\/"},"modified":"2026-07-15T13:20:15","modified_gmt":"2026-07-15T13:20:15","slug":"remscheid-zwei-gestaendnisse-in-prozess-um-waffenlager","status":"publish","type":"post","link":"https:\/\/www.europesays.com\/de\/1168539\/","title":{"rendered":"Remscheid: Zwei Gest\u00e4ndnisse in Prozess um Waffenlager"},"content":{"rendered":"<p class=\"richtext text-em-55 !leading-serif mx-6 desktop:mx-0\">Im Prozess um einen der spektakul\u00e4rsten Kriegswaffenfunde der vergangenen Jahrzehnte haben zwei der drei Angeklagten am Mittwoch vor dem Wuppertaler Landgericht Gest\u00e4ndnisse abgelegt. Die 38 und 35 Jahre alten M\u00e4nner lie\u00dfen jeweils entsprechende Erkl\u00e4rungen von ihren Anw\u00e4lten verlesen. Die Verteidiger des 60-j\u00e4hrigen Hauptangeklagten erkl\u00e4rten, dass ihr Mandant sich noch nicht zur Sache einlassen k\u00f6nne, weil man unter anderem mit der H\u00f6he des Strafrahmens nicht einverstanden sei. Der Vorsitzende Richter Alexander Schr\u00e4der hatte beim Prozessauftakt nach einem Rechtsgespr\u00e4ch gesagt, dass er bei einem vollumf\u00e4nglichen Gest\u00e4ndnis f\u00fcr den Hauptangeklagten eine Haftstrafe von sieben bis acht Jahren f\u00fcr angemessen halte.<\/p>\n<p class=\"richtext text-em-55 !leading-serif mx-6 desktop:mx-0\">Die drei M\u00e4nner waren im vergangenen Oktober festgenommen worden. Ihnen werden Verst\u00f6\u00dfe gegen das Kriegswaffenkontrollgesetz und das Waffengesetz vorgeworfen. Auf die Spur gekommen war die <a href=\"https:\/\/rp-online.de\/thema\/polizei\/\" rel=\"nofollow noopener\" target=\"_blank\">Polizei<\/a> ihnen \u00fcber verdeckte Ermittler, die \u00fcber einen Mittelsmann einen illegalen Waffenkauf einf\u00e4deln konnten. Bei den Durchsuchungen im Haus des Hauptangeklagten in Remscheid konnten die Beamten rund 300 scharfe Schusswaffen sicherstellen \u2013 davon 125 Maschinengewehre, 67 Maschinenpistolen, 51 Pistolen, 32 Langwaffen, darunter Pr\u00e4zisionsgewehre, elf Revolver und 13 Panzerabwehrwaffen, 38 Handgranaten sowie fast 100.000 Schuss Munition. Allein die Verlesung der Funde dauerte beim Prozessauftakt rund eine Stunde.<\/p>\n<p class=\"richtext text-em-55 !leading-serif mx-6 desktop:mx-0\">Entdeckt wurden die Waffen in mehreren gut getarnten R\u00e4umen im Keller des Geb\u00e4udekomplexes. Hinter einem Tresor und hinter einer Vitrine befanden sich zwei Geheimt\u00fcren, in den R\u00e4umen dahinter wurden die illegalen Waffen gelagert. Au\u00dferdem fanden die Ermittler Hakenkreuz-Flaggen, SS-Uniformen und andere Relikte aus dem Nationalsozialismus sowie Dekorationswaffen oder unsch\u00e4dlich gemachte, sogenannte entmilitarisierte Waffen. In einem Raum stie\u00dfen die Ermittler auch auf eine Art Werkbank und Werkzeug, mit dem alte, entmilitarisierte Waffen eventuell wieder schussf\u00e4hig gemacht worden sein k\u00f6nnten. Dort lag eine Maschinenpistole. Der 60-J\u00e4hrige ist ein gelernter Kfz-Mechaniker mit Kenntnissen als B\u00fcchsenmacher.<\/p>\n<p class=\"richtext text-em-55 !leading-serif mx-6 desktop:mx-0\">Der 38-j\u00e4hrige Angeklagte erkl\u00e4rte nun, mehrere Waffen, die er von dem Hauptangeklagten erhalten hatte, verkauft zu haben. Auch der 35-J\u00e4hrige r\u00e4umte seine Beteiligung an den Waffenverk\u00e4ufen vollumf\u00e4nglich ein. Er habe damit aus seinem Drogenkonsum entstandene Verbindlichkeiten begleichen wollen, sagte sein Verteidiger. Der 35-J\u00e4hrige sei durch seine Drogensucht in kriminelle Kreise gerutscht und \u00fcbernehme die volle Verantwortung f\u00fcr seine Taten. Mittlerweile nehme er aber keine <a href=\"https:\/\/rp-online.de\/thema\/drogen\/\" rel=\"nofollow noopener\" target=\"_blank\">Drogen<\/a> mehr ein, wie sich durch Screenings belegen lasse, so sein Anwalt, zudem versuche er mithilfe seiner Familie in ein b\u00fcrgerliches Leben zur\u00fcckzukommen. Der 35-J\u00e4hrige sitzt im Gegensatz zu den anderen Angeklagten nicht in Untersuchungshaft. Ihm droht eine Freiheitsstrafe von zwei bis drei Jahren.<\/p>\n<p class=\"richtext text-em-55 !leading-serif mx-6 desktop:mx-0\">Der Hauptangeklagte machte am zweiten Verhandlungstag auch keine Angaben zu seiner Person. Im weiteren Verlauf des Verfahrens muss noch gekl\u00e4rt werden, ob er an Kunden aus dem Bereich der Organisierten Kriminalit\u00e4t Waffen verkauft hat. Der Hauptangeklagte hatte gegen\u00fcber den Ermittlern behauptet, ein Gro\u00dfteil der Waffen sei Teil seiner Privatsammlung, die er nicht verkaufen wollte. Er habe lediglich einzelne Exemplare weiterverkauft. Sein Verteidiger reichte diesbez\u00fcglich einen Antrag ein, einen Zeugen vorzuladen, der \u00fcber die Herkunft der Waffen aufkl\u00e4ren k\u00f6nne. Die Staatsanwaltschaft hatte dagegen vor Beginn des Prozesses gesagt, die Ermittler h\u00e4tten einen Zeugen in Polen gefunden, der den umfangreichen Handel auch mit Kriegswaffen best\u00e4tigt habe. Diese seien an den Hauptangeklagten verkauft worden.<\/p>\n<p class=\"richtext text-em-55 !leading-serif mx-6 desktop:mx-0\">Beleuchtet werden soll im weiteren Verfahren auch das Verh\u00e4ltnis der drei Angeklagten untereinander. Dazu gab es bisher keine Angaben. Insgesamt sind bis zum 23. September zehn Verhandlungstage angesetzt.<\/p>\n","protected":false},"excerpt":{"rendered":"Im Prozess um einen der spektakul\u00e4rsten Kriegswaffenfunde der vergangenen Jahrzehnte haben zwei der drei Angeklagten am Mittwoch vor&hellip;\n","protected":false},"author":2,"featured_media":1168540,"comment_status":"","ping_status":"","sticky":false,"template":"","format":"standard","meta":{"footnotes":"","_share_on_mastodon":"0"},"categories":[1840],"tags":[19548,3364,240998,29,22314,214552,30,43167,112963,3986,30679,162551,43856,244906,244907,10177,241000,1209,240999,1269,3238,1678,115099,25971,9115,14465,4743,37219,93353,201030,244908,4418],"class_list":["post-1168539","post","type-post","status-publish","format-standard","has-post-thumbnail","category-wuppertal","tag-angeklagte","tag-de","tag-dekorationswaffen","tag-deutschland","tag-ermittler","tag-funde","tag-germany","tag-gestaendnis","tag-gestaendnisse","tag-handel","tag-hauptangeklagte","tag-hauptangeklagten","tag-kriegswaffen","tag-kriegswaffenfund","tag-kriegswaffenfunde","tag-kriegswaffenkontrollgesetz","tag-langwaffen","tag-nordrhein-westfalen","tag-panzerabwehrwaffen","tag-prozess","tag-prozessauftakt","tag-raum","tag-raeumen","tag-schuss","tag-schusswaffen","tag-verteidiger","tag-waffen","tag-waffengesetz","tag-waffenkauf","tag-waffenlager","tag-waffenverkaeufen","tag-wuppertal"],"share_on_mastodon":{"url":"","error":"Validation failed: Text character limit of 500 exceeded"},"_links":{"self":[{"href":"https:\/\/www.europesays.com\/de\/wp-json\/wp\/v2\/posts\/1168539","targetHints":{"allow":["GET"]}}],"collection":[{"href":"https:\/\/www.europesays.com\/de\/wp-json\/wp\/v2\/posts"}],"about":[{"href":"https:\/\/www.europesays.com\/de\/wp-json\/wp\/v2\/types\/post"}],"author":[{"embeddable":true,"href":"https:\/\/www.europesays.com\/de\/wp-json\/wp\/v2\/users\/2"}],"replies":[{"embeddable":true,"href":"https:\/\/www.europesays.com\/de\/wp-json\/wp\/v2\/comments?post=1168539"}],"version-history":[{"count":0,"href":"https:\/\/www.europesays.com\/de\/wp-json\/wp\/v2\/posts\/1168539\/revisions"}],"wp:featuredmedia":[{"embeddable":true,"href":"https:\/\/www.europesays.com\/de\/wp-json\/wp\/v2\/media\/1168540"}],"wp:attachment":[{"href":"https:\/\/www.europesays.com\/de\/wp-json\/wp\/v2\/media?parent=1168539"}],"wp:term":[{"taxonomy":"category","embeddable":true,"href":"https:\/\/www.europesays.com\/de\/wp-json\/wp\/v2\/categories?post=1168539"},{"taxonomy":"post_tag","embeddable":true,"href":"https:\/\/www.europesays.com\/de\/wp-json\/wp\/v2\/tags?post=1168539"}],"curies":[{"name":"wp","href":"https:\/\/api.w.org\/{rel}","templated":true}]}}