{"id":1168634,"date":"2026-07-15T14:14:18","date_gmt":"2026-07-15T14:14:18","guid":{"rendered":"https:\/\/www.europesays.com\/de\/1168634\/"},"modified":"2026-07-15T14:14:18","modified_gmt":"2026-07-15T14:14:18","slug":"rosa-loy-und-neo-rauch-ausstellung-zwischen-uns-vibriert-ja-auch-etwas-3","status":"publish","type":"post","link":"https:\/\/www.europesays.com\/de\/1168634\/","title":{"rendered":"Rosa Loy und Neo Rauch-Ausstellung: &#8222;Zwischen uns vibriert ja auch etwas&#8220;"},"content":{"rendered":"<p>        <img decoding=\"async\" src=\"https:\/\/www.europesays.com\/de\/wp-content\/uploads\/2026\/07\/screenshot-194728.webp\" alt=\"Rosa Loy und Neo Rauch stehen vor einem Gem\u00e4lde\" title=\"Rosa Loy und Neo Rauch stehen vor einem Gem\u00e4lde | NDR.de\" class=\"responsive\"\/><\/p>\n<p>AUDIO: Neo Rauch und Rosa Loy in Wedel: Privatsammlung zeigt das K\u00fcnstlerpaar privat (4 Min)<\/p>\n<p>\n                Stand: 15.07.2026 15:30 Uhr<\/p>\n<p class=\"preface\">Das Barlach Kunstmuseum Wedel hat das weltber\u00fchmte K\u00fcnstlerpaar Neo Rauch und Rosa Loy mit ihrer privaten Sammlung ins Haus geholt. Ein Rundgang mit dem K\u00fcnstlerpaar.<\/p>\n<p class=\"textauthor\">von Corinna Below<\/p>\n<p class=\"\">Beim Gang durch die Ausstellung steuert Neo Rauch pl\u00f6tzlich auf ein kleines Bild zu. &#8222;Das geh\u00f6rt mir&#8220;, sagt er. Zu sehen ist ein flauschiger Geist mit einem golden-leuchtenden Beutel. Dazu ein anderes Wesen und ein kleiner K\u00e4fig. R\u00e4tselhaft. Kasein auf Papier. Rosa Loy hat dieses Bild gemalt. Noch nie wurde es ausgestellt.<\/p>\n<p class=\"\">&#8222;Das habe ich mir jetzt erst schenken lassen.&#8220; Neo Rauch schaut schmunzelnd zu seiner Frau. &#8222;Sie hatte noch keine Idee f\u00fcr ein Geburtstagsgeschenk und da hab ich gesagt, da kann ich dir weiterhelfen. Das will ich haben. Das soll niemand sonst auf dieser Welt in seinen Besitz nehmen.&#8220;<\/p>\n<p>    Weltweit gefeiertes K\u00fcnstlerpaar zeigt Privatsammlung<\/p>\n<p class=\"\">So ist die Sammlung von Neo Rauch und Rosa Loy entstanden. Seit 42 Jahren sind die beiden verheiratet. Hunderte eigene Bilder haben sie sich gegenseitig im Laufe der Jahre geschenkt. Beide geh\u00f6ren zur sogenannten &#8222;Leipziger Schule&#8220;, die vor allem durch Neo Rauchs gro\u00dfen internationalen Erfolg seit den 1990er-Jahren weltber\u00fchmt wurde. Einige seiner Werke werden mittlerweile f\u00fcr Millionenbetr\u00e4ge gehandelt. Aber auch Rosa Loy ist l\u00e4ngst eine weltweit gefeierte K\u00fcnstlerin.<\/p>\n<p>    Gro\u00dfformatige Bilder im Dialog<\/p>\n<p class=\"\">Heike Stockhaus, Kreativ-Direktorin der Ernst-Barlach Gesellschaft, hat die beiden nach Wedel geholt. Beim Malen reden sich die beiden K\u00fcnstler nie rein. Nur bei Bedarf geben sie sich fachliche Hinweise &#8211; zur Farbwahl oder Komposition. Sie beziehen sich in ihren Bildern nie direkt aufeinander. Trotzdem wirken sie wie ein Echo &#8211; daher der Titel der Ausstellung &#8222;ECHO\u201d. &#8222;Zwischen uns, da vibriert ja auch etwas hin und her. Im Alltag ebenso wie w\u00e4hrend unseres Dienstes.&#8220;<\/p>\n<p class=\"\">Da ist ein gro\u00dfformatiges Bild von Neo Rauch. Ein Mann am Tisch h\u00e4lt sich sitzend die Ohren zu. Ein weiterer und eine Frau stehen neben ihm, dahinter ein Haus. In der Ferne sind Soldaten aus einer anderen Zeit zu erkennen &#8211; historisch, dazu ein Feuer. Es sind Szenen, die nicht zusammenzugeh\u00f6ren scheinen. Szenen, wie aus dem Ged\u00e4chtnis ausgegraben.<\/p>\n<p>    Rosa Loys Bilder erz\u00e4hlen von Geborgenheit<\/p>\n<p class=\"\">Neben diesem Bild h\u00e4ngt eine gro\u00dfformatige Arbeit von Rosa Loy. Sie zeigt eine W\u00f6lfin, die zwei Kinder umarmt. Romulus und Remus? Daneben eine Hollywoodschaukel, Pilze auf dem Tisch, eine Schubkarre davor, auf der man sich ausruhen kann, und eine W\u00e4rmflasche. Es scheint von Geborgenheit zu erz\u00e4hlen.<\/p>\n<p>    Bez\u00fcge machen Ausstellung zu einem echten Erlebnis<\/p>\n<p class=\"\">Neo Rauch beschreibt seine Bilderwelt als eine Gesellschaft b\u00e4rtiger Herren, die sich aus der Rahmung heraus qu\u00e4len wollen. Loys Bilder hingegen seien ein Feenreich, in dem er sich aufgehoben f\u00fchle. &#8222;Wir sind wirklich erstmal Mann und ich bin eine Frau\u201d, sagt Rosa Loy. &#8222;Und M\u00e4nner und Frauen sind verschieden. Und das Sch\u00f6ne ist, dass sie das sind, deshalb k\u00f6nnen sie sich auch so gut erg\u00e4nzen. Und vielleicht macht das auch das aus, dass die Bilder gut miteinander auskommen.&#8220;<\/p>\n<p>    M\u00e4nnliche vs. weibliche Malweise<\/p>\n<p class=\"\">Nach der Er\u00f6ffnung stehen die Besucherinnen und Besucher lange vor den Bildern, raten, r\u00e4tseln, was zu sehen ist. So begeistert sich Lena Fritschi aus Berlin vor allem f\u00fcr die Unterschiede zwischen seiner, wie sie sagt &#8222;m\u00e4nnlichen&#8220; Malweise und Loys, die so anders ist: &#8222;Mir f\u00e4llt auf, dass Rosa Loy vor allem eben Weiblichkeit in sowas Harmonisches einbettet. Es bringt mir als Frau fast so ein erleichterndes Durchatmen.&#8220;<\/p>\n<p class=\"\">Besonders ist vor allem auch, dass ihre so eigenst\u00e4ndigen Werke hier gemeinsam h\u00e4ngen und dadurch Bezug aufeinander nehmen. Das macht die Ausstellung zu einem echten Erlebnis.<\/p>\n<p>                <a href=\"https:\/\/www.europesays.com\/de\/wp-content\/uploads\/2026\/07\/screenshot-194728.webp\" class=\"zoomimage\" title=\"Bild vergr\u00f6\u00dfern\"><\/p>\n<p>        <img decoding=\"async\" src=\"https:\/\/www.europesays.com\/de\/wp-content\/uploads\/2026\/07\/screenshot-194728.webp\" alt=\"Rosa Loy und Neo Rauch stehen vor einem Gem\u00e4lde\" title=\"Rosa Loy und Neo Rauch stehen vor einem Gem\u00e4lde | NDR.de\" class=\"responsive\" loading=\"lazy\"\/><\/p>\n<p>                <\/a><\/p>\n<p>            K\u00fcnstlerpaar Loy und Rauch: &#8222;ECHO&#8220; zeigt nie ausgestellte Werke<\/p>\n<p>Neo Rauch und Rosa Loy zeigen im Barlach Kunstmuseum Wedel ihre private Sammlung. Ein Rundgang mit dem Ehepaar.<\/p>\n<dl class=\"s-100 m-50\">\n<dt>Datum:<\/dt>\n<dd>11.07.2026, 10:00 Uhr<\/dd>\n<dt>Ende:<\/dt>\n<dd>27.09.2026<\/dd>\n<dt>Ort:<\/dt>\n<dd>\n<p>                            Barlach Kunstmuseum Wedel<\/p>\n<\/dd>\n<\/dl>\n<dl class=\"s-100 m-50\">\n<\/dl>\n<p>            <a class=\"button\" title=\"Laden Sie diese Veranstaltung in die Terminkalender Anwendung ihres Computers\" href=\"https:\/\/www.ndr.de\/calendar\/rosaloyundneorauch-100\" rel=\"nofollow noopener\" target=\"_blank\"> In meinen<br \/>\n                Kalender eintragen<\/a><\/p>\n","protected":false},"excerpt":{"rendered":"AUDIO: Neo Rauch und Rosa Loy in Wedel: Privatsammlung zeigt das K\u00fcnstlerpaar privat (4 Min) Stand: 15.07.2026 15:30&hellip;\n","protected":false},"author":2,"featured_media":1162407,"comment_status":"","ping_status":"","sticky":false,"template":"","format":"standard","meta":{"footnotes":"","_share_on_mastodon":"0"},"categories":[1775],"tags":[1793,2704,29,214,30,1794,2705,20890,32431,215,72006],"class_list":["post-1168634","post","type-post","status-publish","format-standard","has-post-thumbnail","category-kunst-und-design","tag-art-and-design","tag-ausstellungen","tag-deutschland","tag-entertainment","tag-germany","tag-kunst-und-design","tag-malerei","tag-neo-rauch","tag-rosa-loy","tag-unterhaltung","tag-wedel"],"share_on_mastodon":{"url":"https:\/\/pubeurope.com\/@de\/116924413984558455","error":""},"_links":{"self":[{"href":"https:\/\/www.europesays.com\/de\/wp-json\/wp\/v2\/posts\/1168634","targetHints":{"allow":["GET"]}}],"collection":[{"href":"https:\/\/www.europesays.com\/de\/wp-json\/wp\/v2\/posts"}],"about":[{"href":"https:\/\/www.europesays.com\/de\/wp-json\/wp\/v2\/types\/post"}],"author":[{"embeddable":true,"href":"https:\/\/www.europesays.com\/de\/wp-json\/wp\/v2\/users\/2"}],"replies":[{"embeddable":true,"href":"https:\/\/www.europesays.com\/de\/wp-json\/wp\/v2\/comments?post=1168634"}],"version-history":[{"count":0,"href":"https:\/\/www.europesays.com\/de\/wp-json\/wp\/v2\/posts\/1168634\/revisions"}],"wp:featuredmedia":[{"embeddable":true,"href":"https:\/\/www.europesays.com\/de\/wp-json\/wp\/v2\/media\/1162407"}],"wp:attachment":[{"href":"https:\/\/www.europesays.com\/de\/wp-json\/wp\/v2\/media?parent=1168634"}],"wp:term":[{"taxonomy":"category","embeddable":true,"href":"https:\/\/www.europesays.com\/de\/wp-json\/wp\/v2\/categories?post=1168634"},{"taxonomy":"post_tag","embeddable":true,"href":"https:\/\/www.europesays.com\/de\/wp-json\/wp\/v2\/tags?post=1168634"}],"curies":[{"name":"wp","href":"https:\/\/api.w.org\/{rel}","templated":true}]}}