{"id":1168659,"date":"2026-07-15T14:30:37","date_gmt":"2026-07-15T14:30:37","guid":{"rendered":"https:\/\/www.europesays.com\/de\/1168659\/"},"modified":"2026-07-15T14:30:37","modified_gmt":"2026-07-15T14:30:37","slug":"holstein-kiel-verleiht-stuermer-jakupovic-an-ex-club-2","status":"publish","type":"post","link":"https:\/\/www.europesays.com\/de\/1168659\/","title":{"rendered":"Holstein Kiel verleiht St\u00fcrmer Jakupovic an Ex-Club"},"content":{"rendered":"<p>Transfer in der 2. Bundesliga <\/p>\n<p>Holstein Kiel verleiht St\u00fcrmer Jakupovic an Ex-Club<\/p>\n<p>Aktualisiert am 15.07.2026 &#8211; 14:32 UhrLesedauer: 1 Min.<\/p>\n<p><a href=\"#focus-0\" class=\"transition-colors block text-current relative\" data-sctrack=\"FocusGalleryImage.Reference\"><img fetchpriority=\"high\" data-testid=\"Opener.Image\"   loading=\"eager\" src=\"https:\/\/www.europesays.com\/de\/wp-content\/uploads\/2026\/07\/wechselt-zurueck-in-die-heimat-holstein-kiel-stuermer-aldin-jakupovic-archivbild.jpg\" alt=\"Aldin Jakupovic\" title=\"Aldin Jakupovic\" width=\"2048\" height=\"1152\" class=\"bg-[url:var(--lqipURL)] bg-cover bg-center flex h-full w-full max-w-full\" style=\"--lqipURL:url('https:\/\/images.t-online.de\/2026\/07\/oEb7MsfAHNK9\/0x107:2048x1152\/fit-in\/150x0\/filters:blur(25)\/wechselt-zurueck-in-die-heimat-holstein-kiel-stuermer-aldin-jakupovic-archivbild.jpg')\" decoding=\"async\"\/><img loading=\"lazy\" src=\"https:\/\/www.t-online.de\/s\/paper\/_next\/static\/media\/zoom-in.f7dae02f.svg\" alt=\"Vergr\u00f6\u00dfern des Bildes\" title=\"Vergr\u00f6\u00dfern des Bildes\" class=\"block h-[calc(var(--height)_\/_16_*_1rem)] w-[calc(var(--width)_\/_16_*_1rem)] max-w-none absolute right-8 bottom-8 rounded-4 bg-snow p-8\" style=\"--width:32;--height:32\" decoding=\"async\"\/><\/a><\/p>\n<p>Wechselt zur\u00fcck in die Heimat: Holstein-Kiel-St\u00fcrmer Aldin Jakupovic. (Archivbild) (Quelle: Gregor Fischer\/dpa\/dpa-bilder)<\/p>\n<p><img loading=\"lazy\" src=\"https:\/\/www.t-online.de\/s\/paper\/_next\/static\/media\/audio-volume.6689034c.svg\" alt=\"\" title=\"\" class=\"block h-[calc(var(--height)_\/_16_*_1rem)] w-[calc(var(--width)_\/_16_*_1rem)] max-w-none group-hover:brightness-0 group-hover:invert\" style=\"--width:16;--height:16\" decoding=\"async\"\/>Vorlesen<\/p>\n<p>Aktuelle Zeit:0:00Gesamtdauer:0:00<\/p>\n<p>1x<\/p>\n<p class=\"text-center\">Jetzt neu bei t-online:<\/p>\n<p class=\"text-center\">Schriftgr\u00f6\u00dfe anpassen!<\/p>\n<p><img loading=\"lazy\" src=\"https:\/\/www.t-online.de\/s\/paper\/_next\/static\/media\/font-sizes.32942e33.svg\" alt=\"\" title=\"\" class=\"block h-[calc(var(--height)_\/_16_*_1rem)] w-[calc(var(--width)_\/_16_*_1rem)] max-w-none group-hover:hidden group-aria-expanded:hidden\" style=\"--width:16;--height:16\" decoding=\"async\"\/><img loading=\"lazy\" src=\"https:\/\/www.t-online.de\/s\/paper\/_next\/static\/media\/font-sizes-dark-mode.e382645c.svg\" alt=\"\" title=\"\" class=\"block h-[calc(var(--height)_\/_16_*_1rem)] w-[calc(var(--width)_\/_16_*_1rem)] max-w-none hidden group-hover:block group-aria-expanded:block\" style=\"--width:16;--height:16\" decoding=\"async\"\/><img loading=\"lazy\" src=\"https:\/\/www.t-online.de\/s\/paper\/_next\/static\/media\/sharing-menu-icon.1eb71368.svg\" alt=\"\" title=\"\" class=\"block h-[calc(var(--height)_\/_16_*_1rem)] w-[calc(var(--width)_\/_16_*_1rem)] max-w-none group-hover:brightness-0 group-hover:invert\" style=\"--width:16;--height:16\" decoding=\"async\"\/>Artikel teilen<\/p>\n<p class=\"font-bold text-18 leading-17 user-text-lg:text-22 user-text-xl:text-24\">Er kam aus Slowenien &#8211; und geht nach nur sechs Monaten auch wieder dorthin zur\u00fcck: Ein St\u00fcrmer von Holstein Kiel soll in der Heimat Spielpraxis sammeln.<\/p>\n<p class=\"text-18 leading-17 user-text-lg:text-22 user-text-xl:text-24\">Fu\u00dfball-Zweitligist Holstein Kiel leiht den slowenischen St\u00fcrmer Aldin Jakupovic nach nur einem halben Jahr wieder an seinen Ex-Verein NK Bravo aus. Der Club aus der Hauptstadt Ljubljana m\u00f6chte sich in diesem Sommer f\u00fcr die europ\u00e4ische Conference League qualifizieren.<\/p>\n<p class=\"text-18 leading-17 user-text-lg:text-22 user-text-xl:text-24\">&#8222;F\u00fcr Aldin ist diese Leihe jetzt eine M\u00f6glichkeit, kontinuierlich Einsatzzeiten zu erhalten und sich weiterzuentwickeln&#8220;, sagte Holsteins Sportlicher Leiter Kevin Meinhardt. <\/p>\n<p class=\"text-18 leading-17 user-text-lg:text-22 user-text-xl:text-24\">Der 20 Jahre alte Jakupovic war erst im Januar nach Kiel gewechselt. In der R\u00fcckrunde der vergangenen Saison kam er auf f\u00fcnf Eins\u00e4tze in der zweiten Liga.<\/p>\n","protected":false},"excerpt":{"rendered":"Transfer in der 2. Bundesliga Holstein Kiel verleiht St\u00fcrmer Jakupovic an Ex-Club Aktualisiert am 15.07.2026 &#8211; 14:32 UhrLesedauer:&hellip;\n","protected":false},"author":2,"featured_media":1168660,"comment_status":"","ping_status":"","sticky":false,"template":"","format":"standard","meta":{"footnotes":"","_share_on_mastodon":"0"},"categories":[1852],"tags":[621,244932,3364,29,548,663,3934,30,13,29068,10243,4949,14,15,244933,12,1971,44606,54264],"class_list":["post-1168659","post","type-post","status-publish","format-standard","has-post-thumbnail","category-kiel","tag-2-bundesliga","tag-aldin-jakupovic","tag-de","tag-deutschland","tag-eu","tag-europa","tag-europe","tag-germany","tag-headlines","tag-holstein","tag-holstein-kiel","tag-kiel","tag-nachrichten","tag-news","tag-nk-bravo","tag-schlagzeilen","tag-schleswig-holstein","tag-slowenien","tag-spielpraxis"],"share_on_mastodon":{"url":"https:\/\/pubeurope.com\/@de\/116924479254076163","error":""},"_links":{"self":[{"href":"https:\/\/www.europesays.com\/de\/wp-json\/wp\/v2\/posts\/1168659","targetHints":{"allow":["GET"]}}],"collection":[{"href":"https:\/\/www.europesays.com\/de\/wp-json\/wp\/v2\/posts"}],"about":[{"href":"https:\/\/www.europesays.com\/de\/wp-json\/wp\/v2\/types\/post"}],"author":[{"embeddable":true,"href":"https:\/\/www.europesays.com\/de\/wp-json\/wp\/v2\/users\/2"}],"replies":[{"embeddable":true,"href":"https:\/\/www.europesays.com\/de\/wp-json\/wp\/v2\/comments?post=1168659"}],"version-history":[{"count":0,"href":"https:\/\/www.europesays.com\/de\/wp-json\/wp\/v2\/posts\/1168659\/revisions"}],"wp:featuredmedia":[{"embeddable":true,"href":"https:\/\/www.europesays.com\/de\/wp-json\/wp\/v2\/media\/1168660"}],"wp:attachment":[{"href":"https:\/\/www.europesays.com\/de\/wp-json\/wp\/v2\/media?parent=1168659"}],"wp:term":[{"taxonomy":"category","embeddable":true,"href":"https:\/\/www.europesays.com\/de\/wp-json\/wp\/v2\/categories?post=1168659"},{"taxonomy":"post_tag","embeddable":true,"href":"https:\/\/www.europesays.com\/de\/wp-json\/wp\/v2\/tags?post=1168659"}],"curies":[{"name":"wp","href":"https:\/\/api.w.org\/{rel}","templated":true}]}}