{"id":1168676,"date":"2026-07-15T14:40:30","date_gmt":"2026-07-15T14:40:30","guid":{"rendered":"https:\/\/www.europesays.com\/de\/1168676\/"},"modified":"2026-07-15T14:40:30","modified_gmt":"2026-07-15T14:40:30","slug":"das-fest-2026-karlsruher-oepnv-bringt-sonderlinien-und-dichtere-takte","status":"publish","type":"post","link":"https:\/\/www.europesays.com\/de\/1168676\/","title":{"rendered":"Das Fest 2026: Karlsruher \u00d6PNV bringt Sonderlinien und dichtere Takte"},"content":{"rendered":"<p class=\"mb-6 text-xs-varying md:text-m lg:text-l font-serif group-[.font-sans]:font-sans \">\n    In der G\u00fcnther-Klotz-Anlage in <a href=\"https:\/\/www.ka-news.de\/promis\/karlsruhe-kulturlandschaft-technologieregion-und-residenz-des-rechts-die-faecherstadt-im-ueberblick-art-2783253\" target=\"_self\" class=\"underline \" rel=\"nofollow noopener\">Karlsruhe<\/a> findet von <strong class=\"font-bold\">Donnerstag bis Sonntag, 23. bis 26. Juli<\/strong>, die 41. Auflage von \u201e<a href=\"https:\/\/www.ka-news.de\/karlsruhe\/freizeit-und-veranstaltungen\/das-fest-2026-startet-aufbau-und-praesentiert-neuheiten-14-114632120\" target=\"_self\" class=\"underline \" rel=\"nofollow noopener\">Das Fest<\/a>\u201c statt. Die Verkehrsbetriebe <a href=\"https:\/\/www.ka-news.de\/karlsruhe\" target=\"_self\" class=\"underline \" rel=\"nofollow noopener\">Karlsruhe<\/a> (VBK) setzten darum<strong class=\"font-bold\"> zus\u00e4tzliche Bahnen<\/strong> ein. Alle Festival-Tickets gelten am jeweils aufgedruckten Veranstaltungstag f\u00fcr eine Hin- und R\u00fcckfahrt in allen Bahnen und Bussen im Verbundgebiet des Karlsruher Verkehrsverbundes (KVV).\n  <\/p>\n<p>            Betriebskonzept der VBK an den vier Festivaltagen:<\/p>\n<ul rel=\"\" class=\"[&amp;&gt;li]:relative list-none  [&amp;&gt;li]:pl-[1.2em] [&amp;&gt;li]:marker:text-[0] [&amp;&gt;li]:relative [&amp;&gt;li]:before:absolute [&amp;&gt;li]:before:w-3 [&amp;&gt;li]:before:h-3 [&amp;&gt;li]:before:bg-brand [&amp;&gt;li]:before:left-0 [&amp;&gt;li]:before:rounded-full [&amp;&gt;li]:before:top-[8px] md:[&amp;&gt;li]:before:top-[9px] lg:[&amp;&gt;li]:before:top-[11px]  my-5\">\n<li class=\" mb-3 text-xs-varying md:text-m lg:text-l\">Die Fest-Linie E verkehrt an allen vier Veranstaltungstagen zwischen der Innenstadt und dem Festivalgel\u00e4nde. F\u00fcr die Anreise zu \u201eDas Fest\u201c fahren die Bahnen dieser Sonderlinie ab zirka 30 Minuten vor \u00d6ffnung des Festivalgel\u00e4ndes (16.30 Uhr am Donnerstag und Freitag, 13.30 Uhr am Samstag und 9 Uhr am Sonntag) bis zirka 21 Uhr in einem durchg\u00e4ngigen 10-Minuten-Takt auf folgender Route (und umgekehrt): Hauptbahnhof (Vorplatz) \u2013 Poststra\u00dfe \u2013 Augartenstra\u00dfe \u2013 Kongresszentrum \u2013 Ettlinger Tor\/Staatstheater \u2013 Marktplatz (Pyramide U) \u2013 Europaplatz (U) M\u00fchlburger Tor \u2013 Schillerstra-\u00dfe \u2013 Sophienstra\u00dfe \u2013 Weinbrennerplatz \u2013 Landesbausparkasse \u2013 Europahalle \u2013 Oberreut Badeniaplatz<\/li>\n<li class=\" mb-3 text-xs-varying md:text-m lg:text-l\">Wer zum Festival \u00fcber den Karlsruher Hauptbahnhof anreist, kann von dort auf kurzem Weg in westlicher Fahrtrichtung mit der Festlinie E oder der Tramlinie 2 bis zur Haltestelle Welfenstra\u00dfe fahren. Vor dort f\u00fchrt ein ca. 750 Meter langer Fu\u00dfweg zum Festival-Eingang an der Europahalle.<\/li>\n<li class=\" mb-3 text-xs-varying md:text-m lg:text-l\">F\u00fcr die Abreise vom Festivalgel\u00e4nde wird die Sonderlinie E dann ab zirka 21 Uhr bis nachts um 1 Uhr (in der Nacht von Donnerstag auf Freitag und von Sonntag auf Montag) bzw. 2.30 Uhr (in der Nacht von Freitag auf Samstag und von Samstag auf Sonntag) auf einen 5-Minuten-Takt verdichtet.<\/li>\n<\/ul>\n<p class=\"mb-6 text-xs-varying md:text-m lg:text-l font-serif group-[.font-sans]:font-sans \">\n    Zudem \u00e4ndert sich auch im Bereich Hauptbahnhof \u2013 Kolpingplatz \u2013 ZKM \u2013 Welfenstra\u00dfe die Fahrtrichtung im Vergleich zur <strong class=\"font-bold\">Linienf\u00fchrung bei der Anreise<\/strong>:\n  <\/p>\n<ul rel=\"\" class=\"[&amp;&gt;li]:relative list-none  [&amp;&gt;li]:pl-[1.2em] [&amp;&gt;li]:marker:text-[0] [&amp;&gt;li]:relative [&amp;&gt;li]:before:absolute [&amp;&gt;li]:before:w-3 [&amp;&gt;li]:before:h-3 [&amp;&gt;li]:before:bg-brand [&amp;&gt;li]:before:left-0 [&amp;&gt;li]:before:rounded-full [&amp;&gt;li]:before:top-[8px] md:[&amp;&gt;li]:before:top-[9px] lg:[&amp;&gt;li]:before:top-[11px]  my-5\">\n<li class=\" mb-3 text-xs-varying md:text-m lg:text-l\">Vom Hauptbahnhof kommend f\u00e4hrt die Fest-Linie E zun\u00e4chst durch die Karlstra\u00dfe bis zur Haltestelle Kolpingplatz. Von dort geht es weiter \u00fcber die Haltestelle Otto-Sachs-Stra\u00dfe zum ZKM zur\u00fcck Richtung Hauptbahnhof und Innenstadt \u2500 bei der Anreise werden durch die Fest-Linie E zuerst die Haltestellen entlang der Achse Brauerstra\u00dfe und dann der Streckenab-schnitt in der Karlstra\u00dfe bedient (siehe Liniennetzpl\u00e4ne unten).<\/li>\n<li class=\" mb-3 text-xs-varying md:text-m lg:text-l\">Bei der Tramlinie 4 verst\u00e4rken die VBK am Samstag von zirka 18.30 Uhr bis ca. 20 Uhr sowie am Sonntag von zirka 14.30 Uhr bis zirka 20 Uhr den regul\u00e4ren 20-Minuten-Takt. Die Verst\u00e4rker-fahrten fahren dann alle 10 Minuten auf folgender Route: Europahalle \u2013 Schillerstra\u00dfe \u2013 Europaplatz \u2013 Konzerthaus \u2013 R\u00fcppurrer Tor \u2013 Ettlinger Tor \u2013 Europaplatz \u2013 Schillerstra\u00dfe \u2013 Europahalle<\/li>\n<li class=\" mb-3 text-xs-varying md:text-m lg:text-l\">Die regul\u00e4ren Fahrten der Tramlinie 4, die von der Waldstadt kommen, werden an den vier Festival-Tagen eingek\u00fcrzt. Ab zirka 30 Minuten vor \u00d6ffnung des Festivalgel\u00e4ndes (16.30 Uhr am Donnerstag und Freitag, 12 Uhr am Samstag und 9 Uhr am Sonntag) bis zirka 20 Uhr fahren die Bahnen nur bis zur Europahalle (Wendeschleife) und bedienen nicht den Streckenabschnitt bis Oberreut, da hier die Fest-Sonderlinie E f\u00e4hrt. Ab 20 Uhr enden die Fahrten dann bereits an der Haltestelle Europaplatz, bevor die Bahnen nach einer Wende am Kaiserplatz zur\u00fcck Richtung Waldstadt fahren.<\/li>\n<\/ul>\n<p class=\"mb-6 text-xs-varying md:text-m lg:text-l font-serif group-[.font-sans]:font-sans \">\n    Auch das Schwesterunternehmen der VBK, die Albtal-Verkehrs-Gesellschaft (AVG), wird w\u00e4hrend des Festivals ihr Angebot ausweiten. <strong class=\"font-bold\">Die Stadtbahnlinien S1, S11, S5, S51, S4 und S8 werden von Donnerstag bis Sonntag in den Abendstunden verst\u00e4rkt und so zus\u00e4tzliche Platzkapazit\u00e4ten bereitgestellt.<\/strong>\n  <\/p>\n<p>            Liniennetzplan w\u00e4hrend der Anreise zu \u201eDas Fest\u201c<\/p>\n<ul rel=\"\" class=\"[&amp;&gt;li]:relative list-none  [&amp;&gt;li]:pl-[1.2em] [&amp;&gt;li]:marker:text-[0] [&amp;&gt;li]:relative [&amp;&gt;li]:before:absolute [&amp;&gt;li]:before:w-3 [&amp;&gt;li]:before:h-3 [&amp;&gt;li]:before:bg-brand [&amp;&gt;li]:before:left-0 [&amp;&gt;li]:before:rounded-full [&amp;&gt;li]:before:top-[8px] md:[&amp;&gt;li]:before:top-[9px] lg:[&amp;&gt;li]:before:top-[11px]  my-5\">\n<li class=\" mb-3 text-xs-varying md:text-m lg:text-l\">Donnerstag, 23. Juli, von zirka 16 Uhr bis zirka 21 Uhr<\/li>\n<li class=\" mb-3 text-xs-varying md:text-m lg:text-l\">Freitag, 24. Juli, von zirka 16 Uhr bis zirka 21 Uhr<\/li>\n<li class=\" mb-3 text-xs-varying md:text-m lg:text-l\">Samstag, 25. Juli, von zirka 13 Uhr bis zirka 21 Uhr<\/li>\n<li class=\" mb-3 text-xs-varying md:text-m lg:text-l\">Sonntag, 26. Juli, von zirka 8.30 Uhr bis zirka 21 Uhr<\/li>\n<\/ul>\n<p>    <img decoding=\"async\" src=\"https:\/\/www.europesays.com\/de\/wp-content\/uploads\/2026\/07\/fest-vbk.png\" alt=\"Fahrplan das Fest Karlsruhe\" title=\"Fahrplan das Fest Karlsruhe\" loading=\"lazy\" class=\"h-full w-full object-cover\"\/><\/p>\n<p>      Icon vergr\u00f6\u00dfern<\/p>\n<p>    Fahrplan das Fest Karlsruhe<br \/>\n    Foto: VBK &#8211; Verkehrsbetriebe Karlsruhe GmbH<\/p>\n<p>        Schlie\u00dfen <\/p>\n<p>      Icon Schlie\u00dfen<\/p>\n<p>        Icon vergr\u00f6\u00dfern<\/p>\n<p>        Icon verkleinern<\/p>\n<p>      Icon Pfeil bewegen<\/p>\n<p>    Fahrplan das Fest Karlsruhe<br \/>\n    Foto: VBK &#8211; Verkehrsbetriebe Karlsruhe GmbH<\/p>\n<p>            Liniennetzplan w\u00e4hrend der Abreise von \u201eDas Fest\u201c<\/p>\n<ul rel=\"\" class=\"[&amp;&gt;li]:relative list-none  [&amp;&gt;li]:pl-[1.2em] [&amp;&gt;li]:marker:text-[0] [&amp;&gt;li]:relative [&amp;&gt;li]:before:absolute [&amp;&gt;li]:before:w-3 [&amp;&gt;li]:before:h-3 [&amp;&gt;li]:before:bg-brand [&amp;&gt;li]:before:left-0 [&amp;&gt;li]:before:rounded-full [&amp;&gt;li]:before:top-[8px] md:[&amp;&gt;li]:before:top-[9px] lg:[&amp;&gt;li]:before:top-[11px]  my-5\">\n<li class=\" mb-3 text-xs-varying md:text-m lg:text-l\">Donnerstag, 23. Juli, von zirka 21 Uhr bis Freitag, 24. Juli, zirka 1 Uhr<\/li>\n<li class=\" mb-3 text-xs-varying md:text-m lg:text-l\">Freitag, 24. Juli, von zirka 21 Uhr bis Samstag, 25. Juli, zirka 2.30 Uhr<\/li>\n<li class=\" mb-3 text-xs-varying md:text-m lg:text-l\">Samstag, 25. Juli, von zirka 21 Uhr bis Sonntag, 26. Juli, zirka 2.30 Uhr<\/li>\n<li class=\" mb-3 text-xs-varying md:text-m lg:text-l\">Sonntag, 26. Juli, von zirka 21 Uhr bis Montag, 27. Juli, zirka 1 Uhr<\/li>\n<\/ul>\n<p>    <img decoding=\"async\" src=\"https:\/\/www.europesays.com\/de\/wp-content\/uploads\/2026\/07\/fest-vbk-2.png\" alt=\"Fahrplan das Fest Karlsruhe\" title=\"Fahrplan das Fest Karlsruhe\" loading=\"lazy\" class=\"h-full w-full object-cover\"\/><\/p>\n<p>      Icon vergr\u00f6\u00dfern<\/p>\n<p>    Fahrplan das Fest Karlsruhe<br \/>\n    Foto: VBK &#8211; Verkehrsbetriebe Karlsruhe GmbH<\/p>\n<p>        Schlie\u00dfen <\/p>\n<p>      Icon Schlie\u00dfen<\/p>\n<p>        Icon vergr\u00f6\u00dfern<\/p>\n<p>        Icon verkleinern<\/p>\n<p>      Icon Pfeil bewegen<\/p>\n<p>    Fahrplan das Fest Karlsruhe<br \/>\n    Foto: VBK &#8211; Verkehrsbetriebe Karlsruhe GmbH<\/p>\n","protected":false},"excerpt":{"rendered":"In der G\u00fcnther-Klotz-Anlage in Karlsruhe findet von Donnerstag bis Sonntag, 23. bis 26. Juli, die 41. Auflage von&hellip;\n","protected":false},"author":2,"featured_media":1168677,"comment_status":"","ping_status":"","sticky":false,"template":"","format":"standard","meta":{"footnotes":"","_share_on_mastodon":"0"},"categories":[1844],"tags":[2161,1634,244939,55272,3364,29,30,8903,83797,131267,17980,244940],"class_list":["post-1168676","post","type-post","status-publish","format-standard","has-post-thumbnail","category-karlsruhe","tag-avg","tag-baden-wuerttemberg","tag-bahntakt","tag-das-fest","tag-de","tag-deutschland","tag-germany","tag-karlsruhe","tag-vbk","tag-veranstaltungstag","tag-verkehrsbetrieb","tag-zusatzlinie"],"share_on_mastodon":{"url":"https:\/\/pubeurope.com\/@de\/116924518875146745","error":""},"_links":{"self":[{"href":"https:\/\/www.europesays.com\/de\/wp-json\/wp\/v2\/posts\/1168676","targetHints":{"allow":["GET"]}}],"collection":[{"href":"https:\/\/www.europesays.com\/de\/wp-json\/wp\/v2\/posts"}],"about":[{"href":"https:\/\/www.europesays.com\/de\/wp-json\/wp\/v2\/types\/post"}],"author":[{"embeddable":true,"href":"https:\/\/www.europesays.com\/de\/wp-json\/wp\/v2\/users\/2"}],"replies":[{"embeddable":true,"href":"https:\/\/www.europesays.com\/de\/wp-json\/wp\/v2\/comments?post=1168676"}],"version-history":[{"count":0,"href":"https:\/\/www.europesays.com\/de\/wp-json\/wp\/v2\/posts\/1168676\/revisions"}],"wp:featuredmedia":[{"embeddable":true,"href":"https:\/\/www.europesays.com\/de\/wp-json\/wp\/v2\/media\/1168677"}],"wp:attachment":[{"href":"https:\/\/www.europesays.com\/de\/wp-json\/wp\/v2\/media?parent=1168676"}],"wp:term":[{"taxonomy":"category","embeddable":true,"href":"https:\/\/www.europesays.com\/de\/wp-json\/wp\/v2\/categories?post=1168676"},{"taxonomy":"post_tag","embeddable":true,"href":"https:\/\/www.europesays.com\/de\/wp-json\/wp\/v2\/tags?post=1168676"}],"curies":[{"name":"wp","href":"https:\/\/api.w.org\/{rel}","templated":true}]}}