{"id":1168953,"date":"2026-07-15T17:11:21","date_gmt":"2026-07-15T17:11:21","guid":{"rendered":"https:\/\/www.europesays.com\/de\/1168953\/"},"modified":"2026-07-15T17:11:21","modified_gmt":"2026-07-15T17:11:21","slug":"was-sich-beim-klima-und-transformationsfonds-aendern-soll","status":"publish","type":"post","link":"https:\/\/www.europesays.com\/de\/1168953\/","title":{"rendered":"Was sich beim Klima- und Transformationsfonds \u00e4ndern soll"},"content":{"rendered":"<p>            <img loading=\"lazy\" decoding=\"async\" class=\"ts-image\" src=\"https:\/\/www.europesays.com\/de\/wp-content\/uploads\/2026\/07\/e-auto-196.jpg\" alt=\"Elektrofahrzeuge laden an Lades\u00e4ulen.\" title=\"Elektrofahrzeuge laden an Lades\u00e4ulen. | picture alliance \/ dpa\"\/><\/p>\n<p>                    <strong>FAQ<\/strong><\/p>\n<p class=\"metatextline\">Stand: 15.07.2026 \u2022 16:26 Uhr<\/p>\n<p class=\"article-head__shorttext\">\n        <strong>Das Kabinett hat die Finanzplanung f\u00fcr den Klima- und Transformationsfonds auf den Weg gebracht. Wie im Bundeshaushalt spart die Regierung auch dort. Was der Fonds bringt, was sich \u00e4ndern soll und woran es Kritik gibt.<\/strong>\n    <\/p>\n<p>                                    <a class=\"authorline__link\" href=\"https:\/\/www.tagesschau.de\/korrespondenten\/lissy-kaufmann-102.html\" rel=\"nofollow noopener\" target=\"_blank\"><br \/>\n                                        <img decoding=\"async\" class=\"authorline__img\" alt=\"Lissy Kaufmann\" src=\"https:\/\/www.europesays.com\/de\/wp-content\/uploads\/2026\/07\/kaufmann-lissy-100.jpg\"\/><br \/>\n                                    <\/a><\/p>\n<p>    Was ist der Klima- und Transformationsfonds?<\/p>\n<p class=\"textabsatz m-ten m-offset-one l-eight l-offset-two columns twelve\">Der Klima- und Transformationsfonds (KTF) ist ein Sondertopf, aus dem Ma\u00dfnahmen f\u00fcr den Klimaschutz und f\u00fcr die Energiewende finanziert werden. Das Ziel: Deutschland soll st\u00e4rker auf Erneuerbare Energien setzen und weniger klimasch\u00e4dliches CO2 aussto\u00dfen. Mehr als 40 Milliarden Euro will die Bundesregierung 2027 im Rahmen des KTF ausgeben.<\/p>\n<p class=\"textabsatz m-ten m-offset-one l-eight l-offset-two columns twelve\">Finanziert werden etwa der Ausbau der Ladeinfrastruktur, die F\u00f6rderung des Kaufs von E-Autos und klimafreundlicher Heizungen. Gleichzeitig sollen auch die steigenden Energiekosten abgefedert werden, damit der Umstieg auf neue Technologien \u00fcberhaupt m\u00f6glich ist, etwa f\u00fcr die Industrie.<\/p>\n<p>    K\u00f6nnten solche Ma\u00dfnahmen auch \u00fcber den Haushalt laufen?<\/p>\n<p class=\"textabsatz m-ten m-offset-one l-eight l-offset-two columns twelve\">M\u00f6glich w\u00e4re die Finanzierung \u00fcber den Bundeshaushalt. Dass es trotzdem ein Sonderverm\u00f6gen gibt, zeigt, welchen Stellenwert der Bund dem Klimaschutz beziehungsweise der Umstellung hin zu klimafreundlichen Technologien gibt. Die Bundesregierung stellt mit dem Sondertopf sicher, dass das Geld ausschlie\u00dflich f\u00fcr diese Ma\u00dfnahmen ausgegeben wird und dass diese Ausgaben nicht jedes Jahr im Rahmen der Bundeshaushaltsplanung neu verhandelt werden m\u00fcssen.<\/p>\n<p class=\"textabsatz m-ten m-offset-one l-eight l-offset-two columns twelve\">Anders als im Bundeshaushalt wird das Geld im KTF, das in einem Jahr nicht ausgegeben wird, automatisch mit ins n\u00e4chste Jahr genommen und steht dann weiterhin f\u00fcr Klimaschutz zur Verf\u00fcgung. Es sammeln sich also R\u00fccklagen an. Im kommenden Jahr sollen 6,4 Milliarden Euro daraus entnommen werden.<\/p>\n<p>    Woher kommt das Geld im KTF?<\/p>\n<p class=\"textabsatz m-ten m-offset-one l-eight l-offset-two columns twelve\">Das Geld kommt gr\u00f6\u00dftenteils aus den Einnahmen des Emissionshandels. Im kommenden Jahr flie\u00dfen davon 22,5 Milliarden Euro in den KTF.<\/p>\n<p class=\"textabsatz m-ten m-offset-one l-eight l-offset-two columns twelve\">Ein weiterer Teil ist schuldenfinanziert, \u00fcber das Sonderverm\u00f6gen f\u00fcr Infrastruktur und Klimaneutralit\u00e4t. Insgesamt sollen 100 Milliarden Euro aus dem Sonderverm\u00f6gen in den KTF flie\u00dfen, pro Jahr sind zehn Milliarden Euro geplant.<\/p>\n<p>    Wie plant Schwarz-Rot f\u00fcr das kommende Jahr?<\/p>\n<p class=\"textabsatz m-ten m-offset-one l-eight l-offset-two columns twelve\">In den vergangenen Tagen fiel immer wieder der Begriff &#8222;intelligenter Rasenm\u00e4her&#8220;: Die Bundesregierung will Ausgaben k\u00fcrzen, aber vern\u00fcnftig und nicht radikal. Der KTF war der Bundesregierung zu kleinteilig, zu un\u00fcbersichtlich und zu wenig effektiv. 2027 sollen deshalb &#8222;Kleinstprojekte&#8220; gestrichen und andere Projekte gek\u00fcrzt werden.<\/p>\n<p class=\"textabsatz m-ten m-offset-one l-eight l-offset-two columns twelve\">Au\u00dferdem will man bei der F\u00f6rderung st\u00e4rker sozial staffeln, etwa beim Kauf eines E-Autos oder beim Einbau einer W\u00e4rmepumpe. Wer wenig Geld hat, soll st\u00e4rker gef\u00f6rdert werden. Auch Familien sollen st\u00e4rker ber\u00fccksichtigt werden.<\/p>\n<p>    Warum gibt es Kritik an den Pl\u00e4nen?<\/p>\n<p class=\"textabsatz m-ten m-offset-one l-eight l-offset-two columns twelve\">Kritik gibt es am Vorhaben der Bundesregierung, einen Teil der Einnahmen aus dem Emissionshandel nicht in den KTF, sondern in den Bundeshaushalt flie\u00dfen zu lassen. Es geht um eine Summe von 2,7 Milliarden Euro 2027 &#8211; und um insgesamt mehr als 13 Milliarden Euro bis 2030.<\/p>\n<p class=\"textabsatz m-ten m-offset-one l-eight l-offset-two columns twelve\">Die Bundesregierung argumentiert: Man leiste auch \u00fcber den Bundeshaushalt einen Beitrag zum Klimaschutz und k\u00f6nne daher das Geld umschichten, um damit, wie es hei\u00dft, den &#8222;Haushalt zu konsolidieren&#8220;. \u00dcbersetzt bedeutet das, dass Haushaltsl\u00f6cher gestopft werden.<\/p>\n<p class=\"textabsatz m-ten m-offset-one l-eight l-offset-two columns twelve\">Kritik kommt von Gr\u00fcnen und Umweltsch\u00fctzern. Andreas Audretsch, stellvertretender Fraktionsvorsitzender der Gr\u00fcnen, sagte der Nachrichtenagentur dpa: &#8222;Friedrich Merz und Lars Klingbeil vers\u00fcndigen sich an der Zukunft.&#8220; Sie t\u00e4uschten und tricksten, so Audretsch, &#8222;um selbst gerissene L\u00f6cher im Haushalt zu stopfen &#8211; auf Kosten des Klimas, mitten in der Klimakrise&#8220;.<\/p>\n<p>    Wie geht es mit dem KTF jetzt weiter?<\/p>\n<p class=\"textabsatz m-ten m-offset-one l-eight l-offset-two columns twelve\">Mit dem KTF geht es weiter wie mit dem Bundeshaushalt: Zun\u00e4chst werden die Entw\u00fcrfe in den Aussch\u00fcssen des Bundestags beraten, vorrangig im Haushaltsausschuss. In der letzten Novemberwoche wird im Bundestag dar\u00fcber abgestimmt und am 18. Dezember im Bundesrat.<\/p>\n","protected":false},"excerpt":{"rendered":"FAQ Stand: 15.07.2026 \u2022 16:26 Uhr Das Kabinett hat die Finanzplanung f\u00fcr den Klima- und Transformationsfonds auf den&hellip;\n","protected":false},"author":2,"featured_media":1168954,"comment_status":"","ping_status":"","sticky":false,"template":"","format":"standard","meta":{"footnotes":"","_share_on_mastodon":"0"},"categories":[5],"tags":[782,1109,13,240288,14,15,12,10,8,9,11],"class_list":["post-1168953","post","type-post","status-publish","format-standard","has-post-thumbnail","category-nachrichten","tag-faq","tag-haushalt","tag-headlines","tag-klimafonds","tag-nachrichten","tag-news","tag-schlagzeilen","tag-top-news","tag-top-meldungen","tag-topmeldungen","tag-topnews"],"share_on_mastodon":{"url":"","error":""},"_links":{"self":[{"href":"https:\/\/www.europesays.com\/de\/wp-json\/wp\/v2\/posts\/1168953","targetHints":{"allow":["GET"]}}],"collection":[{"href":"https:\/\/www.europesays.com\/de\/wp-json\/wp\/v2\/posts"}],"about":[{"href":"https:\/\/www.europesays.com\/de\/wp-json\/wp\/v2\/types\/post"}],"author":[{"embeddable":true,"href":"https:\/\/www.europesays.com\/de\/wp-json\/wp\/v2\/users\/2"}],"replies":[{"embeddable":true,"href":"https:\/\/www.europesays.com\/de\/wp-json\/wp\/v2\/comments?post=1168953"}],"version-history":[{"count":0,"href":"https:\/\/www.europesays.com\/de\/wp-json\/wp\/v2\/posts\/1168953\/revisions"}],"wp:featuredmedia":[{"embeddable":true,"href":"https:\/\/www.europesays.com\/de\/wp-json\/wp\/v2\/media\/1168954"}],"wp:attachment":[{"href":"https:\/\/www.europesays.com\/de\/wp-json\/wp\/v2\/media?parent=1168953"}],"wp:term":[{"taxonomy":"category","embeddable":true,"href":"https:\/\/www.europesays.com\/de\/wp-json\/wp\/v2\/categories?post=1168953"},{"taxonomy":"post_tag","embeddable":true,"href":"https:\/\/www.europesays.com\/de\/wp-json\/wp\/v2\/tags?post=1168953"}],"curies":[{"name":"wp","href":"https:\/\/api.w.org\/{rel}","templated":true}]}}