{"id":1168974,"date":"2026-07-15T17:26:21","date_gmt":"2026-07-15T17:26:21","guid":{"rendered":"https:\/\/www.europesays.com\/de\/1168974\/"},"modified":"2026-07-15T17:26:21","modified_gmt":"2026-07-15T17:26:21","slug":"karlsruhe-explosion-zerstoert-automaten-polizei-nimmt-jugendliche-fest","status":"publish","type":"post","link":"https:\/\/www.europesays.com\/de\/1168974\/","title":{"rendered":"Karlsruhe: Explosion zerst\u00f6rt Automaten \u2013 Polizei nimmt Jugendliche fest"},"content":{"rendered":"<p class=\"mb-6 text-xs-varying md:text-m lg:text-l font-serif group-[.font-sans]:font-sans \">\n    Zwei 16-J\u00e4hrige sprengten in den fr\u00fchen Morgenstunden des <strong class=\"font-bold\">Mittwochs, 15. Juli 2026<\/strong>, zwei Automaten im Karlsruher Stadtteil Gr\u00fcnwinkel. Laut Polizeibericht waren die beiden Jugendlichen gegen 3.10 Uhr in der Zeppelinstra\u00dfe unterwegs. Dort sprengten sie zun\u00e4chst einen Zigarettenautomaten.\n  <\/p>\n<p>            T\u00e4ter flohen zu Fu\u00df \u2013 Festnahme im Bereich der Kleing\u00e4rten am Westbahnhof Karlsruhe<\/p>\n<p class=\"mb-6 text-xs-varying md:text-m lg:text-l font-serif group-[.font-sans]:font-sans \">\n    Im Anschluss sprengten die Tatverd\u00e4chtigen einen Fahrkartenautomat in unmittelbarer N\u00e4he am Westbahnhof. Ein Zeuge beobachtete das Geschehen und alarmierte sofort die Polizei. Beim Eintreffen der ersten Streife fl\u00fcchteten die beiden Jugendlichen zu Fu\u00df und lie\u00dfen dabei offenbar ihre mitgef\u00fchrten Rucks\u00e4cke zur\u00fcck. Beamte des Polizeireviers West nahmen die Fl\u00fcchtigen im Bereich der Kleing\u00e4rten am Westbahnhof vorl\u00e4ufig fest.\n  <\/p>\n<p>            Polizei durchsucht Wohnungen der 16-J\u00e4hrigen in Karlsruhe<\/p>\n<p class=\"mb-6 text-xs-varying md:text-m lg:text-l font-serif group-[.font-sans]:font-sans \">\n    Bei anschlie\u00dfenden Durchsuchungen in den Wohnungen der Beschuldigten stellten die Beamten unter anderem mehrere pyrotechnische Gegenst\u00e4nde sicher. Die beiden 16-J\u00e4hrigen m\u00fcssen nun unter anderem mit einer Strafanzeige wegen besonders schweren Falls des Diebstahls rechnen.\n  <\/p>\n<p class=\"mb-6 text-xs-varying md:text-m lg:text-l font-serif group-[.font-sans]:font-sans \">\n    Quelle: Polizei<a href=\"https:\/\/www.presseportal.de\/blaulicht\/pm\/110972\/6315202\" rel=\"nofollow noopener\" target=\"_blank\" class=\"underline \">pr\u00e4sidium Karlsruhe. Hinwei<\/a>s: Diese Meldung wurde unterst\u00fctzt von KI erstellt.\n  <\/p>\n","protected":false},"excerpt":{"rendered":"Zwei 16-J\u00e4hrige sprengten in den fr\u00fchen Morgenstunden des Mittwochs, 15. Juli 2026, zwei Automaten im Karlsruher Stadtteil Gr\u00fcnwinkel.&hellip;\n","protected":false},"author":2,"featured_media":292842,"comment_status":"","ping_status":"","sticky":false,"template":"","format":"standard","meta":{"footnotes":"","_share_on_mastodon":"0"},"categories":[1844],"tags":[12559,1634,3364,29,2805,123233,980,30,45158,8903,8824,121,60189,16116],"class_list":["post-1168974","post","type-post","status-publish","format-standard","has-post-thumbnail","category-karlsruhe","tag-automat","tag-baden-wuerttemberg","tag-de","tag-deutschland","tag-explosion","tag-fahrkartenautomat","tag-festnahme","tag-germany","tag-gruenwinkel","tag-karlsruhe","tag-kleingarten","tag-polizei","tag-zeppelinstrasse","tag-zigarettenautomat"],"share_on_mastodon":{"url":"https:\/\/pubeurope.com\/@de\/116925169054435525","error":""},"_links":{"self":[{"href":"https:\/\/www.europesays.com\/de\/wp-json\/wp\/v2\/posts\/1168974","targetHints":{"allow":["GET"]}}],"collection":[{"href":"https:\/\/www.europesays.com\/de\/wp-json\/wp\/v2\/posts"}],"about":[{"href":"https:\/\/www.europesays.com\/de\/wp-json\/wp\/v2\/types\/post"}],"author":[{"embeddable":true,"href":"https:\/\/www.europesays.com\/de\/wp-json\/wp\/v2\/users\/2"}],"replies":[{"embeddable":true,"href":"https:\/\/www.europesays.com\/de\/wp-json\/wp\/v2\/comments?post=1168974"}],"version-history":[{"count":0,"href":"https:\/\/www.europesays.com\/de\/wp-json\/wp\/v2\/posts\/1168974\/revisions"}],"wp:featuredmedia":[{"embeddable":true,"href":"https:\/\/www.europesays.com\/de\/wp-json\/wp\/v2\/media\/292842"}],"wp:attachment":[{"href":"https:\/\/www.europesays.com\/de\/wp-json\/wp\/v2\/media?parent=1168974"}],"wp:term":[{"taxonomy":"category","embeddable":true,"href":"https:\/\/www.europesays.com\/de\/wp-json\/wp\/v2\/categories?post=1168974"},{"taxonomy":"post_tag","embeddable":true,"href":"https:\/\/www.europesays.com\/de\/wp-json\/wp\/v2\/tags?post=1168974"}],"curies":[{"name":"wp","href":"https:\/\/api.w.org\/{rel}","templated":true}]}}