{"id":1168983,"date":"2026-07-15T17:31:14","date_gmt":"2026-07-15T17:31:14","guid":{"rendered":"https:\/\/www.europesays.com\/de\/1168983\/"},"modified":"2026-07-15T17:31:14","modified_gmt":"2026-07-15T17:31:14","slug":"panoramaradweg-niederbergbahn-15-jahre-touren-aktionen","status":"publish","type":"post","link":"https:\/\/www.europesays.com\/de\/1168983\/","title":{"rendered":"Panoramaradweg Niederbergbahn: 15 Jahre \u2013 Touren &#038; Aktionen"},"content":{"rendered":"<p class=\"text_ohne_einzug richtext text-em-55 !leading-serif mx-6 desktop:mx-0\"> Der Panoramaradweg Niederbergbahn wird 15 Jahre alt. Aus diesem Anlass hat die Stadt W\u00fclfrath in Kooperation mit dem Allgemeinen Deutschen Fahrrad-Club (ADFC) in den <a href=\"https:\/\/rp-online.de\/thema\/sommerferien\/\" rel=\"nofollow noopener\" target=\"_blank\">Sommerferien<\/a> Aktionen am und \u00fcber die Trasse geplant.<\/p>\n<p class=\"richtext text-em-55 !leading-serif mx-6 desktop:mx-0\">So konnte der <a href=\"https:\/\/rp-online.de\/thema\/adfc\/\" rel=\"nofollow noopener\" target=\"_blank\">ADFC<\/a>, Ortsgruppe <a href=\"https:\/\/rp-online.de\/thema\/mettmann\/\" rel=\"nofollow noopener\" target=\"_blank\">Mettmann<\/a>, f\u00fcr zwei Fahrradtouren und eine Fahrradcodierung gewonnen werden. Mitglieder des ADFC stehen am Samstag, 8. August, von 11 bis 13 Uhr, auf dem Vorplatz des Zeittunnels bereit, um Fahrr\u00e4der zu codieren. Interessenten werden gebeten, sich vorab unter <a href=\"http:\/\/www.mettmann.adfc.de\/\" target=\"_blank\" rel=\"nofollow noopener\">www.mettmann.adfc.de<\/a> \u00fcber Kosten und Unterlagen zu informieren.<\/p>\n<p class=\"richtext text-em-55 !leading-serif mx-6 desktop:mx-0\">Am 2. und 9. August l\u00e4dt der Fahrradclub zu Radtouren \u00fcber den Panoramaradweg und rund um W\u00fclfrath ein. Am Sonntag, 2. August, f\u00fchrt die Tour \u00fcber gut 37 Kilometer und 410 H\u00f6henmeter auf dem Panoramaradweg bis nach Essen-Kettwig. Zur\u00fcck geht es \u00fcber <a href=\"https:\/\/rp-online.de\/thema\/velbert\/\" rel=\"nofollow noopener\" target=\"_blank\">Velbert<\/a>, Flandersbach und Rohdenhaus zum Ausgangspunkt am Zeittunnel. Eine Woche sp\u00e4ter, am Sonntag, 9. August, geht es \u00fcber gut 33 Kilometer und 350 H\u00f6henmeter zun\u00e4chst durch W\u00fclfrath Richtung Mettmann. Von dort nach Obschwarzbach und im Bogen nach <a href=\"https:\/\/rp-online.de\/thema\/heiligenhaus\/\" rel=\"nofollow noopener\" target=\"_blank\">Heiligenhaus<\/a>, von wo die Radelnden \u00fcber den Panoramaradweg wieder zum Ausgangspunkt am Zeittunnel gelangen. Die Touren beginnen jeweils um 11 Uhr am Zeittunnel W\u00fclfrath. Die Teilnahme ist kostenlos.<\/p>\n<p class=\"richtext text-em-55 !leading-serif mx-6 desktop:mx-0\">Allerdings ist eine Anmeldung erforderlich bis jeweils einen Tag vor der Tour bis 18 Uhr. Weitere Informationen und die M\u00f6glichkeit zur Anmeldung sind unter <a href=\"http:\/\/www.mettmann.adfc.de\/\" target=\"_blank\" rel=\"nofollow noopener\">www.mettmann.adfc.de<\/a> zu finden.<\/p>\n","protected":false},"excerpt":{"rendered":"Der Panoramaradweg Niederbergbahn wird 15 Jahre alt. Aus diesem Anlass hat die Stadt W\u00fclfrath in Kooperation mit dem&hellip;\n","protected":false},"author":2,"featured_media":1168984,"comment_status":"","ping_status":"","sticky":false,"template":"","format":"standard","meta":{"footnotes":"","_share_on_mastodon":"0"},"categories":[1840],"tags":[7380,3364,29,1234,44476,233033,35262,71437,30,15946,230040,1209,41093,25788,11290,2884,10227,51395,27167,4418,31021],"class_list":["post-1168983","post","type-post","status-publish","format-standard","has-post-thumbnail","category-wuppertal","tag-adfc","tag-de","tag-deutschland","tag-fahrrad","tag-fahrradclub","tag-fahrradcodierung","tag-fahrraeder","tag-fahrradtouren","tag-germany","tag-mettmann","tag-niederbergbahn","tag-nordrhein-westfalen","tag-panoramaradweg","tag-radtouren","tag-sommerferien","tag-tour","tag-touren","tag-trasse","tag-wuelfrath","tag-wuppertal","tag-zeittunnel"],"share_on_mastodon":{"url":"https:\/\/pubeurope.com\/@de\/116925188280698938","error":""},"_links":{"self":[{"href":"https:\/\/www.europesays.com\/de\/wp-json\/wp\/v2\/posts\/1168983","targetHints":{"allow":["GET"]}}],"collection":[{"href":"https:\/\/www.europesays.com\/de\/wp-json\/wp\/v2\/posts"}],"about":[{"href":"https:\/\/www.europesays.com\/de\/wp-json\/wp\/v2\/types\/post"}],"author":[{"embeddable":true,"href":"https:\/\/www.europesays.com\/de\/wp-json\/wp\/v2\/users\/2"}],"replies":[{"embeddable":true,"href":"https:\/\/www.europesays.com\/de\/wp-json\/wp\/v2\/comments?post=1168983"}],"version-history":[{"count":0,"href":"https:\/\/www.europesays.com\/de\/wp-json\/wp\/v2\/posts\/1168983\/revisions"}],"wp:featuredmedia":[{"embeddable":true,"href":"https:\/\/www.europesays.com\/de\/wp-json\/wp\/v2\/media\/1168984"}],"wp:attachment":[{"href":"https:\/\/www.europesays.com\/de\/wp-json\/wp\/v2\/media?parent=1168983"}],"wp:term":[{"taxonomy":"category","embeddable":true,"href":"https:\/\/www.europesays.com\/de\/wp-json\/wp\/v2\/categories?post=1168983"},{"taxonomy":"post_tag","embeddable":true,"href":"https:\/\/www.europesays.com\/de\/wp-json\/wp\/v2\/tags?post=1168983"}],"curies":[{"name":"wp","href":"https:\/\/api.w.org\/{rel}","templated":true}]}}