{"id":1169034,"date":"2026-07-15T18:03:19","date_gmt":"2026-07-15T18:03:19","guid":{"rendered":"https:\/\/www.europesays.com\/de\/1169034\/"},"modified":"2026-07-15T18:03:19","modified_gmt":"2026-07-15T18:03:19","slug":"kamera-filmt-verdaechtigen-familienvater-erkennt-mann-am-naechsten-tag-wieder","status":"publish","type":"post","link":"https:\/\/www.europesays.com\/de\/1169034\/","title":{"rendered":"Kamera filmt Verd\u00e4chtigen: Familienvater erkennt Mann am n\u00e4chsten Tag wieder"},"content":{"rendered":"<p>Eine Familie aus Dortmund erlebt nachts einen Einbruchversuch. Der T\u00e4ter flieht \u2013 doch am n\u00e4chsten Tag erkennt der Vater ihn wieder.<\/p>\n<p><b>Darum geht\u2018s:<\/b><\/p>\n<ul class=\"wp-block-list\">\n<li>Ein Mann versuchte nachts, in ein Haus einzubrechen.<\/li>\n<li>Die Polizei reagierte schnell, konnte den Verd\u00e4chtigen zun\u00e4chst aber nicht finden.<\/li>\n<li>Am n\u00e4chsten Tag erkannte der Vater den Mann und alarmierte die Polizei.<\/li>\n<\/ul>\n<p>F\u00fcr die Familie war es ein gl\u00fccklicher Zufall, dass sie an diesem Abend noch nicht zu Bett gegangen war. Denn mitten in der Nacht \u2013 um genau 1.05 Uhr \u2013 h\u00f6rten der Vater und die Mutter pl\u00f6tzlich einen Knall. Ein Mann hatte offenbar vor, in ihr Haus einzudringen.<\/p>\n<p>\u201eEr hat versucht, durch die Haust\u00fcr reinzukommen\u201c, berichtet der Familienvater. Er habe eine Scheibe in der Haust\u00fcr eingeschlagen. Das Haus steht an der Stra\u00dfe Am Hagedorn in Asseln. Die Familie m\u00f6chte weder ihren Namen ver\u00f6ffentlichen noch fotografiert werden. Auch das Haus soll nicht gezeigt werden. Zu gro\u00df ist das Gef\u00fchl, nach dieser Nacht erneut zur Zielscheibe zu werden.<\/p>\n<p><a href=\"https:\/\/www.ruhrnachrichten.de\/dortmund-nordost\/einbruchversuch-in-asseln-bewohner-ueberrascht-tatverdaechtigen-im-haus-w1221646-2002147269\/\" rel=\"nofollow noopener\" target=\"_blank\">Nach Angaben von Polizei und Staatsanwaltschaft soll ein 46-j\u00e4hriger Dortmunder in der Nacht zu Sonntag (12. Juli)<\/a> gegen 1.05 Uhr versucht haben, in das Einfamilienhaus einzubrechen. Die Familie schildert den Moment jetzt selbst. Die Mutter war im oberen Bereich des Hauses, der Vater unten. Als die Scheibe klirrte, l\u00f6ste auch die Kamera an der Haust\u00fcr Alarm aus.<\/p>\n<p>Er habe sich sofort auf den Weg zur T\u00fcr gemacht, sagt der Vater. Da habe er das Loch in der Scheibe gesehen. Der mutma\u00dfliche Einbrecher sei zun\u00e4chst weggegangen \u2013 aber nicht verschwunden. Kurz darauf sei er zur\u00fcckgekommen und in den Garten gelaufen.<\/p>\n<p>Das war auch auf den Aufnahmen der \u00dcberwachungskamera zu sehen. Nicht zu sehen war aber, dass er das Grundst\u00fcck wieder verlie\u00df. \u201eDas war der Punkt, warum nicht klar war, ob er noch irgendwo hier im Garten ist oder nicht\u201c, sagt der Familienvater. W\u00e4hrenddessen habe er bereits die Polizei angerufen.<\/p>\n<p><img decoding=\"async\" loading=\"lazy\" src=\"https:\/\/www.europesays.com\/de\/wp-content\/uploads\/2026\/07\/630_0863_1221722_Nachdreher_Einbruchsversuch_in_Asseln630_0900_6530747_.jpg\" alt=\"Die Stra\u00dfe Am Hagedorn zweigt vom Asselner Hellweg ab und m\u00fcndet in die Eschenwaldstra\u00dfe, die Richtung Kurl weiterf\u00fchrt.\"\/>Die Stra\u00dfe Am Hagedorn zweigt vom Asselner Hellweg ab und m\u00fcndet in die Eschenwaldstra\u00dfe, die Richtung Kurl weiterf\u00fchrt.\u00a9 Andreas Schr\u00f6ter<\/p>\n<p>Die Beamten seien sehr schnell vor Ort gewesen. \u201eDrei Minuten drei\u00dfig sp\u00e4ter waren die hier\u201c, berichtet die Familie. Mehrere Einsatzwagen seien gekommen, offenbar wurden Kr\u00e4fte aus der N\u00e4he zusammengezogen. \u201eDie waren super-schnell mit super-viel Personal hier\u201c, sagt der Vater. Daf\u00fcr habe die Familie die Einsatzkr\u00e4fte noch in der Nacht gelobt.<\/p>\n<p>Trotzdem blieb zun\u00e4chst unklar, ob sich der Mann noch auf dem Grundst\u00fcck befand. Die Polizei suchte mit Hunden. Einer der Hunde lief nach Angaben der Familie in Richtung Gr\u00fcningsweg, ein anderer wurde auf dem Grundst\u00fcck eingesetzt. Mit Taschenlampen leuchteten die Beamten den Garten aus. Besonders im Ged\u00e4chtnis geblieben ist der Familie ein Moment am Gartenhaus. Ein Polizist habe gerufen, derjenige solle herauskommen, falls er sich dort verstecke \u2013 sonst werde der Hund hineingeschickt. \u201eDas war wie ein Film\u201c, sagt die Familie r\u00fcckblickend.<\/p>\n<p>Gefunden wurde der Tatverd\u00e4chtige in der Nacht allerdings nicht. Einen Tag sp\u00e4ter nahm der Fall dann eine \u00fcberraschende Wendung. Der Vater wollte am Montag mit dem Auto losfahren, um die Kinder abzuholen. In Asseln sah er einen Mann \u00fcber eine Kreuzung gehen \u2013 und erkannte ihn wieder. Es war nach seiner \u00dcberzeugung derselbe Mann, den die Kamera in der Nacht am Haus aufgenommen hatte \u2013 wie schon in der Nacht zuvor \u00fcbrigens mit nacktem Oberk\u00f6rper. Der Familienvater rief die Polizei.<\/p>\n<p>Die Beamten nahmen den 46-j\u00e4hrigen Deutschen ohne festen Wohnsitz vorl\u00e4ufig fest. Auf Antrag der Staatsanwaltschaft Dortmund erlie\u00df ein Haftrichter Untersuchungshaftbefehl wegen des Verdachts des versuchten Wohnungseinbruchdiebstahls. Der Mann sitzt inzwischen in Untersuchungshaft.<\/p>\n<p>F\u00fcr die Familie ist der Fall damit juristisch vorerst gekl\u00e4rt. Es sei schon einmal jemand im Garten gewesen, aber niemand habe zuvor wirklich versucht, in das Haus einzudringen. Allerdings berichten die Eltern von einem anderen Fall vor einiger Zeit in der N\u00e4he, bei dem eine andere \u00dcberwachungskamera ebenfalls einen Mann aufgenommen habe, der sich verd\u00e4chtig verhalten habe \u2013 m\u00f6glicherweise war es ja derselbe wie in ihrem Fall.<\/p>\n<p>Das Ehepaar will nun sein Haus besser sichern und hat auch bereits eine Sicherheitsberatung der Polizei in Anspruch genommen.<\/p>\n","protected":false},"excerpt":{"rendered":"Eine Familie aus Dortmund erlebt nachts einen Einbruchversuch. Der T\u00e4ter flieht \u2013 doch am n\u00e4chsten Tag erkennt der&hellip;\n","protected":false},"author":2,"featured_media":1169035,"comment_status":"","ping_status":"","sticky":false,"template":"","format":"standard","meta":{"footnotes":"","_share_on_mastodon":"0"},"categories":[1833],"tags":[59148,1950,3364,29,217,30,1209],"class_list":["post-1169034","post","type-post","status-publish","format-standard","has-post-thumbnail","category-dortmund","tag-asseln","tag-blaulicht","tag-de","tag-deutschland","tag-dortmund","tag-germany","tag-nordrhein-westfalen"],"share_on_mastodon":{"url":"https:\/\/pubeurope.com\/@de\/116925315806244265","error":""},"_links":{"self":[{"href":"https:\/\/www.europesays.com\/de\/wp-json\/wp\/v2\/posts\/1169034","targetHints":{"allow":["GET"]}}],"collection":[{"href":"https:\/\/www.europesays.com\/de\/wp-json\/wp\/v2\/posts"}],"about":[{"href":"https:\/\/www.europesays.com\/de\/wp-json\/wp\/v2\/types\/post"}],"author":[{"embeddable":true,"href":"https:\/\/www.europesays.com\/de\/wp-json\/wp\/v2\/users\/2"}],"replies":[{"embeddable":true,"href":"https:\/\/www.europesays.com\/de\/wp-json\/wp\/v2\/comments?post=1169034"}],"version-history":[{"count":0,"href":"https:\/\/www.europesays.com\/de\/wp-json\/wp\/v2\/posts\/1169034\/revisions"}],"wp:featuredmedia":[{"embeddable":true,"href":"https:\/\/www.europesays.com\/de\/wp-json\/wp\/v2\/media\/1169035"}],"wp:attachment":[{"href":"https:\/\/www.europesays.com\/de\/wp-json\/wp\/v2\/media?parent=1169034"}],"wp:term":[{"taxonomy":"category","embeddable":true,"href":"https:\/\/www.europesays.com\/de\/wp-json\/wp\/v2\/categories?post=1169034"},{"taxonomy":"post_tag","embeddable":true,"href":"https:\/\/www.europesays.com\/de\/wp-json\/wp\/v2\/tags?post=1169034"}],"curies":[{"name":"wp","href":"https:\/\/api.w.org\/{rel}","templated":true}]}}