{"id":116905,"date":"2025-05-17T04:52:09","date_gmt":"2025-05-17T04:52:09","guid":{"rendered":"https:\/\/www.europesays.com\/de\/116905\/"},"modified":"2025-05-17T04:52:09","modified_gmt":"2025-05-17T04:52:09","slug":"berlin-verband-hass-und-gewalt-gegen-queere-menschen-nimmt-zu","status":"publish","type":"post","link":"https:\/\/www.europesays.com\/de\/116905\/","title":{"rendered":"Berlin | Verband: Hass und Gewalt gegen queere Menschen nimmt zu"},"content":{"rendered":"<p class=\"bodytext\">Berlin (dpa) &#8211; Lesbische, schwule und queere Menschen in Deutschland sehen sich nach Einsch\u00e4tzung ihres Interessenverbands zunehmend Anfeindungen und \u00dcbergriffen ausgesetzt. \u00abHass, Hetze und Gewalt gegen uns haben einen neuen, traurigen H\u00f6hepunkt erreicht\u00bb, sagte Andre Lehmann vom Verband Queere Vielfalt zum Tag gegen Homophobie. \u00abDie Zahlen queerfeindlicher Hasskriminalit\u00e4t steigen seit Jahren.\u00bb<\/p>\n<p>Dieser Trend setzte sich auch im vergangenen Jahr fort, wie aus Sicherheitskreisen verlautete. Demnach stieg die Zahl der von der Polizei registrierten Straftaten gegen Menschen wegen ihrer sexuellen Orientierung deutlich. Die offizielle Statistik dazu soll noch vorgelegt werden.<\/p>\n<p>Wie viele Straftaten gab es?<\/p>\n<p>2023 wurden laut Bundesinnenministerium bundesweit 1.499 Straftaten gegen Schwule, Lesben, Bisexuelle, Transgender und intersexuelle Menschen registriert. Darunter seien 288 Gewalttaten gewesen. Der Verband Queere Vielfalt geht von einer hohen Dunkelziffer aus, weil \u00abentweder Straftaten nicht korrekt als queerfeindlich motiviert klassifiziert werden oder beispielsweise aus Scham oder Angst erst gar nicht zur Anzeige gebracht werden\u00bb.<\/p>\n<p>\u00abAuf offener Stra\u00dfe nehmen Angriffe auf Einzelpersonen, gleichgeschlechtliche Paare und Orte der queeren Community zu\u00bb, sagte Lehmann der Deutschen Presse-Agentur. Er geh\u00f6rt zum Bundesvorstand des Verbands. \u00abQueerfeindlichkeit ist in unserer Gesellschaft wieder absolut salonf\u00e4hig geworden.\u00bb Der gesellschaftliche Aufschrei bleibe aus.<\/p>\n<p>Kritik am Gesetzgeber<\/p>\n<p>\u00abBis heute sind wir eine gro\u00dfe Verfolgtengruppe des Nationalsozialismus, der in Artikel 3 des Grundgesetzes kein Schutz vor Diskriminierung zugebilligt wird\u00bb, sagte Lehmann. Angesichts der Zunahme gesellschaftlicher Spannungen und der t\u00e4glichen Angriffe auf queere Menschen sei dieser Zustand nicht l\u00e4nger tragbar. Er verwies darauf, dass Demonstrationen rund um den Christopher Street Day immer h\u00e4ufiger von Rechtsau\u00dfen angegriffen w\u00fcrden.<\/p>\n<p>Der internationale Tag gegen Homo-, Bi-, Inter- und Transphobie geht auf den 17. Mai 1990 zur\u00fcck: Damals beschloss die Weltgesundheitsorganisation (WHO), Homosexualit\u00e4t von der Liste psychischer Krankheiten zu streichen.<\/p>\n","protected":false},"excerpt":{"rendered":"Berlin (dpa) &#8211; Lesbische, schwule und queere Menschen in Deutschland sehen sich nach Einsch\u00e4tzung ihres Interessenverbands zunehmend Anfeindungen&hellip;\n","protected":false},"author":2,"featured_media":116906,"comment_status":"","ping_status":"","sticky":false,"template":"","format":"standard","meta":{"footnotes":""},"categories":[1825],"tags":[296,29,30,1724,2279],"class_list":{"0":"post-116905","1":"post","2":"type-post","3":"status-publish","4":"format-standard","5":"has-post-thumbnail","7":"category-berlin","8":"tag-berlin","9":"tag-deutschland","10":"tag-germany","11":"tag-gesellschaft","12":"tag-kriminalitat"},"share_on_mastodon":{"url":"https:\/\/pubeurope.com\/@de\/114521384195521907","error":""},"_links":{"self":[{"href":"https:\/\/www.europesays.com\/de\/wp-json\/wp\/v2\/posts\/116905","targetHints":{"allow":["GET"]}}],"collection":[{"href":"https:\/\/www.europesays.com\/de\/wp-json\/wp\/v2\/posts"}],"about":[{"href":"https:\/\/www.europesays.com\/de\/wp-json\/wp\/v2\/types\/post"}],"author":[{"embeddable":true,"href":"https:\/\/www.europesays.com\/de\/wp-json\/wp\/v2\/users\/2"}],"replies":[{"embeddable":true,"href":"https:\/\/www.europesays.com\/de\/wp-json\/wp\/v2\/comments?post=116905"}],"version-history":[{"count":0,"href":"https:\/\/www.europesays.com\/de\/wp-json\/wp\/v2\/posts\/116905\/revisions"}],"wp:featuredmedia":[{"embeddable":true,"href":"https:\/\/www.europesays.com\/de\/wp-json\/wp\/v2\/media\/116906"}],"wp:attachment":[{"href":"https:\/\/www.europesays.com\/de\/wp-json\/wp\/v2\/media?parent=116905"}],"wp:term":[{"taxonomy":"category","embeddable":true,"href":"https:\/\/www.europesays.com\/de\/wp-json\/wp\/v2\/categories?post=116905"},{"taxonomy":"post_tag","embeddable":true,"href":"https:\/\/www.europesays.com\/de\/wp-json\/wp\/v2\/tags?post=116905"}],"curies":[{"name":"wp","href":"https:\/\/api.w.org\/{rel}","templated":true}]}}