{"id":116907,"date":"2025-05-17T04:53:10","date_gmt":"2025-05-17T04:53:10","guid":{"rendered":"https:\/\/www.europesays.com\/de\/116907\/"},"modified":"2025-05-17T04:53:10","modified_gmt":"2025-05-17T04:53:10","slug":"so-sieht-die-tochter-von-kim-kardashian-nicht-mehr-aus","status":"publish","type":"post","link":"https:\/\/www.europesays.com\/de\/116907\/","title":{"rendered":"So sieht die Tochter von Kim Kardashian nicht mehr aus!"},"content":{"rendered":"<p class=\"text-element u-richtext u-typo u-typo--article-text gallery__text-element text-element--context-gallery\"> Was schon wieder ein neuer Look? Manche Stars wechseln ihre Haarfarben schneller, als man gucken kann und machen aus einer neuen \u00fcberraschenden Frisur schon fast eine kleine Sportart. Kein Statement-Style ist ihnen zu ausgefallen, keine Farbver\u00e4nderung zu verr\u00fcckt. Chapeau! Doch wir geben Promis wie <a class=\"autolinker\" data-target-type=\"article\" href=\"https:\/\/www.vip.de\/vips\/kim-gloss-t4087.html\" rel=\"nofollow noopener\" target=\"_blank\">Kim Gloss<\/a> oder <a class=\"autolinker\" data-target-type=\"article\" href=\"https:\/\/www.vip.de\/vips\/kylie-jenner-t4550.html\" rel=\"nofollow noopener\" target=\"_blank\">Kylie Jenner<\/a> recht: So eine Ver\u00e4nderung kann schlie\u00dflich einen ganz anderen Typ Mensch aus einem machen. Egal ob radikaler Kurzhaarschnitt, F\u00e4rbung oder auch Extensions \u2013 Haare sind wandelbar und das sollte genutzt werden. Wir haben mal die besten Beispiele zusammengetragen.\u00a0<\/p>\n<p>Neue Haarfarbe als Markenzeichen  <\/p>\n<p class=\"text-element u-richtext u-typo u-typo--article-text gallery__text-element text-element--context-gallery\"> Bei manchen Promis ist ein Wandel der eigenen Haarfarbe sogar zum Markenzeichen geworden. Bestes Beispiel daf\u00fcr ist <a class=\"autolinker\" data-target-type=\"article\" href=\"https:\/\/www.vip.de\/vips\/gwen-stefani-t2650.html\" rel=\"nofollow noopener\" target=\"_blank\">Gwen Stefani<\/a>. Die No-Doubt-Frontfrau tr\u00e4gt ihr Haar am liebsten in Hellblond und das seit Jahren \u2013 eine andere Farbe ist auf dem Kopf der S\u00e4ngerin gar nicht vorstellbar. Doch wusstet ihr, dass ihre eigene Haarfarbe eine ganz andere ist? Eigentlich hat die Amerikanerin dunkelbraune Haare, doch erst mit ihrem auff\u00e4lligen Blondschopf wurde die S\u00e4ngerin zum Star. \u00c4hnlich sieht es auch bei 90s-Darling <a class=\"autolinker\" data-target-type=\"article\" href=\"https:\/\/www.vip.de\/vips\/jennifer-aniston-t2907.html\" rel=\"nofollow noopener\" target=\"_blank\">Jennifer Aniston<\/a> aus. Sie lie\u00df sich f\u00fcr ihre Rolle als Rachel Green in &#8222;Friends&#8220; einen neuen und deutlich k\u00fcrzeren Haarschnitt samt Stufen und Str\u00e4hnchen verpassen. Und tadaa, konnte dank dieser weisen Entscheidung ihre Karriere ordentlich pushen. Weltweit st\u00fcrmten nach der ersten Ausstrahlung Fans der Serie in die Salons, um sich den &#8222;Rachel Cut&#8220; zu ordern. Eine ikonische Frisur war geboren.\u00a0<\/p>\n<p>Die beliebteste Haartransformation der Stars: von Braun zu Blond<\/p>\n<p class=\"text-element u-richtext u-typo u-typo--article-text gallery__text-element text-element--context-gallery\"> Braun oder Blond? Die Frage spaltet auch so einige Stars und Sternchen in zwei Lager. Kein Wunder, dass der Wechsel von br\u00fcnetten zu blonden Haaren daher zu den beliebtesten Haartransformationen in der Promiwelt gilt. Ob <a class=\"autolinker\" data-target-type=\"article\" href=\"https:\/\/www.vip.de\/vips\/victoria-beckham-t2796.html\" rel=\"nofollow noopener\" target=\"_blank\">Victoria Beckham<\/a>, <a class=\"autolinker\" data-target-type=\"article\" href=\"https:\/\/www.vip.de\/vips\/irina-shayk-t4916.html\" rel=\"nofollow noopener\" target=\"_blank\">Irina Shayk<\/a> oder Kaia Gerber \u2013 sie alle haben schon das gro\u00dfe Haarexperiment von dunkel auf hell gewagt. Krassestes Beispiel sind und bleiben in dieser Kategorie jedoch sie Kardashian-Schwestern. Sie wechseln nicht nur regelm\u00e4\u00dfig alle Farben zwischen Blond und Braun durch, sondern vollf\u00fchren dieses Kunstwerk auch noch im Turbogang. Ganz vorne auf der Haarfarben-\u00dcberholspur: Kim Kardashian. Sie lie\u00dft sich w\u00e4hrend der Paris Fashionweek 2015 ihren dunkelbraunen Naturton in ein fast wei\u00dfes Platinblond verwandeln \u2013 und behielt das Make-over f\u00fcr gerade mal zwei Tag bei. Gut 48 Stunden sp\u00e4ter lie\u00df sich Kim K ihre Haare n\u00e4mlich schon wieder braun f\u00e4rben.\u00a0<\/p>\n<p>\njho<br \/>\nVIP.de<\/p>\n","protected":false},"excerpt":{"rendered":"Was schon wieder ein neuer Look? Manche Stars wechseln ihre Haarfarben schneller, als man gucken kann und machen&hellip;\n","protected":false},"author":2,"featured_media":116908,"comment_status":"","ping_status":"","sticky":false,"template":"","format":"standard","meta":{"footnotes":""},"categories":[1776],"tags":[1801,29,214,30,1802,215],"class_list":{"0":"post-116907","1":"post","2":"type-post","3":"status-publish","4":"format-standard","5":"has-post-thumbnail","7":"category-prominente","8":"tag-celebrities","9":"tag-deutschland","10":"tag-entertainment","11":"tag-germany","12":"tag-prominente","13":"tag-unterhaltung"},"share_on_mastodon":{"url":"https:\/\/pubeurope.com\/@de\/114521388156149239","error":""},"_links":{"self":[{"href":"https:\/\/www.europesays.com\/de\/wp-json\/wp\/v2\/posts\/116907","targetHints":{"allow":["GET"]}}],"collection":[{"href":"https:\/\/www.europesays.com\/de\/wp-json\/wp\/v2\/posts"}],"about":[{"href":"https:\/\/www.europesays.com\/de\/wp-json\/wp\/v2\/types\/post"}],"author":[{"embeddable":true,"href":"https:\/\/www.europesays.com\/de\/wp-json\/wp\/v2\/users\/2"}],"replies":[{"embeddable":true,"href":"https:\/\/www.europesays.com\/de\/wp-json\/wp\/v2\/comments?post=116907"}],"version-history":[{"count":0,"href":"https:\/\/www.europesays.com\/de\/wp-json\/wp\/v2\/posts\/116907\/revisions"}],"wp:featuredmedia":[{"embeddable":true,"href":"https:\/\/www.europesays.com\/de\/wp-json\/wp\/v2\/media\/116908"}],"wp:attachment":[{"href":"https:\/\/www.europesays.com\/de\/wp-json\/wp\/v2\/media?parent=116907"}],"wp:term":[{"taxonomy":"category","embeddable":true,"href":"https:\/\/www.europesays.com\/de\/wp-json\/wp\/v2\/categories?post=116907"},{"taxonomy":"post_tag","embeddable":true,"href":"https:\/\/www.europesays.com\/de\/wp-json\/wp\/v2\/tags?post=116907"}],"curies":[{"name":"wp","href":"https:\/\/api.w.org\/{rel}","templated":true}]}}