{"id":116914,"date":"2025-05-17T04:57:16","date_gmt":"2025-05-17T04:57:16","guid":{"rendered":"https:\/\/www.europesays.com\/de\/116914\/"},"modified":"2025-05-17T04:57:16","modified_gmt":"2025-05-17T04:57:16","slug":"blog-nachrichten-aus-dem-westen-der-pfalz-15","status":"publish","type":"post","link":"https:\/\/www.europesays.com\/de\/116914\/","title":{"rendered":"Blog: Nachrichten aus dem Westen der Pfalz"},"content":{"rendered":"<p>Was ist gerade los bei uns in der Region um Kaiserslautern, Pirmasens, Zweibr\u00fccken, Kusel und am Donnersberg? Das finden Sie hier in unserem Blog.<\/p>\n<p>17.5.2025,<br \/>\n6:11 Uhr<\/p>\n<p>++ Das Wochenend-Wetter in der Westpfalz++ <\/p>\n<p>Heute wechseln sich Sonne und Wolken ab. Es bleibt dabei meist trocken. Die Temperaturen erreichen 17 Grad rund um den Donnersberg und bis 20 Grad im Pf\u00e4lzerwald. Teilweise ist es dazu windig. <\/p>\n<p>Morgen wird es in der Westpfalz wieder sonnig. Zwischendrin ist es auch immer wieder bew\u00f6lkt. Auch morgen eher kein Regen. \u00c4hnliche Temperaturen und leicht b\u00f6iger Wind.<br \/>Die neue Woche startet mit viel Sonne und es wird wieder etwas w\u00e4rmer. <\/p>\n<p><img src=\"https:\/\/www.europesays.com\/de\/wp-content\/uploads\/2025\/05\/1746766243882,wetterbild-fruehling-in-zweibruecken-100~_v-16x9@2dS_-6be50a9c75559ca1aaf1d0b25bae287a.jpeg\"   class=\"\" data-copyright=\"Foto: SWR\" alt=\"Fr\u00fchling am Schwarzbach in Zweibr\u00fccken\" title=\"Fr\u00fchling am Schwarzbach in Zweibr\u00fccken (Foto: SWR)\" width=\"320\" height=\"180\" decoding=\"async\" loading=\"lazy\"\/><\/p>\n<p>Fr\u00fchling am Schwarzbach in Zweibr\u00fccken<\/p>\n<p><a href=\"https:\/\/www.swr.de\" rel=\"external nofollow noopener\" class=\"link\" tabindex=\"-1\" itemprop=\"url\" target=\"_blank\"><br \/>\nSWR<br \/>\n<\/a><\/p>\n<p>\u00dcber das Wetter berichtete das SWR Studio Kaiserslautern in den SWR4-Regionalnachrichten am 17.5.2025 um 6:30 Uhr.<\/p>\n<p>16.5.2025,<br \/>\n19:00 Uhr<\/p>\n<p>++ Good News der Woche: Barrierefreie Ausflugsziele im Pf\u00e4lzerwald ++<\/p>\n<p>In der S\u00fcdwestpfalz gibt&#8217;s jetzt \u00fcber 90 Ausflugsziele, die barrierefrei zug\u00e4nglich sind \u2013 getestet von Rollstuhlfahrer Michael Schreiner.<\/p>\n<p>16.5.2025,<br \/>\n18:30 Uhr<\/p>\n<p>++ 1. FC Kaiserslautern: Ache-Ausfall droht vor Saisonfinale ++<\/p>\n<p>Der 1. FC Kaiserslautern hat vor dem Spiel beim 1. FC K\u00f6ln noch minimale Chancen auf den Relegationsplatz. Ob Ragnar Ache auflaufen kann, steht noch nicht fest. Mehr dazu hier:<\/p>\n<p>Kaiserslautern<\/p>\n<p><a href=\"https:\/\/www.swr.de\/sport\/fussball\/1-fc-kaiserslautern\/fck-1-fc-koeln-2-bundesliga-vorbericht-100.html\" title=\"Fu\u00dfball | 2. Bundesliga - &quot;Wettlauf mit der Zeit&quot;: FCK bangt vor Saisonfinale um Einsatz von Ragnar Ache\" class=\"teasertracking clickzone link\" role=\"presentation\" tabindex=\"-1\" rel=\"nofollow noopener\" target=\"_blank\"><\/p>\n<p><img src=\"https:\/\/www.europesays.com\/de\/wp-content\/uploads\/2025\/05\/1747400651341,ragnar-ache-162~_v-16x9@2dXS_-b9bac15fe0af001f663131e7814653aed0ad7167.jpg\"   class=\"\" data-copyright=\"Foto: IMAGO, IMAGO \/ Jan Huebner\" alt=\"Ragnar Ache vom FCK\" title=\"Ragnar Ache vom FCK (Foto: IMAGO, IMAGO \/ Jan Huebner)\" width=\"320\" height=\"180\" decoding=\"async\" loading=\"lazy\"\/><\/p>\n<p><\/a><\/p>\n<p><a href=\"https:\/\/www.swr.de\/sport\/fussball\/1-fc-kaiserslautern\/fck-1-fc-koeln-2-bundesliga-vorbericht-100.html\" title=\"Fu\u00dfball | 2. Bundesliga - &quot;Wettlauf mit der Zeit&quot;: FCK bangt vor Saisonfinale um Einsatz von Ragnar Ache\" class=\"teasertracking clickzone link\" rel=\"nofollow noopener\" target=\"_blank\"><\/p>\n<p>Der 1. FC Kaiserslautern hat vor dem Spiel beim 1. FC K\u00f6ln noch minimale Chancen auf den Relegationsplatz. Ob Ragnar Ache auflaufen kann, steht noch nicht fest.\n<\/p>\n<p><\/a><\/p>\n<p class=\"broadcastinfo\">\n<p>Fr.16.5.2025<br \/>\n16:00 Uhr<\/p>\n<p>Der Tag in RLP<\/p>\n<p>SWR1 Rheinland-Pfalz<\/p>\n<p>16.5.2025,<br \/>\n18:14 Uhr<\/p>\n<p>++ Zweibr\u00fccken: Baugrundst\u00fccke in Rimschweiler unbeliebt ++<\/p>\n<p>Viele Familien suchen lange nach einem geeigneten Grundst\u00fcck, um ein Haus zu bauen. Im Zweibr\u00fccker Stadtteil Rimschweiler werden im Moment mehrere Grundst\u00fccke in einem Neubaugebiet verkauft. Doch die will gerade niemand. SWR-Reporterin Jessica Cichy wei\u00df, was dort los ist: <\/p>\n<p>Es sind im Neubaugebiet also noch einige Grundst\u00fccke frei. Was will die Stadt Zweibr\u00fccken jetzt tun, um die verkaufen zu k\u00f6nnen? <\/p>\n<p>16.5.2025,<br \/>\n17:05 Uhr<\/p>\n<p>++ Kurioser Grund: Flucht aus Restaurant in Kaiserslautern ++<\/p>\n<p>Zwei junge M\u00e4nner sorgten am Donnerstagabend in Kaiserslautern f\u00fcr einen ungew\u00f6hnlichen Polizeieinsatz. Nach einem Restaurantbesuch liefen sie einfach davon. Was genau steckte hinter ihrer Aktion?<\/p>\n<p>Kaiserslautern<\/p>\n<p><a href=\"https:\/\/www.swr.de\/swraktuell\/rheinland-pfalz\/kaiserslautern\/kurioser-zechbetrug-kaiserslautern-jugendliche-fluechten-vor-schlechtem-essen-100.html\" title=\"Hat es ihnen nicht geschmeckt? - Flucht vor Polizei in Kaiserslautern: Jugendliche rennen ohne zu bezahlen aus Restaurant\" class=\"teasertracking clickzone link\" role=\"presentation\" tabindex=\"-1\" rel=\"nofollow noopener\" target=\"_blank\"><\/p>\n<p><img src=\"https:\/\/www.europesays.com\/de\/wp-content\/uploads\/2025\/05\/1747401635223,kurioser-zechbetrug-kaiserslautern-jugendliche-fluechten-vor-schlechtem-essen-102~_v-1.jpeg\"   class=\"\" data-copyright=\"Foto: IMAGO, Rolf Poss\" alt=\"Jungendliche fl\u00fcchteten aus einem Restaurant in Kaiserslautern - ohne zu zahlen.\" title=\"Jungendliche fl\u00fcchteten aus einem Restaurant in Kaiserslautern - ohne zu zahlen. (Foto: IMAGO, Rolf Poss)\" width=\"320\" height=\"180\" decoding=\"async\" loading=\"lazy\"\/><\/p>\n<p><\/a><\/p>\n<p><a href=\"https:\/\/www.swr.de\/swraktuell\/rheinland-pfalz\/kaiserslautern\/kurioser-zechbetrug-kaiserslautern-jugendliche-fluechten-vor-schlechtem-essen-100.html\" title=\"Hat es ihnen nicht geschmeckt? - Flucht vor Polizei in Kaiserslautern: Jugendliche rennen ohne zu bezahlen aus Restaurant\" class=\"teasertracking clickzone link\" rel=\"nofollow noopener\" target=\"_blank\"><\/p>\n<p>Zwei junge M\u00e4nner liefen am Donnerstagabend in Kaiserslautern nach einem Restaurantbesuch schnell weg \u2013 daf\u00fcr hatten sie einen ungew\u00f6hnlichen Grund.\n<\/p>\n<p><\/a><\/p>\n<p class=\"broadcastinfo\">\n<p>Fr.16.5.2025<br \/>\n14:00 Uhr<\/p>\n<p>SWR4 am Nachmittag<\/p>\n<p>SWR4<\/p>\n<p>16.5.2025,<br \/>\n16:15 Uhr<\/p>\n<p>++ Schulbus auf A6 in &#8222;extremer Schr\u00e4glage&#8220; gestoppt ++<\/p>\n<p>Ein Reisebus voller Sch\u00fcler fiel am Freitagmorgen auf der A6 in einer gef\u00e4hrlichen Schr\u00e4glage auf. Die Polizei griff ein, aber die Sch\u00fcler waren damit bereits einen Tag lang unterwegs.<\/p>\n<p>Kaiserslautern<\/p>\n<p><a href=\"https:\/\/www.swr.de\/swraktuell\/rheinland-pfalz\/kaiserslautern\/autobahn-a6-bei-kaiserslautern-reisebus-voll-mit-schuelern-in-extermer-schreaglage-unterwegs-100.html\" title=\"Sch\u00fcler rund 24 Stunden damit unterwegs - Klassenfahrt: Polizei Kaiserslautern stoppt Bus in &quot;extremer Schr\u00e4glage&quot; auf der A6\" class=\"teasertracking clickzone link\" role=\"presentation\" tabindex=\"-1\" rel=\"nofollow noopener\" target=\"_blank\"><\/p>\n<p><img src=\"https:\/\/www.europesays.com\/de\/wp-content\/uploads\/2025\/05\/1747404428423,schraege-klassenfahrt-100~_v-16x9@2dXS_-b9bac15fe0af001f663131e7814653aed0ad7167.jpg\"   class=\"\" data-copyright=\"Foto: SWR\" alt=\"Der Bus in Schieflage von der Polizei gestoppt\" title=\"Der Bus in Schieflage von der Polizei gestoppt (Foto: SWR)\" width=\"320\" height=\"180\" decoding=\"async\" loading=\"lazy\"\/><\/p>\n<p><\/a><\/p>\n<p><a href=\"https:\/\/www.swr.de\/swraktuell\/rheinland-pfalz\/kaiserslautern\/autobahn-a6-bei-kaiserslautern-reisebus-voll-mit-schuelern-in-extermer-schreaglage-unterwegs-100.html\" title=\"Sch\u00fcler rund 24 Stunden damit unterwegs - Klassenfahrt: Polizei Kaiserslautern stoppt Bus in &quot;extremer Schr\u00e4glage&quot; auf der A6\" class=\"teasertracking clickzone link\" rel=\"nofollow noopener\" target=\"_blank\"><\/p>\n<p>Ein Reisebus voller Sch\u00fcler fiel am Freitagmorgen auf der A6 in einer gef\u00e4hrlichen Schr\u00e4glage auf. Die Polizei griff ein.\n<\/p>\n<p><\/a><\/p>\n<p class=\"broadcastinfo\">\n<p>Fr.16.5.2025<br \/>\n14:00 Uhr<\/p>\n<p>SWR4 am Nachmittag<\/p>\n<p>SWR4<\/p>\n<p>16.5.2025,<br \/>\n15:30 Uhr<\/p>\n<p>++ Waldbrand bei Burg Berwartstein: Polizei ermittel ++<\/p>\n<p>Bei der Burg Berwartstein bei Dahn hat es vergangene Nacht gebrannt. Nach Angaben der Polizei konnte der Waldbrand schnell ausfindig gemacht und gel\u00f6scht werden. Bei dem Feuer sei nur eine kleine Waldfl\u00e4che abgebrannt. Wie es zu dem Feuer kam, ist derzeit unklar. Die Kriminalpolizei hat die Ermittlungen aufgenommen und bittet Zeugen, die etwas beobachtet haben, sich zu melden. <\/p>\n<p>\u00dcber dieses Thema berichtete das SWR Studio Kaiserslautern in den SWR4-Regionalnachrichten am 16.05.2025 um 15:30 Uhr.<\/p>\n<p>16.5.2025,<br \/>\n14:48 Uhr<\/p>\n<p>++ Gendermedizin &#8211; wie sie einer Schwerkranken in Eisenberg hilft ++<\/p>\n<p>Bei einem Herzinfarkt sp\u00fcren M\u00e4nner einen Schmerz in der Brust, der zum linken Arm hin ausstrahlt \u2013 Frauen hingegen haben starke R\u00fccken- oder Kieferschmerzen, \u00dcbelkeit und Brechreiz.\u00a0Bei Ute Jurna aus Eisenberg wurden bei einem Herzinfarkt die Symptome deshalb falsch gedeutet. Warum es wichtig ist, dass Frauen in der Medizin mitgedacht werden, erfahren Sie hier:<\/p>\n<p>16.5.2025,<br \/>\n14:00 Uhr<\/p>\n<p>++ Pirmasens: Krankenhaus setzt auf Notfallbetrieb am 17. Mai ++<\/p>\n<p>Im Krankenhaus in Pirmasens wird morgen f\u00fcr mehrere Stunden der Strom abgestellt. Dort muss die Hauptstromversorgung gewartet werden. SWR-Reporter J\u00fcrgen Rademacher wei\u00df, was das f\u00fcr die Patienten bedeutet:<\/p>\n<p>\u00dcber dieses Thema berichtete das SWR Studio Kaiserslautern in den SWR4-Regionalnachrichten am 16.05.2025 um 13:30 Uhr.<\/p>\n<p>16.5.2025,<br \/>\n13:27 Uhr<\/p>\n<p>++ 3.800 Teilnehmer bei Lautrer Kehrwoche ++<\/p>\n<p>Rund 3.800 Teilnehmerinnen und Teilnehmer haben sich an der &#8222;Lautrer Kehrwoche&#8220; beteiligt. Mit einer so hohen Beteiligung hatte die Stadt nicht gerechnet. Eine Woche lang haben Vereine, Kinderg\u00e4rten, Schulklassen und auch Nachbarschaftsgruppen M\u00fcll auf \u00f6ffentlichen Pl\u00e4tzen gesammelt. Ziel der Kehrwoche war es, Spielpl\u00e4tze, Gehwege oder auch Gr\u00fcnanlagen von M\u00fcll und Dreck zu befreien. Die Stadtbildpflege Kaiserslautern hatte M\u00fclls\u00e4cke, Handschuhe und Greifzangen zur Verf\u00fcgung gestellt. Die Stadt bedankt sich bei den Kitas und Schulen f\u00fcr ihre Hilfe jeweils mit einer Urkunde und einem Geldpreis. <\/p>\n<p>\u00dcber dieses Thema berichtete das SWR Studio Kaiserslautern in den SWR4-Regionalnachrichten am 16.05.2025 um 12:30 Uhr.<\/p>\n<p>16.5.2025,<br \/>\n12:49 Uhr<\/p>\n<p>++ Landesschau: So lebt es sich in Lambsborn ++<\/p>\n<p>Die rund 700 Einwohner nennen sich \u201eKuckucke\u201c. Es gibt ein S\u00e4gewerk, eine beliebte Gastst\u00e4tte, einen Hofladen mit vielen Kartoffelsorten und einen Sportplatz. Mehr dazu hier:<\/p>\n<p>16.5.2025,<br \/>\n12:08 Uhr<\/p>\n<p>++ Krankheitsbegleiter bei Multiple Sklerose in Kibo ausgezeichnet ++<\/p>\n<p>Seit fast 50 Jahren lebt Beate Linkmann mit MS. Seit der Diagnose unterst\u00fctzt sie ihr Mann, auch bei der Gr\u00fcndung und Leitung einer Selbsthilfegruppe in Kirchheimbolanden. F\u00fcr sein Engagement wurde Reinhold jetzt ausgezeichnet:<\/p>\n<p>16.5.2025,<br \/>\n11:17 Uhr<\/p>\n<p>++ Diese Regeln gelten in Freib\u00e4dern in RLP ++<\/p>\n<p>Die ersten Freib\u00e4der in Rheinland-Pfalz sind offen, bald folgt der Rest. Dann darf wieder nach Herzenslust geplantscht werden. Einige Regeln gilt es dabei zu beachten. Welche das sind, lesen Sie hier: <\/p>\n<p><a href=\"https:\/\/www.swr.de\/swraktuell\/rheinland-pfalz\/regeln-schwimmbaeder-rlp-freibadsaison-rauchen-fotos-machen-verboten-100.html\" title=\"Fast alle Freib\u00e4der offen - Shisha rauchen, Fotografieren und N\u00e4gel lackieren verboten: Diese Regeln gelten in Freib\u00e4dern in RLP\" class=\"teasertracking clickzone link\" role=\"presentation\" tabindex=\"-1\" rel=\"nofollow noopener\" target=\"_blank\"><\/p>\n<p><img src=\"https:\/\/www.europesays.com\/de\/wp-content\/uploads\/2025\/05\/1747390844587,baderegeln-freibaeder-rlp-100~_v-16x9@2dXS_-b9bac15fe0af001f663131e7814653aed0ad7167.j.jpeg\"   class=\"\" data-copyright=\"Foto: picture-alliance \/ Reportdienste, Silas Stein\" alt=\"Becken im Freibad. Im Vordergrund eine Hand, die einen Flyer mit der Aufschrift &quot;Baderegeln&quot; h\u00e4lt. Darin steht, was erlaubt und was verboten ist.\" title=\"Becken im Freibad. Im Vordergrund eine Hand, die einen Flyer mit der Aufschrift &quot;Baderegeln&quot; h\u00e4lt. Darin steht, was erlaubt und was verboten ist. (Foto: picture-alliance \/ Reportdienste, Silas Stein)\" width=\"320\" height=\"180\" decoding=\"async\" loading=\"lazy\"\/><\/p>\n<p><\/a><\/p>\n<p><a href=\"https:\/\/www.swr.de\/swraktuell\/rheinland-pfalz\/regeln-schwimmbaeder-rlp-freibadsaison-rauchen-fotos-machen-verboten-100.html\" title=\"Fast alle Freib\u00e4der offen - Shisha rauchen, Fotografieren und N\u00e4gel lackieren verboten: Diese Regeln gelten in Freib\u00e4dern in RLP\" class=\"teasertracking clickzone link\" rel=\"nofollow noopener\" target=\"_blank\"><\/p>\n<p>Die ersten Freib\u00e4der in Rheinland-Pfalz sind ge\u00f6fnet, bald folgt der Rest. Dann darf wieder nach Herzenslust geplantscht werden. Einige Regeln gilt es dabei zu beachten.\n<\/p>\n<p><\/a><\/p>\n<p>16.5.2025,<br \/>\n10:57 Uhr<\/p>\n<p>++ Haushalt der Stadt Kaiserslautern genehmigt ++<\/p>\n<p>Die Stadt Kaiserslautern darf wieder Geld ausgeben. Bisher war der Haushalt n\u00e4mlich noch nicht genehmigt, weil zu viele Schulden vorgesehen waren. Die Stadt hat unter anderem Geld eingespart und deshalb hat die Aufsichtsbeh\u00f6rde ADD jetzt das Go f\u00fcr den Haushalt gegeben. Damit kann die Stadt zum Beispiel auch Vereine wieder finanziell unterst\u00fctzen. Ist ein Haushalt nicht genehmigt, darf eine Kommune nur Sachen zahlen, die dringend notwendig sind. <\/p>\n<p>\u00dcber dieses Thema berichtete das SWR Studio Kaiserslautern in den SWR4-Regionalnachrichten am 16.05.2025 um 10:30 Uhr.<\/p>\n<p>16.5.2025,<br \/>\n10:11 Uhr<\/p>\n<p>++ Ausstellung &#8222;Laut(r)er Leute&#8220; startet ++<\/p>\n<p>&#8222;Laut(r)er Leute&#8220; &#8211; so hei\u00dft eine Ausstellung mit Fotos, die ab heute in Kaiserslautern zu sehen ist. Gemacht haben die Fotos die Mitglieder einer AG der Uni Kaiserslautern. Sie zeigen Menschen, die nach Meinung der Foto-AG daf\u00fcr sorgen, dass Kaiserslautern funktioniert. Zu sehen sind zum Beispiel Portraits einer Postbotin, einer Blumenh\u00e4ndlerin oder eines M\u00f6belverk\u00e4ufers. Die Ausstellung beginnt heute um 18 Uhr im Fris\u00f6rsalon Christine Wolf in Kaiserslautern, sie l\u00e4uft dann bis zum 12. Juni. <\/p>\n<p>\u00dcber dieses Thema berichtete das SWR Studio Kaiserslautern in den SWR4-Regionalnachrichten am 16.05.2025 um 9:30 Uhr.<\/p>\n<p>16.5.2025,<br \/>\n9:58 Uhr<\/p>\n<p>++ Ausbau der B10: BUND-Chef fordert Baustopp ++<\/p>\n<p>Sch\u00e4dlich f\u00fcr den Pf\u00e4lzerwald und nicht n\u00f6tig &#8211; so beschreibt die Umweltschutzorganisation BUND den vierspurigen Ausbau der B10 in der S\u00fcdwestpfalz. Im Moment wird an der B10 zwischen Hinterweidenthal und Hauenstein ein Rastplatz gebaut. Die Baustelle hat sich der BUND-Bundesvorsitzende Olaf Brandt angeschaut und gleichzeitig einen Baustopp gefordert. Denn er macht sich f\u00fcr eine andere L\u00f6sung stark. <\/p>\n<p>Bef\u00fcrworter wollen die B10 komplett vierspurig ausbauen, weil sie darin eine Chance f\u00fcr die Wirtschaft sehen. Die Region k\u00f6nne so f\u00fcr Unternehmen attraktiver werden und es gebe eine bessere Anbindung f\u00fcr Pendler aus Zweibr\u00fccken, Pirmasens und der S\u00fcdwestpfalz nach Mannheim beziehungsweise Karlsruhe.<\/p>\n<p>\u00dcber dieses Thema berichtete das SWR Studio Kaiserslautern in den SWR4-Regionalnachrichten am 16.05.2025 um 9:30 Uhr.<\/p>\n<p>16.5.2025,<br \/>\n8:12 Uhr<\/p>\n<p>++ Gartenschau hat kein Reh-Problem mehr ++<\/p>\n<p>Die Gartenschau in Kaiserslautern hat gerade kein Problem mehr mit Rehen. Das sah Anfang April bei der Er\u00f6ffnung noch anders aus. Mehrere Rehe hatten alle Tulpen auf der Gartenschau gefressen. Das Team von Parkleiterin Christine Schweigert hatte damals die Idee, den Zaun um das Gel\u00e4nde zu erh\u00f6hen.<\/p>\n<p>Christine Schweigert rechnet damit, dass es zur Er\u00f6ffnung im kommenden Jahr wieder ein Reh-Problem geben k\u00f6nnte. Normalerweise plant sie 20.000 Tulpen ein. Im kommenden Jahr sollen es zwei Drittel weniger Tulpen sein &#8211; daf\u00fcr aber mehr andere Fr\u00fchjahrsbl\u00fcher werden. <\/p>\n<p>\u00dcber dieses Thema berichtete das SWR Studio Kaiserslautern in den SWR4-Regionalnachrichten am 16.05.2025 um 7:30 Uhr.<\/p>\n<p>16.5.2025,<br \/>\n7:53 Uhr<\/p>\n<p>++ Sucht-Kranke in Kaiserslautern leiden unter Wohnungsnot ++<\/p>\n<p>Seit 60 Jahren hilft die Diakonie Kaiserslautern Menschen, die alkohol-, spiel- oder onlines\u00fcchtig sind. Ein Suchtberater erkl\u00e4rt, was S\u00fcchtigen hilft und was ihre Situation versch\u00e4rft: <\/p>\n<p>Kaiserslautern<\/p>\n<p><a href=\"https:\/\/www.swr.de\/swraktuell\/rheinland-pfalz\/kaiserslautern\/sucht-beratung-diakonie-wohnungsnot-kaiserslautern-102.html\" title=\"60 Jahre Beratungsstelle - Sucht-Kranke in Kaiserslautern leiden unter Wohnungsnot\" class=\"teasertracking clickzone link\" role=\"presentation\" tabindex=\"-1\" rel=\"nofollow noopener\" target=\"_blank\"><\/p>\n<p><img src=\"https:\/\/www.europesays.com\/de\/wp-content\/uploads\/2025\/05\/1747374741154,sucht-beratung-diakonie-wohnungsnot-kaiserslautern-100~_v-16x9@2dXS_-b9bac15fe0af001f6.jpeg\"   class=\"\" data-copyright=\"Foto: IMAGO, IMAGO \/ Zoonar\" alt=\"Frau liegt mit dem Kopf auf einem Tisch, vor ihr ein Weinglas. Die Suchtberatungsstelle der Diakonie in Kaiserslautern wird 60 Jahre alt.\" title=\"Frau liegt mit dem Kopf auf einem Tisch, vor ihr ein Weinglas. Die Suchtberatungsstelle der Diakonie in Kaiserslautern wird 60 Jahre alt. (Foto: IMAGO, IMAGO \/ Zoonar)\" width=\"320\" height=\"180\" decoding=\"async\" loading=\"lazy\"\/><\/p>\n<p><\/a><\/p>\n<p><a href=\"https:\/\/www.swr.de\/swraktuell\/rheinland-pfalz\/kaiserslautern\/sucht-beratung-diakonie-wohnungsnot-kaiserslautern-102.html\" title=\"60 Jahre Beratungsstelle - Sucht-Kranke in Kaiserslautern leiden unter Wohnungsnot\" class=\"teasertracking clickzone link\" rel=\"nofollow noopener\" target=\"_blank\"><\/p>\n<p>Seit 60 Jahren hilft die Diakonie Kaiserslautern Menschen, die alkohol-, spiel- oder onlines\u00fcchtig sind. Ein Berater erkl\u00e4rt, was S\u00fcchtigen hilft und was ihre Situation versch\u00e4rft.\n<\/p>\n<p><\/a><\/p>\n<p class=\"broadcastinfo\">\n<p>Fr.16.5.2025<br \/>\n6:00 Uhr<\/p>\n<p>SWR4 RP am Morgen<\/p>\n<p>SWR4 Rheinland-Pfalz<\/p>\n<p>16.5.2025,<br \/>\n7:06 Uhr<\/p>\n<p>++ Das Wetter: Erst Sonne, dann Wolken in der Westpfalz ++<\/p>\n<p>Heute scheint nach frischen Fr\u00fchstunden zun\u00e4chst die Sonne. Sp\u00e4ter tauchen auch mal dichtere Wolken auf. Die Temperaturen erreichen maximal 18 Grad rund um den Eschkopf und bis 21 Grad in Kusel und Altenglan. In B\u00f6en weht frischer und b\u00f6iger Nordwind. In der Nacht ist es wolkig, meist bleibt es trocken. Die Tiefstwerte liegen bei 10 bis 6 Grad. <\/p>\n<p><img src=\"https:\/\/www.europesays.com\/de\/wp-content\/uploads\/2025\/05\/1747371997782,wetterbildkl-blauer-himmel-ueber-der-burgruine-wegelnburg-im-dahner-felsenland-im-krei.jpeg\"   class=\"\" data-copyright=\"Foto: SWR\" alt=\"Die Burgruine Wegelnburg im Dahner Felsenland.\" title=\"Die Burgruine Wegelnburg im Dahner Felsenland. (Foto: SWR)\" width=\"320\" height=\"180\" decoding=\"async\" loading=\"lazy\"\/><\/p>\n<p>Die Burgruine Wegelnburg im Dahner Felsenland.<\/p>\n<p><a href=\"https:\/\/www.swr.de\" rel=\"external nofollow noopener\" class=\"link\" tabindex=\"-1\" itemprop=\"url\" target=\"_blank\"><br \/>\nSWR<br \/>\n<\/a><\/p>\n<p>\u00dcber das Wetter berichtete das SWR Studio Kaiserslautern in den SWR4-Regionalnachrichten am 16.05.2025 um 6:30 Uhr.<\/p>\n<p>16.5.2025,<br \/>\n6:56 Uhr<\/p>\n<p>++ Drei Menschen bei Unfall auf A63 verletzt ++<\/p>\n<p>Bis in die Nacht hinein war die A63 bei G\u00f6llheim in Richtung Mainz gesperrt. Bei einem Unfall wurden drei Menschen verletzt. Die Polizei sucht Zeugen. Mehr dazu lesen Sie hier: <\/p>\n<p>G\u00f6llheim<\/p>\n<p><a href=\"https:\/\/www.swr.de\/swraktuell\/rheinland-pfalz\/kaiserslautern\/drei-menschen-verletzt-a63-bei-goellheim-stundenlang-gesperrt-100.html\" title=\"Polizei hofft auf Hinweise - Drei Menschen verletzt: A63 bei G\u00f6llheim nach Unfall stundenlang gesperrt\" class=\"teasertracking clickzone link\" role=\"presentation\" tabindex=\"-1\" rel=\"nofollow noopener\" target=\"_blank\"><\/p>\n<p><img src=\"https:\/\/www.europesays.com\/de\/wp-content\/uploads\/2025\/05\/1747370748956,bei-einem-unfall-auf-der-a63-wurden-drei-menschen-verletzt-100~_v-16x9@2dXS_-b9bac15fe.jpeg\"   class=\"\" data-copyright=\"Foto: Helmut Dell\" alt=\"Bei einem Unfall auf der A63 im Donnersbergkreis wurden drei Menschen verletzt. Die Autos wurden dabei strak besch\u00e4digt. \" title=\"Bei einem Unfall auf der A63 im Donnersbergkreis wurden drei Menschen verletzt. Die Autos wurden dabei strak besch\u00e4digt.  (Foto: Helmut Dell)\" width=\"320\" height=\"180\" decoding=\"async\" loading=\"lazy\"\/><\/p>\n<p><\/a><\/p>\n<p><a href=\"https:\/\/www.swr.de\/swraktuell\/rheinland-pfalz\/kaiserslautern\/drei-menschen-verletzt-a63-bei-goellheim-stundenlang-gesperrt-100.html\" title=\"Polizei hofft auf Hinweise - Drei Menschen verletzt: A63 bei G\u00f6llheim nach Unfall stundenlang gesperrt\" class=\"teasertracking clickzone link\" rel=\"nofollow noopener\" target=\"_blank\"><\/p>\n<p>Bis in die Nacht hinein war die A63 bei G\u00f6llheim in Richtung Mainz gesperrt. Bei einem Unfall wurden drei Menschen verletzt.\n<\/p>\n<p><\/a><\/p>\n<p class=\"broadcastinfo\">\n<p>Fr.16.5.2025<br \/>\n6:00 Uhr<\/p>\n<p>SWR4 RP am Morgen<\/p>\n<p>SWR4 Rheinland-Pfalz<\/p>\n<p>16.5.2025,<br \/>\n6:37 Uhr<\/p>\n<p>++ Hybridladen geht im Donnersbergkreis an den Start ++<\/p>\n<p>In H\u00f6ringen im Donnersbergkreis startet heute ein sogenannter hybrider Dorfladen &#8211; und das mit einem besonderen Konzept: Bis zum Mittag k\u00fcmmern sich Mitarbeitende um den Verkauf, danach \u00fcbernehmen die Kunden selbst. Bezahlt wird an einer Selbstbedienungskasse mit der EC-Karte &#8211; mit der man \u00fcbrigens auch Zugang zum Laden bekommt. Das Ganze ist Teil eines landesweiten Projekts und wird vom Innenministerium gef\u00f6rdert. <\/p>\n<p>\u00dcber dieses Thema berichtete das SWR Studio Kaiserslautern in den SWR4-Regionalnachrichten am 16.05.2025 um 6:30 Uhr.<\/p>\n<p>15.5.2025,<br \/>\n18:27 Uhr<\/p>\n<p>++ Meinung: In Kaiserslautern gibt es gerade einen Fall f\u00fcr Mary Poppins! ++<\/p>\n<p>Kaiserslautern braucht ein kleines Wunder oder gleich Mary Poppins\u2019 Zaubertasche, um all die Autos unterzubringen, die ab Montag nicht mehr im DB-Parkhaus stehen k\u00f6nnen. Das meint unsere Regio-Reporterin Alexandra Dietz. Warum, das lesen Sie hier:<\/p>\n<p>Kaiserslautern<\/p>\n<p><a href=\"https:\/\/www.swr.de\/swraktuell\/rheinland-pfalz\/kaiserslautern\/kommentar-drohendes-parkchaos-am-hauptbahnhof-kaiserslautern-bei-pendlern-fuer-unmut-100.html\" title=\"Park-Chaos vorprogrammiert? - Meinung: Parken am Hbf in Kaiserslautern - ein Fall f\u00fcr Mary Poppins!\" class=\"teasertracking clickzone link\" role=\"presentation\" tabindex=\"-1\" rel=\"nofollow noopener\" target=\"_blank\"><\/p>\n<p><img src=\"https:\/\/www.europesays.com\/de\/wp-content\/uploads\/2025\/05\/1747282337030,ab-kommendem-montag-ist-das-db-parkhaus-in-kaiserslautern-bis-august-fuer-sanierungsar.jpeg\"   class=\"\" data-copyright=\"Foto: SWR\" alt=\"Ein Tages-Park-Gutschein soll die Bahn-Kunden in Kaiserslautern milde stimmen. Eine Bahnsprecherin bittet um Verst\u00e4ndnis f\u00fcr die Sanierungsma\u00dfnahmen. \" title=\"Ein Tages-Park-Gutschein soll die Bahn-Kunden in Kaiserslautern milde stimmen. Eine Bahnsprecherin bittet um Verst\u00e4ndnis f\u00fcr die Sanierungsma\u00dfnahmen.  (Foto: SWR)\" width=\"320\" height=\"180\" decoding=\"async\" loading=\"lazy\"\/><\/p>\n<p><\/a><\/p>\n<p><a href=\"https:\/\/www.swr.de\/swraktuell\/rheinland-pfalz\/kaiserslautern\/kommentar-drohendes-parkchaos-am-hauptbahnhof-kaiserslautern-bei-pendlern-fuer-unmut-100.html\" title=\"Park-Chaos vorprogrammiert? - Meinung: Parken am Hbf in Kaiserslautern - ein Fall f\u00fcr Mary Poppins!\" class=\"teasertracking clickzone link\" rel=\"nofollow noopener\" target=\"_blank\"><\/p>\n<p>Lautern braucht ein L\u00f6ffelchen voll Wunder oder gleich Mary Poppins Zaubertasche, um alle Autos unterzukriegen, die ab Montag nicht mehr im DB-Parkhaus am Bahnhof parken k\u00f6nnen.\n<\/p>\n<p><\/a><\/p>\n<p class=\"broadcastinfo\">\n<p>Do.15.5.2025<br \/>\n6:00 Uhr<\/p>\n<p>SWR4 RP am Morgen<\/p>\n<p>SWR4 Rheinland-Pfalz<\/p>\n<p>15.5.2025,<br \/>\n18:00 Uhr<\/p>\n<p>++ Kaiserslautern: Erste Landesgartenschau wird 25 Jahre alt ++<\/p>\n<p>Die Gartenschau in Kaiserslautern feiert in diesem Jahr ihren 25. Geburtstag. Im April 2000 hatte sie Premiere gefeiert &#8211; als erste Landesgartenschau in Rheinland-Pfalz. Die Leiterin der Gartenschau, Christine Schweigert, ist auch schon sehr lange dabei. Sie ist unter anderem f\u00fcr die vielen Beet-Ideen verantwortlich:<\/p>\n<p>Im Moment k\u00fcmmert sich Christine Schweigert darum, dass die Fr\u00fchlingspflanzen durch Sommerpflanzen ausgetauscht werden. Was in 25 Jahren Gartenschau Kaiserslautern so alles passiert ist, lesen und sehen Sie au\u00dferdem hier: <\/p>\n<p>Kaiserslautern<\/p>\n<p><a href=\"https:\/\/www.swr.de\/swraktuell\/rheinland-pfalz\/kaiserslautern\/kaiserslautern-25-jahre-landesgartenschau-100.html\" title=\"Ein pers\u00f6nlicher R\u00fcckblick - 25-j\u00e4hriges Jubil\u00e4um der Landesgartenschau in Kaiserslautern\" class=\"teasertracking clickzone link\" role=\"presentation\" tabindex=\"-1\" rel=\"nofollow noopener\" target=\"_blank\"><\/p>\n<p><img src=\"https:\/\/www.europesays.com\/de\/wp-content\/uploads\/2025\/05\/1743321931530,kaiserslautern-25-jahre-landesgartenschau-106~_v-16x9@2dXS_-b9bac15fe0af001f663131e781.jpeg\"   class=\"\" data-copyright=\"Foto: privat\" alt=\"Plakat zur Landesgartenschau in Kaiserslautern\" title=\"Plakat zur Landesgartenschau in Kaiserslautern (Foto: privat)\" width=\"320\" height=\"180\" decoding=\"async\" loading=\"lazy\"\/><\/p>\n<p><\/a><\/p>\n<p><a href=\"https:\/\/www.swr.de\/swraktuell\/rheinland-pfalz\/kaiserslautern\/kaiserslautern-25-jahre-landesgartenschau-100.html\" title=\"Ein pers\u00f6nlicher R\u00fcckblick - 25-j\u00e4hriges Jubil\u00e4um der Landesgartenschau in Kaiserslautern\" class=\"teasertracking clickzone link\" rel=\"nofollow noopener\" target=\"_blank\"><\/p>\n<p>Vor 25 Jahren wurde in Kaiserslautern die erste Landesgartenschau in Rheinland-Pfalz er\u00f6ffnet. SWR-Reporter J\u00fcrgen Rademacher war damals dabei &#8211; hier sind seine Erinnerungen.\n<\/p>\n<p><\/a><\/p>\n<p>\u00dcber dieses Thema berichtete das SWR Studio Kaiserslautern in den SWR4-Regionalnachrichten am 15.05.2025 um 17:30 Uhr.<\/p>\n<p>15.5.2025,<br \/>\n17:00 Uhr<\/p>\n<p>++ Kita-Kinder in Kaiserslautern: Drei Wochen ohne Auto unterwegs ++<\/p>\n<p>In Kaiserslautern startet heute die Aktion \u201eLautrer Kinderwege\u201c. Drei Wochen lang sollen Kindergartenkinder ihren Weg zur Kita gemeinsam mit ihren Eltern ohne Auto zur\u00fccklegen. SWR-Reporter Johannes Zin\u00dfmeister wei\u00df, warum sie das machen:<\/p>\n<p>\u00dcber dieses Thema berichtete das SWR Studio Kaiserslautern in den SWR4-Regionalnachrichten am 15.05.2025 um 16:30 Uhr.<\/p>\n<p>15.5.2025,<br \/>\n16:14 Uhr<\/p>\n<p>++ Kaiserslautern: Umleitungen und Sperrungen von Mai bis August ++<\/p>\n<p>In Kaiserslautern werden in den kommenden Monaten mehrere Stra\u00dfen saniert. Insgesamt hat die Stadt vier verschiedene Ma\u00dfnahmen zwischen Ende Mai und Mitte August geplant. Nach Angaben des st\u00e4dtischen Tiefbauamtes m\u00fcssen Autofahrer daher Geduld mitbringen. SWR-Reporterin Sina Weber mit den Details:<\/p>\n<p>Umleitungen werden bei allen Stra\u00dfensperrungen ausgeschildert, trotzdem erwartet die Stadt Staus. Eine \u00dcbersicht \u00fcber die betroffenen Stra\u00dfen, haben wir hier erstellt:<\/p>\n<p>Kaiserslautern<\/p>\n<p><a href=\"https:\/\/www.swr.de\/swraktuell\/rheinland-pfalz\/kaiserslautern\/strassen-in-kaiserslautern-werden-ueber-den-sommer-saniert-stau-100.html\" title=\"Verkehrssicherheit in Gefahr - Stra\u00dfen in Kaiserslautern werden saniert - Staugefahr\" class=\"teasertracking clickzone link\" role=\"presentation\" tabindex=\"-1\" rel=\"nofollow noopener\" target=\"_blank\"><\/p>\n<p><img src=\"https:\/\/www.europesays.com\/de\/wp-content\/uploads\/2025\/05\/1747323229529,baustellen-in-kaiserslautern-stau-im-sommer-100~_v-16x9@2dXS_-b9bac15fe0af001f663131e7.jpeg\"   class=\"\" data-copyright=\"Foto: picture-alliance \/ Reportdienste, picture alliance \/ Maximilian Koch | Maximilian Koch\" alt=\"In Kaiserslautern werden \u00fcber den Sommer mehrere Stra\u00dfen saniert\" title=\"In Kaiserslautern werden \u00fcber den Sommer mehrere Stra\u00dfen saniert (Foto: picture-alliance \/ Reportdienste, picture alliance \/ Maximilian Koch | Maximilian Koch)\" width=\"320\" height=\"180\" decoding=\"async\" loading=\"lazy\"\/><\/p>\n<p><\/a><\/p>\n<p><a href=\"https:\/\/www.swr.de\/swraktuell\/rheinland-pfalz\/kaiserslautern\/strassen-in-kaiserslautern-werden-ueber-den-sommer-saniert-stau-100.html\" title=\"Verkehrssicherheit in Gefahr - Stra\u00dfen in Kaiserslautern werden saniert - Staugefahr\" class=\"teasertracking clickzone link\" rel=\"nofollow noopener\" target=\"_blank\"><\/p>\n<p>Mit einem Spezialfahrzeug hat die Stadt Kaiserslautern den Zustand der Stra\u00dfen erhoben. Das Ergebnis: Viele Stra\u00dfen sind marode. Jetzt werden die ersten saniert.\n<\/p>\n<p><\/a><\/p>\n<p class=\"broadcastinfo\">\n<p>Do.15.5.2025<br \/>\n14:00 Uhr<\/p>\n<p>SWR4 am Nachmittag<\/p>\n<p>SWR4<\/p>\n<p>\u00dcber dieses Thema berichtete das SWR Studio Kaiserslautern in den SWR4-Regionalnachrichten am 15.05.2025 um 15:30 Uhr.<\/p>\n<p>15.5.2025,<br \/>\n15:41 Uhr<\/p>\n<p>++ Protest in Kaiserslautern: Stopp von Waffenlieferungen gefordert ++<\/p>\n<p>Der Arbeitskreis Pal\u00e4stina und die Gruppe \u201eFrauen wagen Frieden\u201c halten heute ab 16 Uhr in der Innenstadt von Kaiserslautern eine Mahnwache ab. Die beiden Gruppierungen fordern von der Bundesregierung unter anderem, dass Deutschland keine Waffen mehr an Israel liefern soll. Au\u00dferdem soll die Bundesregierung das Recht der Pal\u00e4stinenser auf einen eigenen Staat anerkennen. Anlass f\u00fcr die Mahnwache ist der sogenannte Nakba-Tag, der an die Vertreibung von 750.000 Pal\u00e4stinensern aus Israel im Jahr 1948 erinnert. <\/p>\n<p>\u00dcber dieses Thema berichtete das SWR Studio Kaiserslautern in den SWR4-Regionalnachrichten am 15.05.2025 um 14:30 Uhr.<\/p>\n<p>15.5.2025,<br \/>\n15:02 Uhr<\/p>\n<p>++ Earth Day in Pirmasens: Kinder pr\u00e4sentieren Umweltkunst ++<\/p>\n<p>Wie k\u00f6nnte unser \u00f6kologischer Fu\u00dfabduck in Bildern aussehen? Kinder der Montessori-Schule in Pirmasens zeigen es. Bei einer Ausstellung im Forum Alte Post sind ab heute Kunstwerke zum Earth Day zu sehen. Geschaffen wurden die alle von Schulkinder. Sie haben kleine und gro\u00dfe, bunte Werke gebastelt. So wollen sie k\u00fcnstlerisch auf die Bedeutung von Umweltschutz aufmerksam machen. Der Besuch der Ausstellung im Forum Alte Post ist kostenlos. <\/p>\n<p>\u00dcber dieses Thema berichtete das SWR Studio Kaiserslautern in den SWR4-Regionalnachrichten am 15.05.2025 um 14:30 Uhr.<\/p>\n<p>15.5.2025,<br \/>\n14:13 Uhr<\/p>\n<p>++ Stadtradeln 2025: Kaiserslautern ruft zum Mitmachen auf ++<\/p>\n<p>Radeln f\u00fcr Gesundheit und Klimaschutz in der Westpfalz. Kaiserslautern startet heute ins allj\u00e4hrliche Stadtradeln. Bis zum 4. Juni k\u00f6nnen Radfahrer aus der Stadt ihre gefahrenen Fahrradkilometer in einer zugeh\u00f6rigen App registrieren und an einer Verlosung teilnehmen. SWR-Reporterin Sina Weber wei\u00df mehr dar\u00fcber: <\/p>\n<p>\u00dcber dieses Thema berichtete das SWR Studio Kaiserslautern in den SWR4-Regionalnachrichten am 15.05.2025 um 13:30 Uhr.<\/p>\n<p>15.5.2025,<br \/>\n13:30 Uhr<\/p>\n<p>++ Lautertalbahn: Gutachter soll t\u00f6dlichen Unfall aufkl\u00e4ren ++<\/p>\n<p>Eine Radfahrerin ist am Montagmittag ums Leben gekommen. Sie wurde an einem Bahn\u00fcbergang im Lautertal von einem Zug erfasst. Nun wird sich ein Gutachter mit dem Unfall besch\u00e4ftigen. Mehr zu dem Unfall lesen Sie hier:<\/p>\n<p>Otterbach<\/p>\n<p><a href=\"https:\/\/www.swr.de\/swraktuell\/rheinland-pfalz\/kaiserslautern\/lautertalbahn-gutachter-untersucht-toedliches-unglueck-mit-fahrradfahrerin-otterberg-100.html\" title=\"Frau wurde bei Otterbach von Zug erfasst - Lautertalbahn: Gutachter soll t\u00f6dlichen Unfall mit Radfahrerin aufkl\u00e4ren\" class=\"teasertracking clickzone link\" role=\"presentation\" tabindex=\"-1\" rel=\"nofollow noopener\" target=\"_blank\"><\/p>\n<p><img src=\"https:\/\/www.europesays.com\/de\/wp-content\/uploads\/2025\/05\/1747055532569,toedlicher-unfall-lautertalbahn-kreis-kaiserslautern-100~_v-16x9@2dXS_-b9bac15fe0af001.jpeg\"   class=\"\" data-copyright=\"Foto: picture-alliance \/ Reportdienste,  Peter Kneffel\" alt=\"An einem Bahn\u00fcbergang im Kreis Kaiserslautern hat es einen Unfall gegeben (Symbolfoto).\" title=\"An einem Bahn\u00fcbergang im Kreis Kaiserslautern hat es einen Unfall gegeben (Symbolfoto). (Foto: picture-alliance \/ Reportdienste,  Peter Kneffel)\" width=\"320\" height=\"180\" decoding=\"async\" loading=\"lazy\"\/><\/p>\n<p><\/a><\/p>\n<p><a href=\"https:\/\/www.swr.de\/swraktuell\/rheinland-pfalz\/kaiserslautern\/lautertalbahn-gutachter-untersucht-toedliches-unglueck-mit-fahrradfahrerin-otterberg-100.html\" title=\"Frau wurde bei Otterbach von Zug erfasst - Lautertalbahn: Gutachter soll t\u00f6dlichen Unfall mit Radfahrerin aufkl\u00e4ren\" class=\"teasertracking clickzone link\" rel=\"nofollow noopener\" target=\"_blank\"><\/p>\n<p>Eine Fahrradfahrerin wurde am Montagmittag an einem Bahn\u00fcbergang im Lautertal von einem Zug erfasst. Nun wird sich ein Gutachter mit dem Unfall besch\u00e4ftigen.\n<\/p>\n<p><\/a><\/p>\n<p class=\"broadcastinfo\">\n<p>Mo.12.5.2025<br \/>\n14:00 Uhr<\/p>\n<p>SWR4 am Nachmittag<\/p>\n<p>SWR4<\/p>\n<p>15.5.2025,<br \/>\n12:55 Uhr<\/p>\n<p>++ Showdown in K\u00f6ln: FCK k\u00e4mpft um letzte Aufstiegschance ++<\/p>\n<p>Am Sonntag (18.05., 15:30 Uhr) gibt es f\u00fcr den 1. FC Kaiserslautern die letzte Chance, in der 2. Liga noch auf den Relegationsrang drei zu springen. Der Gegner: Ausgerechnet der 1. FC K\u00f6ln mit dem ehemaligen FCK-Coach Friedhelm Funkel:<\/p>\n<p>Kaiserslautern<\/p>\n<p><a href=\"https:\/\/www.swr.de\/sport\/fussball\/1-fc-kaiserslautern\/fck-showdown-gegen-friedhelm-funkel-und-koeln-100.html\" title=\"Fu\u00dfball | 2. Bundesliga - &quot;Wollen es aus eigener Kraft schaffen&quot;: Friedhelm Funkel und das ganz besondere Spiel gegen den FCK\" class=\"teasertracking clickzone link\" role=\"presentation\" tabindex=\"-1\" rel=\"nofollow noopener\" target=\"_blank\"><\/p>\n<p><img src=\"https:\/\/www.europesays.com\/de\/wp-content\/uploads\/2025\/05\/1747293754811,friedhlem-funkel-100~_v-16x9@2dXS_-b9bac15fe0af001f663131e7814653aed0ad7167.jpg\"   class=\"\" data-copyright=\"Foto: picture-alliance \/ Reportdienste, Picture Alliance\" alt=\"Friedhelm Funkel freut sich \u00fcber den K\u00f6lner Sieg in N\u00fcrnberg\" title=\"Friedhelm Funkel freut sich \u00fcber den K\u00f6lner Sieg in N\u00fcrnberg (Foto: picture-alliance \/ Reportdienste, Picture Alliance)\" width=\"320\" height=\"180\" decoding=\"async\" loading=\"lazy\"\/><\/p>\n<p><\/a><\/p>\n<p><a href=\"https:\/\/www.swr.de\/sport\/fussball\/1-fc-kaiserslautern\/fck-showdown-gegen-friedhelm-funkel-und-koeln-100.html\" title=\"Fu\u00dfball | 2. Bundesliga - &quot;Wollen es aus eigener Kraft schaffen&quot;: Friedhelm Funkel und das ganz besondere Spiel gegen den FCK\" class=\"teasertracking clickzone link\" rel=\"nofollow noopener\" target=\"_blank\"><\/p>\n<p>Am Sonntag (18.05., 15:30 Uhr) gibt es f\u00fcr den 1. FC Kaiserslautern die letzte Chance, in der 2. Liga noch auf den Relegationsrang drei zu springen. Der Gegner: Ausgerechnet der 1. FC K\u00f6ln mit dem ehemaligen FCK-Coach Friedhelm Funkel.\n<\/p>\n<p><\/a><\/p>\n<p class=\"broadcastinfo\">\n<p>Fr.16.5.2025<br \/>\n16:00 Uhr<\/p>\n<p>Der Tag in RLP<\/p>\n<p>SWR1 Rheinland-Pfalz<\/p>\n","protected":false},"excerpt":{"rendered":"Was ist gerade los bei uns in der Region um Kaiserslautern, Pirmasens, Zweibr\u00fccken, Kusel und am Donnersberg? Das&hellip;\n","protected":false},"author":2,"featured_media":116915,"comment_status":"","ping_status":"","sticky":false,"template":"","format":"standard","meta":{"footnotes":""},"categories":[1772],"tags":[29,214,30,1779,810,215],"class_list":{"0":"post-116914","1":"post","2":"type-post","3":"status-publish","4":"format-standard","5":"has-post-thumbnail","7":"category-musik","8":"tag-deutschland","9":"tag-entertainment","10":"tag-germany","11":"tag-music","12":"tag-musik","13":"tag-unterhaltung"},"share_on_mastodon":{"url":"https:\/\/pubeurope.com\/@de\/114521404331048448","error":""},"_links":{"self":[{"href":"https:\/\/www.europesays.com\/de\/wp-json\/wp\/v2\/posts\/116914","targetHints":{"allow":["GET"]}}],"collection":[{"href":"https:\/\/www.europesays.com\/de\/wp-json\/wp\/v2\/posts"}],"about":[{"href":"https:\/\/www.europesays.com\/de\/wp-json\/wp\/v2\/types\/post"}],"author":[{"embeddable":true,"href":"https:\/\/www.europesays.com\/de\/wp-json\/wp\/v2\/users\/2"}],"replies":[{"embeddable":true,"href":"https:\/\/www.europesays.com\/de\/wp-json\/wp\/v2\/comments?post=116914"}],"version-history":[{"count":0,"href":"https:\/\/www.europesays.com\/de\/wp-json\/wp\/v2\/posts\/116914\/revisions"}],"wp:featuredmedia":[{"embeddable":true,"href":"https:\/\/www.europesays.com\/de\/wp-json\/wp\/v2\/media\/116915"}],"wp:attachment":[{"href":"https:\/\/www.europesays.com\/de\/wp-json\/wp\/v2\/media?parent=116914"}],"wp:term":[{"taxonomy":"category","embeddable":true,"href":"https:\/\/www.europesays.com\/de\/wp-json\/wp\/v2\/categories?post=116914"},{"taxonomy":"post_tag","embeddable":true,"href":"https:\/\/www.europesays.com\/de\/wp-json\/wp\/v2\/tags?post=116914"}],"curies":[{"name":"wp","href":"https:\/\/api.w.org\/{rel}","templated":true}]}}