{"id":1169164,"date":"2026-07-15T19:14:32","date_gmt":"2026-07-15T19:14:32","guid":{"rendered":"https:\/\/www.europesays.com\/de\/1169164\/"},"modified":"2026-07-15T19:14:32","modified_gmt":"2026-07-15T19:14:32","slug":"thyssenkrupp-wie-hitze-und-trockenheit-die-industrie-ueber-das-wasser-treffen","status":"publish","type":"post","link":"https:\/\/www.europesays.com\/de\/1169164\/","title":{"rendered":"Thyssenkrupp: Wie Hitze und Trockenheit die Industrie \u00fcber das Wasser treffen"},"content":{"rendered":"<p class=\"text_ohne_einzug richtext text-em-55 !leading-serif mx-6 desktop:mx-0\"> Die <a href=\"https:\/\/rp-online.de\/thema\/hitze\/\" rel=\"nofollow noopener\" target=\"_blank\">Hitze<\/a> und Trockenheit setzen auch der Wirtschaft immer st\u00e4rker zu. Wegen des anhaltenden Niedrigwassers stellt nun der gr\u00f6\u00dfte deutsche Stahlhersteller die Schifffahrt mit eigenen Schiffen ein. \u201eDie anhaltende und sich versch\u00e4rfende Niedrigwassersituation hat mittlerweile auch Auswirkungen auf die Versorgung unseres Duisburger Werkes mit Rohstoffen. Unsere eigene Schubschifffahrt wurde aufgrund der niedrigen Pegelst\u00e4nde eingestellt\u201c, sagte eine Sprecherin von Thyssenkrupp Steel unserer Redaktion. \u201eDerzeit nutzen wir vorsorglich angemietete, externe Schiffe, die wegen ihres niedrigeren Tiefgangs auch bei den aktuellen Wasserst\u00e4nden eingesetzt werden k\u00f6nnen.\u201c<\/p>\n","protected":false},"excerpt":{"rendered":"Die Hitze und Trockenheit setzen auch der Wirtschaft immer st\u00e4rker zu. Wegen des anhaltenden Niedrigwassers stellt nun der&hellip;\n","protected":false},"author":2,"featured_media":1169165,"comment_status":"","ping_status":"","sticky":false,"template":"","format":"standard","meta":{"footnotes":"","_share_on_mastodon":"0"},"categories":[1838],"tags":[5313,3364,29,3715,11491,30,245015,51084,1209,109,10959,8274,40539,779,30225],"class_list":["post-1169164","post","type-post","status-publish","format-standard","has-post-thumbnail","category-duisburg","tag-50-000","tag-de","tag-deutschland","tag-duisburg","tag-eisenerz","tag-germany","tag-gewaltig","tag-kohle","tag-nordrhein-westfalen","tag-rohstoff","tag-sprecherin","tag-steel","tag-taeglich","tag-thyssenkrupp","tag-tonnen"],"share_on_mastodon":{"url":"https:\/\/pubeurope.com\/@de\/116925593380163111","error":""},"_links":{"self":[{"href":"https:\/\/www.europesays.com\/de\/wp-json\/wp\/v2\/posts\/1169164","targetHints":{"allow":["GET"]}}],"collection":[{"href":"https:\/\/www.europesays.com\/de\/wp-json\/wp\/v2\/posts"}],"about":[{"href":"https:\/\/www.europesays.com\/de\/wp-json\/wp\/v2\/types\/post"}],"author":[{"embeddable":true,"href":"https:\/\/www.europesays.com\/de\/wp-json\/wp\/v2\/users\/2"}],"replies":[{"embeddable":true,"href":"https:\/\/www.europesays.com\/de\/wp-json\/wp\/v2\/comments?post=1169164"}],"version-history":[{"count":0,"href":"https:\/\/www.europesays.com\/de\/wp-json\/wp\/v2\/posts\/1169164\/revisions"}],"wp:featuredmedia":[{"embeddable":true,"href":"https:\/\/www.europesays.com\/de\/wp-json\/wp\/v2\/media\/1169165"}],"wp:attachment":[{"href":"https:\/\/www.europesays.com\/de\/wp-json\/wp\/v2\/media?parent=1169164"}],"wp:term":[{"taxonomy":"category","embeddable":true,"href":"https:\/\/www.europesays.com\/de\/wp-json\/wp\/v2\/categories?post=1169164"},{"taxonomy":"post_tag","embeddable":true,"href":"https:\/\/www.europesays.com\/de\/wp-json\/wp\/v2\/tags?post=1169164"}],"curies":[{"name":"wp","href":"https:\/\/api.w.org\/{rel}","templated":true}]}}