{"id":116924,"date":"2025-05-17T05:02:12","date_gmt":"2025-05-17T05:02:12","guid":{"rendered":"https:\/\/www.europesays.com\/de\/116924\/"},"modified":"2025-05-17T05:02:12","modified_gmt":"2025-05-17T05:02:12","slug":"samsung-galaxy-s25-edge-angeschaut-wie-duenn-ist-zu-duenn-fuer-ein-smartphone","status":"publish","type":"post","link":"https:\/\/www.europesays.com\/de\/116924\/","title":{"rendered":"Samsung Galaxy S25 Edge angeschaut: Wie d\u00fcnn ist zu d\u00fcnn f\u00fcr ein Smartphone?"},"content":{"rendered":"<p>Sind <a title=\"Weitere News zu Smartphone\" href=\"https:\/\/t3n.de\/tag\/smartphone\/\" rel=\"nofollow noopener\" target=\"_blank\">Smartphone<\/a>s langweilig geworden? Jedes Jahr werden die Ger\u00e4te etwas schneller, sie bekommen ein kleines Kamera-Upgrade und einen helleren Bildschirm. Sonst passiert selten etwas Spannendes. Selbst <a href=\"https:\/\/t3n.de\/news\/samsung-galaxy-z-fold-6-im-test-1674214\/\" rel=\"nofollow noopener\" target=\"_blank\">faltbare Smartphones<\/a> ver\u00e4ndern sich, vielleicht mit Ausnahme des <a href=\"https:\/\/t3n.de\/news\/huawei-mate-xt-ausprobiert-doppelt-faltbar-doppelt-so-teuer-lohnt-sich-das-1676153\/\" rel=\"nofollow noopener\" target=\"_blank\">Huawei Mate XT<\/a>, kaum. Um wieder f\u00fcr mehr Gespr\u00e4chsstoff zu sorgen, hat sich <a title=\"Weitere News zu Samsung\" href=\"https:\/\/t3n.de\/tag\/samsung\/\" rel=\"nofollow noopener\" target=\"_blank\">Samsung<\/a> deswegen ein neuen Kniff ausgedacht. Das neue Galaxy S25 Edge ist im Prinzip ein Galaxy S25 Plus. Nur eben viel d\u00fcnner. Bislang durften sich Medien das schlanke Smartphone nur ansehen, aber nicht anfassen. Das hat Samsung jetzt ge\u00e4ndert.<\/p>\n<p>\n                Vom Feeling her ein gutes Gef\u00fchl\n            <\/p>\n<p>5,8 Millimeter misst das Geh\u00e4use. Zumindest laut offiziellen Angaben. Die Kamera hat Samsung dabei offenbar nicht mitgerechnet. Zum Vergleich: Das Galaxy S25 Plus mit gleich gro\u00dfem Display ist laut Samsung 7,2 Millimeter dick. Klingt nach viel. Tats\u00e4chlich sind 1,4 Millimeter dann aber doch nur ein hauchzarter Unterschied. Um das deutlich zu machen: Auf dem Event erkl\u00e4rt eine Mitarbeiterin, das Edge sei so dick wie sieben \u00fcbereinander gestapelte Kreditkarten. Eine solche Kreditkarte misst laut der Santander-Bank 0,76 Millimeter in der Dicke. Das 25 Plus ist also etwa 1,8 Kreditkarten dicker als das schlankere Edge.<\/p>\n<p>Empfehlungen der Redaktion<\/p>\n<p>Als ich das Edge zum ersten Mal in die Hand nehme, bin ich weniger vom d\u00fcnnen Geh\u00e4use angetan. Stattdessen \u00fcberrascht mich das Gewicht. F\u00fcr so ein gro\u00dfes Smartphone f\u00fchlt sich das Edge erstaunlich leicht. Dabei setzt Samsung beim Rahmen gar nicht auf Aluminium, sondern verwendet das schwere Titan. Ein Kaufgrund ist ein leichtes Geh\u00e4use f\u00fcr mich aber nicht. Schlie\u00dflich merke ich auch von meinem (dickeren) iPhone samt H\u00fclle in der Hosentasche wenig.<\/p>\n<p><img loading=\"lazy\" decoding=\"async\" class=\"size-large wp-image-1686839\" src=\"https:\/\/www.europesays.com\/de\/wp-content\/uploads\/2025\/05\/galaxy-S25-edge_huelle.jpg\" alt=\"Zwei Smartphones liegen nebeneinander.\" width=\"620\" height=\"349\"\/><\/p>\n<p class=\"wp-caption-text\">Mit der H\u00fclle (rechts) verpufft der Vorteil des schlanken Geh\u00e4uses sofort. (Foto: t3n)<\/p>\n<p>Auch f\u00fcr das Edge gibt es nat\u00fcrlich H\u00fcllen. In diesen Cases soll sich das Ger\u00e4t noch immer schlank und leicht anf\u00fchlen. Es bleibt allerdings beim Konjunktiv. In Verbindung mit der im Alltag obligatorischen H\u00fclle geht der Effekt vollends verloren.<\/p>\n<p>\n                Wie steht es um die Nachhaltigkeit?\n            <\/p>\n<p>Ohnehin stellt sich die Frage nach dem Sinn f\u00fcr ein Ger\u00e4t, das nicht einmal zwei Millimeter d\u00fcnner ist als \u00fcblich. Ist es in Zeiten von Handelskriegen und Wirtschaftskrisen wirklich nachhaltig, flachere Ger\u00e4te auf den Markt zu bringen, anstatt robustere?<\/p>\n<p class=\"c-card__headline\">\n                Empfohlene redaktionelle Inhalte\n            <\/p>\n<p>            Hier findest du externe Inhalte von <strong>Instagram, Inc.<\/strong>,<br \/>\n            die unser redaktionelles Angebot auf t3n.de erg\u00e4nzen.<br \/>\n            Mit dem Klick auf &#8222;Inhalte anzeigen&#8220; erkl\u00e4rst du dich einverstanden,<br \/>\n            dass wir dir jetzt und in Zukunft Inhalte von <strong>Instagram, Inc.<\/strong> auf unseren Seiten anzeigen d\u00fcrfen.<br \/>\n            Dabei k\u00f6nnen personenbezogene Daten an Plattformen von Drittanbietern \u00fcbermittelt werden.<br \/>\n            <br \/>\n            Inhalte anzeigen<\/p>\n<p class=\"u-text-small\">\n                <a href=\"https:\/\/t3n.de\/datenschutz\/\" target=\"_blank\" title=\"Die externe Seite im neuen Tab\/Fenster \u00f6ffnen\" rel=\"noopener nofollow\"><br \/>\n                    Hinweis zum Datenschutz<br \/>\n                <\/a>\n            <\/p>\n<p class=\"c-card__headline\">\n                Leider ist etwas schief gelaufen&#8230;\n            <\/p>\n<p>            An dieser Stelle findest du normalerweise externe Inhalte von <strong>Instagram, Inc.<\/strong>,<br \/>\n            jedoch konnten wir deine Consent-Einstellungen nicht abrufen.<br \/>\n            Lade die Seite neu oder passe deine Consent-Einstellungen manuell an.<\/p>\n<p>                Datenschutzeinstellungen verwalten<\/p>\n<p>Zumindest den Bildschirm will Samsung in Zusammenarbeit Corning besser sch\u00fctzen. Gorilla Glass Ceramic 2 hei\u00dft die L\u00f6sung, die den Bildschirm widerstandsf\u00e4hig machen soll. Wie gut, das lie\u00df sich vor Ort freilich nicht ausprobieren. Daten zu m\u00f6glichen Fallh\u00f6hen oder \u00c4hnliches kommunizieren Corning und Samsung nicht. Daf\u00fcr aber anderes: Das Geh\u00e4use ist nach IP68 wasser- und staubdicht. Und fragil wirkt das Smartphone auch nicht.<\/p>\n<p><img loading=\"lazy\" decoding=\"async\" class=\"size-large wp-image-1686843\" src=\"https:\/\/www.europesays.com\/de\/wp-content\/uploads\/2025\/05\/SPERRFRIST-13.5.-2-Uhr-galaxy_s25_edge_kamrea.jpg\" alt=\"Die Kamera eines Smartphones in der Nahaufnahme.\" width=\"620\" height=\"349\"\/><\/p>\n<p class=\"wp-caption-text\">Da fehlt das doch was? Dem Galaxy S25 Edge fehlt die dritte Kamera der anderen Galaxy-25-Ger\u00e4te. (Foto: t3n)<\/p>\n<p>Und wie steht es um das Thema Nachhaltigkeit? Immerhin <a href=\"https:\/\/de.ifixit.com\/News\/108241\/galaxy-s25-ultra-teardown-schneller-akku-austausch-etwas-fortschritt-bei-der-reparierbarkeit\" rel=\"nofollow noopener\" target=\"_blank\">loben die Reparaturprofis von Ifixit<\/a> das <a href=\"https:\/\/t3n.de\/news\/samsung-galaxy-s25-ultra-test-review-1673522\/\" rel=\"nofollow noopener\" target=\"_blank\">Galaxy S25 Ultra<\/a> als das am leichtesten zu reparierende Samsung-Ger\u00e4t seit langer Zeit. Die gute Nachricht: Das d\u00fcrfte f\u00fcr das Edge gleichfalls gelten. Der Aufbau der Komponenten sei \u00e4hnlich wie bei den anderen Galaxy-S25-Ger\u00e4ten, hie\u00df es vor Ort. Das hei\u00dft, dass sich zum Beispiel der Akku oder das Kamera-Modul einfach austauschen lassen. Die Batterie wird von Klebelaschen an Ort und Stelle gehalten, ist aber nicht verklebt. Hei\u00dfe Luft braucht es nur, um die R\u00fcckseite zu l\u00f6sen, um \u00fcberhaupt ans Innenleben zu kommen.<\/p>\n<p>Auch wenn auf einem Vorab-Event noch niemand verraten wollte, was eine Reparatur oder ein Austausch der Batterie kosten soll, hei\u00dft es f\u00fcr Kund:innen doch, dass das Smartphone nicht gleich auf den Wertstoffhof geh\u00f6rt, wenn der Akku schlappmacht. Das passt zum Rest. Wie f\u00fcr die anderen Ger\u00e4te gibt es auch f\u00fcr das Galaxy S25 Edge sieben Jahre lang Software-Updates. Wer es kauft, d\u00fcrfte also lange etwas von dem Smartphone haben.<\/p>\n<p>\n                Ein d\u00fcnnes Geh\u00e4use bedeutet Kompromisse\n            <\/p>\n<p>Es bleibt allerdings die Frage, ob man das Ger\u00e4t kaufen sollte. Denn wer auf die flache Bauweise steht, muss zu Kompromissen bereit sein. So ist das Galaxy S25 Edge nur mit zwei Kameras ausgestattet. Eine Weitwinkelkamera mit 200 Megapixeln und eine Ultraweitwinkelkamera mit 12 Megapixeln sind verbaut. Es fehlt das Teleobjektiv.<\/p>\n<p>Noch gr\u00f6\u00dfer sind die Zugest\u00e4ndnisse beim Akku. Statt einer Batterie mit 4.900 Milliamperestunden (mAh) ist nur ein Akku mit 3.900 mAh verbaut. Samsung verspricht zwar trotzdem, dass auch Power-Nutzer:innen das Ende eines Tages erleben werden, ohne das Smartphone laden zu m\u00fcssen \u2013 ob das aber wirklich hinkommt, kann nat\u00fcrlich nur ein Test sagen.<\/p>\n<p><img loading=\"lazy\" decoding=\"async\" class=\"size-large wp-image-1686841\" src=\"https:\/\/www.europesays.com\/de\/wp-content\/uploads\/2025\/05\/SPERRFRIST-13.5.-2-Uhr-galaxy-S25-Edge-Display.jpg\" alt=\"Eine Hand h\u00e4lt ein Smartphone.\" width=\"620\" height=\"349\"\/><\/p>\n<p class=\"wp-caption-text\">Der Bildschirm des Samsung Galaxy S25 Edge misst 6,7 Zoll und l\u00f6st mit 3.120 x 1.440 Pixeln auf.<\/p>\n<p>Abseits von den beiden Punkten ist das Galaxy S25 Edge dem S25 Plus ziemlich \u00e4hnlich. Das Display l\u00f6st wie beim Plus in QHD+ (also mit 3.120 x 1440 Bildpunkten) auf und kann bei den Farben und der Helligkeit \u00fcberzeugen. Auch im Freien, zumindest in einem schattigen Hinterhof, war der Bildschirm gut abzulesen. Dass ein Android-Smartphone eine Bildfrequenz von 120 Hertz bietet, muss man eigentlich kaum noch erw\u00e4hnen. Nur zum Vergleich: Bei Apple k\u00f6nnen das nur die teureren Pro-Ger\u00e4te.<\/p>\n<p>Im Inneren taktet der \u201eSnapdragon 8 Elite\u201c Prozessor von Qualcomm, der noch einmal extra f\u00fcr Galaxy-Ger\u00e4te angepasst wurde. Damit der unter Volllast gut funktioniert, verbaut Samsung eine Verdampfungskammer zur W\u00e4rmeabf\u00fchrung. Unterschiede zur Leistung der dickeren Galaxy-Boliden d\u00fcrfte es somit nicht geben.<\/p>\n<p>Der Funktionsumstand bleibt ebenfalls identisch. Hei\u00dft: Auf dem Galaxy S25 Edge sind ebenfalls die KI-Funktionen von Samsung installiert. Damit k\u00f6nnt ihr zum Beispiel st\u00f6rende Objekte aus Fotos entfernen, den Inhalt eures K\u00fchlschranks scannen und passende Rezepte finden oder \u201ePer Circle to Search\u201c-Funktion Bildschirminhalte im Internet suchen. Als Betriebssystem ist das aktuelle Android 15 installiert.<\/p>\n<p><img loading=\"lazy\" decoding=\"async\" class=\"size-large wp-image-1686854\" src=\"https:\/\/www.europesays.com\/de\/wp-content\/uploads\/2025\/05\/SPERRFRIST-13.5.-2-Uhr-galaxy-s25-Edge-farben.jpg\" alt=\"Drei Smartphones liegen nebeneinander.\" width=\"620\" height=\"349\"\/><\/p>\n<p class=\"wp-caption-text\">Das Galaxy S25 Edge bekommt ihr in Schwarz, Silber und Hellblau. (Foto: t3n)<\/p>\n<p>\n                Erste Einsch\u00e4tzung\n            <\/p>\n<p>Das Galaxy S25 Edge erhaltet ihr in zwei Versionen, wahlweise mit 256 oder 512 Gigabyte Speicher. Preislich startet es bei 1.249 Euro \u2013 und ist damit kein guter Deal! Das besser ausgestattete Galaxy S25 Ultra gibt es im gut sortierten Online-Handel bereits zu Preisen ab rund 1.000 Euro. Mit 8,2 Millimetern ist es zwar noch etwas dicker als das Edge, daf\u00fcr geht ihr beim Funktionsumfang keine Kompromisse ein, profitiert ebenfalls von der einfacheren Reparierbarkeit und dem langen Update-Zeitraum.<\/p>\n<p>Das Galaxy S25 Edge bleibt damit eine interessante Machbarkeitsstudie. Ja, es ist offenbar m\u00f6glich, Top-Technik auf engstem Raum im leichten Geh\u00e4use unterzubringen. Und Samsung war der erste Hersteller, der einen Trend losgetreten hat. Schlie\u00dflich wird auch Apple mit der Herstellung eines \u201eiPhone 17 Air\u201c in Verbindung gebracht.<\/p>\n<p>Aber ob auch die Kund:innen darauf aufspringen? F\u00fcr mehr Geld sparen sie schlie\u00dflich nur wenige Millimeter Platz in der Hosentasche ein, m\u00fcssen daf\u00fcr aber auf Features verzichten. Ich bleibe da lieber bei meinem \u201evermeintlich\u201c dicken iPhone.<\/p>\n<p>Dieser Artikel wurde urspr\u00fcnglich am 13.05.2025 ver\u00f6ffentlicht, interessiert jedoch immer noch sehr viele unserer Leser:innen. Deshalb haben wir ihn hier nochmals zur Verf\u00fcgung gestellt.<\/p>\n<p><img loading=\"lazy\" decoding=\"async\" class=\"vgWortPixel\" src=\"https:\/\/www.europesays.com\/de\/wp-content\/uploads\/2025\/05\/ee35c3a63fba44b6975cdde4aec371ca.gif\" width=\"1\" height=\"1\" alt=\"\"\/><\/p>\n<p>\n                        Verpasse keine News zu Hardware &amp; Gadgets \ud83d\udc8c\n                    <\/p>\n<p class=\"c-native-newsletterbox__error -submit -hidden\">\n                        Es gab leider ein Problem beim Absenden des Formulars. Bitte versuche es erneut.\n                    <\/p>\n<p class=\"c-native-newsletterbox__error -desktop -email -hidden\">\n                        Bitte gib eine g\u00fcltige E-Mail-Adresse ein.\n                    <\/p>\n<p class=\"c-native-newsletterbox__privacy u-text-small u-gap-top\">\n                    <a href=\"https:\/\/t3n.de\/datenschutz\/\" title=\"Hinweis zum Newsletter &amp; Datenschutz\" class=\"u-link -underline\" target=\"_blank\" rel=\"nofollow noopener\">Hinweis zum Newsletter &amp; Datenschutz<\/a>\n                <\/p>\n<p>Fast fertig!<\/p>\n<p class=\"u-gap-vertical-reset\">\n                Bitte klicke auf den Link in der Best\u00e4tigungsmail, um deine Anmeldung abzuschlie\u00dfen.\n            <\/p>\n<p class=\"c-native-newsletterbox__more\">\n                Du willst noch weitere Infos zum Newsletter?<br \/>\n                <a href=\"https:\/\/t3n.de\/info\/t3n-newsletter\/\" title=\"Jetzt mehr erfahren\" class=\"u-link -underline\" target=\"_blank\" rel=\"nofollow noopener\">Jetzt mehr erfahren<\/a>\n            <\/p>\n","protected":false},"excerpt":{"rendered":"Sind Smartphones langweilig geworden? Jedes Jahr werden die Ger\u00e4te etwas schneller, sie bekommen ein kleines Kamera-Upgrade und einen&hellip;\n","protected":false},"author":2,"featured_media":116925,"comment_status":"","ping_status":"","sticky":false,"template":"","format":"standard","meta":{"footnotes":""},"categories":[135],"tags":[29,30,190,189,194,191,193,192],"class_list":{"0":"post-116924","1":"post","2":"type-post","3":"status-publish","4":"format-standard","5":"has-post-thumbnail","7":"category-wissenschaft-technik","8":"tag-deutschland","9":"tag-germany","10":"tag-science","11":"tag-science-technology","12":"tag-technik","13":"tag-technology","14":"tag-wissenschaft","15":"tag-wissenschaft-technik"},"share_on_mastodon":{"url":"https:\/\/pubeurope.com\/@de\/114521423888679968","error":""},"_links":{"self":[{"href":"https:\/\/www.europesays.com\/de\/wp-json\/wp\/v2\/posts\/116924","targetHints":{"allow":["GET"]}}],"collection":[{"href":"https:\/\/www.europesays.com\/de\/wp-json\/wp\/v2\/posts"}],"about":[{"href":"https:\/\/www.europesays.com\/de\/wp-json\/wp\/v2\/types\/post"}],"author":[{"embeddable":true,"href":"https:\/\/www.europesays.com\/de\/wp-json\/wp\/v2\/users\/2"}],"replies":[{"embeddable":true,"href":"https:\/\/www.europesays.com\/de\/wp-json\/wp\/v2\/comments?post=116924"}],"version-history":[{"count":0,"href":"https:\/\/www.europesays.com\/de\/wp-json\/wp\/v2\/posts\/116924\/revisions"}],"wp:featuredmedia":[{"embeddable":true,"href":"https:\/\/www.europesays.com\/de\/wp-json\/wp\/v2\/media\/116925"}],"wp:attachment":[{"href":"https:\/\/www.europesays.com\/de\/wp-json\/wp\/v2\/media?parent=116924"}],"wp:term":[{"taxonomy":"category","embeddable":true,"href":"https:\/\/www.europesays.com\/de\/wp-json\/wp\/v2\/categories?post=116924"},{"taxonomy":"post_tag","embeddable":true,"href":"https:\/\/www.europesays.com\/de\/wp-json\/wp\/v2\/tags?post=116924"}],"curies":[{"name":"wp","href":"https:\/\/api.w.org\/{rel}","templated":true}]}}