{"id":116931,"date":"2025-05-17T05:06:09","date_gmt":"2025-05-17T05:06:09","guid":{"rendered":"https:\/\/www.europesays.com\/de\/116931\/"},"modified":"2025-05-17T05:06:09","modified_gmt":"2025-05-17T05:06:09","slug":"anti-terror-kampf-israels-armee-beginnt-neue-grossoffensive-in-gaza","status":"publish","type":"post","link":"https:\/\/www.europesays.com\/de\/116931\/","title":{"rendered":"Anti-Terror-Kampf: Israels Armee beginnt neue Gro\u00dfoffensive in Gaza"},"content":{"rendered":"<p>In ihrem Kampf gegen die Terrororganisation Hamas erh\u00f6ht die israelische Armee nun erneut den Druck. Ihren Angaben zufolge begann sie in der Nacht eine neue Gro\u00dfoffensive im Gazastreifen. Diese ware in den Tagen davor bereits vorbereitet worden.<\/p>\n<p class=\"is-first-paragraph\" data-external=\"Article.FirstParagraph\">Israel hat nach eigenen Angaben eine neue Milit\u00e4roffensive im Gazastreifen eingeleitet. Die israelische Armee erkl\u00e4rte in der Nacht zum Samstag, am Freitag \u201eumfassende Angriffe\u201c lanciert und Soldaten verlegt zu haben, um die Kontrolle \u00fcber weitere Teile des Pal\u00e4stinensergebiets zu erlangen.<\/p>\n<p>\u201eDas ist Teil der ersten Etappen der \u2018Gideons Streitwagen\u2018 und der Ausweitung der Offensive im Gazastreifen\u201c, erkl\u00e4rte die Armee. Ziel sei es, \u201ealle Kriegsziele zu erreichen, einschlie\u00dflich der Befreiung der Geiseln und des Siegs \u00fcber die Hamas\u201c.<\/p>\n<p>Israels Regierungschef Benjamin Netanjahu hatte zu Wochenbeginn angek\u00fcndigt, die israelischen Streitkr\u00e4fte w\u00fcrden in den kommenden Tagen \u201emit voller Kraft\u201c im Gazastreifen vorr\u00fccken. \u201eIn den n\u00e4chsten Tagen werden wir mit voller Kraft vorgehen, um den Einsatz abzuschlie\u00dfen\u201c, sagte Netanjahu vor Reservisten. Dies bedeute die \u201eZerschlagung\u201c und \u201eZerst\u00f6rung\u201c der radikalislamischen Terrororganisation Hamas.<\/p>\n<p>\u201eTruppen setzen ihre operativen Aktivit\u00e4ten gegen die Terrororganisationen im Gazastreifen fort, zerst\u00f6ren terroristische Infrastrukturanlagen und eliminieren Terroristen\u201c, hatte das israelische Milit\u00e4r am Freitag bereits mitgeteilt. <\/p>\n<p>Die Ausweitung der Offensive erfolgte nun kurz nach dem Ende der Reise von US-Pr\u00e4sident Donald Trump durch die Golfstaaten Saudi-Arabien, Katar und Vereinigte Arabische Emirate. Am Freitag wurden nach Angaben der von der Hamas kontrollierten Zivilschutzbeh\u00f6rde des Gazastreifens bei israelischen Angriffen mindestens hundert Menschen get\u00f6tet. Die Terrorgruppe unterscheidet bei ihren Angaben nicht zwischen K\u00e4mpfern und Zivilisten.<\/p>\n<p>Die israelischen Streitkr\u00e4fte teilten mit, sie h\u00e4tten innerhalb von 24 Stunden \u201emehr als 150 Terrorziele\u201c im gesamten Gazastreifen getroffen. Israelischen Medienberichten zufolge hat die israelische Armee ihre Angriffe im Gazastreifen zuletzt weiter verst\u00e4rkt, nachdem das Sicherheitskabinett Anfang Mai einen Plan verabschiedet hatte, der eine \u201eEroberung\u201c des Gebiets vorsieht.<\/p>\n<p>Unterdessen best\u00e4tigte der israelische Verteidigungsminister Israel Katz am Freitag, dass die bisherigen Angriffe im Gazastreifen in dieser Woche dem mutma\u00dflichen Anf\u00fchrer des bewaffneten Arms der <a class=\"is-link c-block-items__link c-link--rich-text-renderer\" href=\"https:\/\/www.welt.de\/article256103574\" data-internal-tracking-enabled=\"true\" data-internal-tracking=\"{&quot;action&quot;:&quot;click&quot;,&quot;label&quot;:&quot;link&quot;,&quot;name&quot;:&quot;Inline Element&quot;,&quot;data&quot;:{&quot;source&quot;:&quot;&quot;,&quot;target&quot;:&quot;\/article256103574&quot;,&quot;trackingName&quot;:&quot;&quot;,&quot;trackingLabel&quot;:&quot;&quot;}}\" target=\"_blank\" rel=\"noopener\">Hamas<\/a> gegolten haben. <\/p>\n<p>Mohammed al-Sinwar soll nach dem Tod seines \u00e4lteren Bruders, des Hamas-Anf\u00fchrers Jihia al-Sinwar, das Kommando \u00fcber die Kassam-Brigaden \u00fcbernommen haben. Zu seinem Schicksal lagen zun\u00e4chst weiter keine Informationen vor. <\/p>\n<p>Israel hatte seine massiven Angriffe im Gazastreifen Mitte M\u00e4rz nach einer zweimonatigen Waffenruhe wieder aufgenommen. Bereits seit dem 2. M\u00e4rz blockiert die israelische Regierung zudem die humanit\u00e4ren Hilfslieferungen f\u00fcr den Gazastreifen. Nach eigenen Angaben will Israel damit Zugest\u00e4ndnisse der Hamas erzwingen, die weiterhin Dutzende israelische Geiseln in ihrer Gewalt hat.<\/p>\n<p>Ausgel\u00f6st worden war der Gazakrieg durch den Gro\u00dfangriff der Hamas und mit ihr verb\u00fcndeter K\u00e4mpfer auf Israel am 7. Oktober 2023, bei dem nach israelischen Angaben rund 1200 Menschen get\u00f6tet und 251 Menschen als Geiseln in den Gazastreifen verschleppt worden waren.<\/p>\n<p>Als Reaktion auf den Hamas-\u00dcberfall geht Israel seither massiv milit\u00e4risch im Gazastreifen vor. Dabei wurden nach Angaben des von der Terrorgruppe Hamas kontrollierten Gesundheitsministeriums, die nicht unabh\u00e4ngig \u00fcberpr\u00fcft werden k\u00f6nnen, bislang mehr als 53.100 Menschen get\u00f6tet.<\/p>\n<p>UN-Menschenrechtskommissar Volker T\u00fcrk warf Israel am Freitag angesichts der verst\u00e4rkten Angriffe im Gazastreifen \u201eethnische S\u00e4uberun\u201c&#8220; vor. Die j\u00fcngste \u201eBombenwelle\u201c und die Blockade humanit\u00e4rer Hilfe f\u00fcr die Bev\u00f6lkerung des Pal\u00e4stinensergebiets deuteten darauf hin, dass dort \u201eeine permanente demografische Verschiebung\u201c vorangetrieben werden solle.<\/p>\n<p>Dies versto\u00dfe gegen das V\u00f6lkerrecht und sei \u201egleichbedeutend mit ethnischer S\u00e4uberung\u201c, erkl\u00e4rte T\u00fcrk. Dieser \u201eWahnsinn&#8220;\u201cm\u00fcsse beendet werden.<\/p>\n<p>dpa\/AP\/AFP\/fhs<\/p>\n","protected":false},"excerpt":{"rendered":"In ihrem Kampf gegen die Terrororganisation Hamas erh\u00f6ht die israelische Armee nun erneut den Druck. Ihren Angaben zufolge&hellip;\n","protected":false},"author":2,"featured_media":116932,"comment_status":"","ping_status":"","sticky":false,"template":"","format":"standard","meta":{"footnotes":""},"categories":[5],"tags":[926,2547,410,13,411,4750,14,15,110,12,45,10,8,9,11],"class_list":{"0":"post-116931","1":"post","2":"type-post","3":"status-publish","4":"format-standard","5":"has-post-thumbnail","7":"category-nachrichten","8":"tag-7-oktober-2023","9":"tag-gaza-streifen","10":"tag-hamas","11":"tag-headlines","12":"tag-israel","13":"tag-israel-hamas-angriff-auf-israel","14":"tag-nachrichten","15":"tag-news","16":"tag-newsteam","17":"tag-schlagzeilen","18":"tag-texttospeech","19":"tag-top-news","20":"tag-top-meldungen","21":"tag-topmeldungen","22":"tag-topnews"},"share_on_mastodon":{"url":"https:\/\/pubeurope.com\/@de\/114521439258617907","error":""},"_links":{"self":[{"href":"https:\/\/www.europesays.com\/de\/wp-json\/wp\/v2\/posts\/116931","targetHints":{"allow":["GET"]}}],"collection":[{"href":"https:\/\/www.europesays.com\/de\/wp-json\/wp\/v2\/posts"}],"about":[{"href":"https:\/\/www.europesays.com\/de\/wp-json\/wp\/v2\/types\/post"}],"author":[{"embeddable":true,"href":"https:\/\/www.europesays.com\/de\/wp-json\/wp\/v2\/users\/2"}],"replies":[{"embeddable":true,"href":"https:\/\/www.europesays.com\/de\/wp-json\/wp\/v2\/comments?post=116931"}],"version-history":[{"count":0,"href":"https:\/\/www.europesays.com\/de\/wp-json\/wp\/v2\/posts\/116931\/revisions"}],"wp:featuredmedia":[{"embeddable":true,"href":"https:\/\/www.europesays.com\/de\/wp-json\/wp\/v2\/media\/116932"}],"wp:attachment":[{"href":"https:\/\/www.europesays.com\/de\/wp-json\/wp\/v2\/media?parent=116931"}],"wp:term":[{"taxonomy":"category","embeddable":true,"href":"https:\/\/www.europesays.com\/de\/wp-json\/wp\/v2\/categories?post=116931"},{"taxonomy":"post_tag","embeddable":true,"href":"https:\/\/www.europesays.com\/de\/wp-json\/wp\/v2\/tags?post=116931"}],"curies":[{"name":"wp","href":"https:\/\/api.w.org\/{rel}","templated":true}]}}