{"id":1169403,"date":"2026-07-15T21:41:16","date_gmt":"2026-07-15T21:41:16","guid":{"rendered":"https:\/\/www.europesays.com\/de\/1169403\/"},"modified":"2026-07-15T21:41:16","modified_gmt":"2026-07-15T21:41:16","slug":"moenchengladbach-alte-buche-im-garten-des-bis-muss-ueberraschend-gefaellt-werden","status":"publish","type":"post","link":"https:\/\/www.europesays.com\/de\/1169403\/","title":{"rendered":"M\u00f6nchengladbach: Alte Buche im Garten des BIS muss \u00fcberraschend gef\u00e4llt werden"},"content":{"rendered":"<p class=\"text_ohne_einzug richtext text-em-55 !leading-serif mx-6 desktop:mx-0\"> Es ist vermutlich in den fr\u00fchen Mittwochmorgenstunden passiert, davon geht zumindest das Team des BIS aus. Als am Dienstagabend die Theatergruppe den Garten hinter dem Kulturzentrum an der Bismarckstra\u00dfe nutzte, sah alles schlie\u00dflich noch normal aus. Nun jedoch ist der eine Teil des Gartens mit r\u00f6tlich-gr\u00fcn schillerndem Blattwerk versperrt. Fast wirkt es so, als w\u00fcrde ein grotesk-gro\u00dfer Busch \u00fcber das Gras wuchern, ein rotes Absperrband zieht sich zudem quer \u00fcber die Rasenfl\u00e4che. Von der gro\u00dfen alten Rotbuche im Garten des BIS-Zentrums hat sich \u00fcber Nacht ein gro\u00dfer Ast abgespalten und ist auf die Rasenfl\u00e4che gest\u00fcrzt. Der m\u00e4chtige Baum, der bei zahlreichen Veranstaltungen bisher f\u00fcr Schatten und Ambiente im Garten des BIS sorgte, muss nun gef\u00e4llt werden.<\/p>\n","protected":false},"excerpt":{"rendered":"Es ist vermutlich in den fr\u00fchen Mittwochmorgenstunden passiert, davon geht zumindest das Team des BIS aus. Als am&hellip;\n","protected":false},"author":2,"featured_media":1169404,"comment_status":"","ping_status":"","sticky":false,"template":"","format":"standard","meta":{"footnotes":"","_share_on_mastodon":"0"},"categories":[1849],"tags":[245049,70835,11036,3364,29,548,663,3934,155440,598,72416,30,23912,13,23083,25941,4455,14,15,1209,12,233620],"class_list":["post-1169403","post","type-post","status-publish","format-standard","has-post-thumbnail","category-moenchengladbach","tag-abgespalten","tag-ast","tag-baum","tag-de","tag-deutschland","tag-eu","tag-europa","tag-europe","tag-faellarbeiten","tag-garten","tag-gartens","tag-germany","tag-grosser","tag-headlines","tag-kulturzentrum","tag-mags","tag-moenchengladbach","tag-nachrichten","tag-news","tag-nordrhein-westfalen","tag-schlagzeilen","tag-zentrums"],"share_on_mastodon":{"url":"https:\/\/pubeurope.com\/@de\/116926171642901969","error":""},"_links":{"self":[{"href":"https:\/\/www.europesays.com\/de\/wp-json\/wp\/v2\/posts\/1169403","targetHints":{"allow":["GET"]}}],"collection":[{"href":"https:\/\/www.europesays.com\/de\/wp-json\/wp\/v2\/posts"}],"about":[{"href":"https:\/\/www.europesays.com\/de\/wp-json\/wp\/v2\/types\/post"}],"author":[{"embeddable":true,"href":"https:\/\/www.europesays.com\/de\/wp-json\/wp\/v2\/users\/2"}],"replies":[{"embeddable":true,"href":"https:\/\/www.europesays.com\/de\/wp-json\/wp\/v2\/comments?post=1169403"}],"version-history":[{"count":0,"href":"https:\/\/www.europesays.com\/de\/wp-json\/wp\/v2\/posts\/1169403\/revisions"}],"wp:featuredmedia":[{"embeddable":true,"href":"https:\/\/www.europesays.com\/de\/wp-json\/wp\/v2\/media\/1169404"}],"wp:attachment":[{"href":"https:\/\/www.europesays.com\/de\/wp-json\/wp\/v2\/media?parent=1169403"}],"wp:term":[{"taxonomy":"category","embeddable":true,"href":"https:\/\/www.europesays.com\/de\/wp-json\/wp\/v2\/categories?post=1169403"},{"taxonomy":"post_tag","embeddable":true,"href":"https:\/\/www.europesays.com\/de\/wp-json\/wp\/v2\/tags?post=1169403"}],"curies":[{"name":"wp","href":"https:\/\/api.w.org\/{rel}","templated":true}]}}