{"id":116951,"date":"2025-05-17T05:19:11","date_gmt":"2025-05-17T05:19:11","guid":{"rendered":"https:\/\/www.europesays.com\/de\/116951\/"},"modified":"2025-05-17T05:19:11","modified_gmt":"2025-05-17T05:19:11","slug":"wilsberg-trocken-gelegt-alles-muenster","status":"publish","type":"post","link":"https:\/\/www.europesays.com\/de\/116951\/","title":{"rendered":"Wilsberg trocken gelegt | ALLES M\u00dcNSTER"},"content":{"rendered":"<p>\t\t<a href=\"https:\/\/www.allesmuenster.de\/cms\/wp-content\/uploads\/88046-2-2.jpg\" target=\"_blank\" rel=\"noopener\"><img loading=\"lazy\" decoding=\"async\" class=\"wp-image-123445 size-medium\" src=\"https:\/\/www.europesays.com\/de\/wp-content\/uploads\/2025\/05\/88046-2-2-300x200.jpg\" alt=\"Wilsberg (Leonard Lansink) wird von Clara Stoll (Sonja Joanne Geller) aufgesucht. Sie wittert Ungereimtheiten hinter den steigenden Wasserpreisen in der Stadt. (Foto: ZDF \/ Thomas Kost)\" width=\"300\" height=\"200\"  \/><\/a>Wilsberg (Leonard Lansink) wird von Clara Stoll (Sonja Joanne Geller) aufgesucht. Sie wittert Ungereimtheiten hinter den steigenden Wasserpreisen in der Stadt. (Foto: ZDF \/ Thomas Kost)<\/p>\n<p><strong>Im inzwischen 86. Fall ermittelt Georg Wilsberg (Leonard Lansink) im Bereich der Wasserversorgung von M\u00fcnster, die durch die Privatisierung die Kosten f\u00fcr Endverbraucher in die H\u00f6he schie\u00dfen l\u00e4sst. Wir haben uns die neue Folge vorab f\u00fcr euch angesehen und vor allem M\u00fcnsteraner sollten einschalten, denn es gibt Einblicke in eine bekannte Sehensw\u00fcrdigkeit unserer Stadt, dessen Betreten der Bev\u00f6lkerung sonst nicht m\u00f6glich ist. Daher eine kleine Spoilerwarnung unsererseits an dieser Stelle.<\/strong><\/p>\n<p>L\u00e4ssig mit T-Shirt der Universit\u00e4t M\u00fcnster bekleidet, steht Georg Wilsberg in seiner K\u00fcche und will mit einem Kaffee in den Tag starten \u2013 doch es kommt kein Wasser aus der Leitung. Der \u00f6rtliche Versorger \u201eM\u00fcnster Quell\u201c hat ihm buchst\u00e4blich den Hahn abgedreht. Also macht sich Wilsberg mit einem Kanister auf den Weg zu seiner Nachbarin. Vor dem Antiquariat wird er jedoch von Merles (Janina Fautz) aufgebrachter Freundin Clara Stoll (Sonja Joanne Geller) gestoppt: Ihr Freund Edgar Fehrenbach (Fabian Jaray), Gr\u00fcnder einer Protestgruppe gegen \u201eM\u00fcnster Quell\u201c, ist spurlos verschwunden. Edgar hatte von Whistleblower Frederik Mei\u00dfner (Metehan Demir\u00f6z), Referent der Konzernchefin Julia Brosenius (Alice Dwyer), interne Daten \u00fcber das Unternehmen erhalten, die er ver\u00f6ffentlichen sollte. Nach einem geheimen Treffen der beiden ist Edgar verschwunden, Clara bittet Wilsberg um Hilfe.<\/p>\n<p>Sparma\u00dfnahmen bei der Polizei<\/p>\n<p>Auch im Kommissariat dreht sich alles ums Wasser. Overbeck (Roland Jankowsky) installiert eine app-gesteuerte Wasserbatterie, die Hauptkommissarin Anna Springer (Rita Russek) zunehmend zur Wei\u00dfglut treibt. Wilsberg bleibt bei klassischen Methoden und recherchiert im Telefonbuch \u2013 inklusive Seitenhieb auf Bielefeld. Als falscher Journalist verschafft er sich Zugang zu \u201eM\u00fcnster Quell\u201c, erh\u00e4lt dort von Dr. Tessa Tilker (Patricia Meeden) einen Hinweis auf Mei\u00dfners Aufenthaltsort und findet diesen schlie\u00dflich tot im Wasserwerk \u2013 laut Overbeck ohne Fremdeinwirkung.<\/p>\n<p><a href=\"https:\/\/www.europesays.com\/de\/wp-content\/uploads\/2025\/05\/88046-2-13.jpg\"><img loading=\"lazy\" decoding=\"async\" class=\"wp-image-123447 size-full\" src=\"https:\/\/www.europesays.com\/de\/wp-content\/uploads\/2025\/05\/88046-2-13.jpg\" alt=\"Wilsberg (Leonard Lansink, r.e), Tessa (Patricia Meeden und Ekki (Oliver Korittke) haben Pl\u00e4ne erhalten. Im \u00f6rtlichen Wasserwerk scheint illegal Wasser abgepumpt zu werden. (Foto: ZDF \/ Thomas Kost)\" width=\"1199\" height=\"799\"  \/><\/a>Wilsberg (Leonard Lansink, r.e), Tessa (Patricia Meeden und Ekki (Oliver Korittke) haben Pl\u00e4ne erhalten. Im \u00f6rtlichen Wasserwerk scheint illegal Wasser abgepumpt zu werden. (Foto: ZDF \/ Thomas Kost)<br \/>\n\u201eEkki, M\u00fcnster braucht dich jetzt!\u201c<\/p>\n<p>W\u00e4hrend \u201eM\u00fcnster Quell\u201c \u00f6ffentlichkeitswirksam den 50. Trinkwasserspender der Stadt einweiht (real existieren gerade mal vier), kommt Wilsberg nicht weiter und t\u00e4uscht einen anonymen Hinweis wegen Steuerhinterziehung vor, um Ekki (Oliver Korittke) ins Spiel zu bringen. Der ist entsetzt, Wilsberg aber insistiert: \u201eEkki, M\u00fcnster braucht dich jetzt!\u201c Der \u00f6ffentliche Druck steigt, und auch Anna Springer ger\u00e4t in den Fokus \u2013 kennt sie mehr Interna \u00fcber ihre Bekannten Julia Brosenius und Mechthild Eckes? Ihr Schweigen f\u00fchrt zum Bruch mit Wilsberg, der sich eine nasse Antwort in Form eines Waschlappens einf\u00e4ngt.<\/p>\n<p><a href=\"https:\/\/www.europesays.com\/de\/wp-content\/uploads\/2025\/05\/88046-2-4.jpg\"><img loading=\"lazy\" decoding=\"async\" class=\"wp-image-123446 size-full\" src=\"data:image\/svg+xml,%3Csvg%20xmlns=\" http:=\"\" alt=\"Ekki (Oliver Korittke) kommt die neue Trinkflasche gut gelegen, die er von Mechthild Eckes (Ann-Kathrin Kramer) als Werbegeschenk \u00fcberreicht bekommt. (Foto: ZDF \/ Thomas Kost)\" width=\"1199\" height=\"799\" data-lazy- data-lazy- data-lazy-src=\"https:\/\/www.europesays.com\/de\/wp-content\/uploads\/2025\/05\/88046-2-4.jpg\"\/><\/a>Ekki (Oliver Korittke) kommt die neue Trinkflasche gut gelegen, die er von Mechthild Eckes (Ann-Kathrin Kramer) als Werbegeschenk \u00fcberreicht bekommt. (Foto: ZDF \/ Thomas Kost)<br \/>\nM\u00fcnster von oben \u2013 und im Regen<\/p>\n<p>Ob es noch eine zweite Leiche gibt und warum Tessa Tilker emotional aufgew\u00fchlt ist, wird nicht verraten. Sicher ist nur: Sie nimmt Wilsberg \u2013 und die Zuschauer \u2013 mit hinauf in den Wasserturm im Geistviertel und erm\u00f6glicht so einen seltenen Blick \u00fcber die D\u00e4cher der Stadt. <a href=\"https:\/\/www.allesmuenster.de\/wilsberg-mit-allen-wassern-gewaschen-teures-wasser-dunkle-machenschaften\/\" target=\"_blank\" rel=\"noopener\">Gedreht wurde bereits im Oktober 2023<\/a> bei viel Regen \u2013 passend zum Thema. Um dem Wetter zu entkommen, wurde u.\u202fa. unter den B\u00f6gen des Prinzipalmarkts gedreht, wo Leonard Lansink wie gewohnt f\u00fcr Selfies zur Verf\u00fcgung stand. Neben den typischen Wilsberg-Kalauern bleibt vor allem eine Botschaft h\u00e4ngen: Wasser ist kostbar. Wenn die Folge daf\u00fcr sensibilisiert, etwas sparsamer damit umzugehen, ist viel erreicht.<\/p>\n<p>                         <a href=\"https:\/\/www.allesmuenster.de\/author\/be\/\" class=\"fn url\" target=\"_blank\" title=\"Bastian E.\" rel=\"nofollow noopener\"> <img loading=\"lazy\" decoding=\"async\" width=\"250\" height=\"250\" alt=\"\" src=\"data:image\/svg+xml,%3Csvg%20xmlns=\" http:=\"\" class=\"avatar avatar-250 photo\" style=\"max-width:250px\" data-lazy-src=\"https:\/\/www.europesays.com\/de\/wp-content\/uploads\/2025\/05\/basti-borkum-2022-img_4132-2.jpg\"\/><\/a> <\/p>\n<p>M\u00fcnsteraner, Cineast und Fotograf mit ausgepr\u00e4gtem Hang zur Musik (80s, Breakbeat, House, Techno). Liebt Kino, K\u00fcnstlerinterviews, Sound von Vinyl.<\/p>\n<p> <a href=\"https:\/\/www.allesmuenster.de\/author\/be\/\" class=\"url\" target=\"_blank\" title=\"Bastian E.\" rel=\"nofollow noopener\"><img loading=\"lazy\" decoding=\"async\" width=\"250\" height=\"250\" alt=\"\" src=\"data:image\/svg+xml,%3Csvg%20xmlns=\" http:=\"\" class=\"avatar avatar-250 photo\" style=\"max-width:250px\" data-lazy-src=\"https:\/\/www.europesays.com\/de\/wp-content\/uploads\/2025\/05\/basti-borkum-2022-img_4132-2.jpg\"\/><\/a>  <\/p>\n","protected":false},"excerpt":{"rendered":"Wilsberg (Leonard Lansink) wird von Clara Stoll (Sonja Joanne Geller) aufgesucht. Sie wittert Ungereimtheiten hinter den steigenden Wasserpreisen&hellip;\n","protected":false},"author":2,"featured_media":116952,"comment_status":"","ping_status":"","sticky":false,"template":"","format":"standard","meta":{"footnotes":""},"categories":[1843],"tags":[37729,3364,29,30,1472,45089,28451,45090,8970,1209,45091,45092,45093],"class_list":{"0":"post-116951","1":"post","2":"type-post","3":"status-publish","4":"format-standard","5":"has-post-thumbnail","7":"category-muenster","8":"tag-wilsberg","9":"tag-de","10":"tag-deutschland","11":"tag-germany","12":"tag-krimi","13":"tag-krimifuehrer-muenster","14":"tag-leonard-lansink","15":"tag-leonard-lansink-wilsberg","16":"tag-muenster","17":"tag-nordrhein-westfalen","18":"tag-wilsberg-antiquariat","19":"tag-wilsberg-mit-allen-wassern-gewaschen","20":"tag-wilsberg-muenster"},"share_on_mastodon":{"url":"https:\/\/pubeurope.com\/@de\/114521490382473190","error":""},"_links":{"self":[{"href":"https:\/\/www.europesays.com\/de\/wp-json\/wp\/v2\/posts\/116951","targetHints":{"allow":["GET"]}}],"collection":[{"href":"https:\/\/www.europesays.com\/de\/wp-json\/wp\/v2\/posts"}],"about":[{"href":"https:\/\/www.europesays.com\/de\/wp-json\/wp\/v2\/types\/post"}],"author":[{"embeddable":true,"href":"https:\/\/www.europesays.com\/de\/wp-json\/wp\/v2\/users\/2"}],"replies":[{"embeddable":true,"href":"https:\/\/www.europesays.com\/de\/wp-json\/wp\/v2\/comments?post=116951"}],"version-history":[{"count":0,"href":"https:\/\/www.europesays.com\/de\/wp-json\/wp\/v2\/posts\/116951\/revisions"}],"wp:featuredmedia":[{"embeddable":true,"href":"https:\/\/www.europesays.com\/de\/wp-json\/wp\/v2\/media\/116952"}],"wp:attachment":[{"href":"https:\/\/www.europesays.com\/de\/wp-json\/wp\/v2\/media?parent=116951"}],"wp:term":[{"taxonomy":"category","embeddable":true,"href":"https:\/\/www.europesays.com\/de\/wp-json\/wp\/v2\/categories?post=116951"},{"taxonomy":"post_tag","embeddable":true,"href":"https:\/\/www.europesays.com\/de\/wp-json\/wp\/v2\/tags?post=116951"}],"curies":[{"name":"wp","href":"https:\/\/api.w.org\/{rel}","templated":true}]}}