{"id":1169533,"date":"2026-07-15T22:59:28","date_gmt":"2026-07-15T22:59:28","guid":{"rendered":"https:\/\/www.europesays.com\/de\/1169533\/"},"modified":"2026-07-15T22:59:28","modified_gmt":"2026-07-15T22:59:28","slug":"nagelsmann-kimmich-goretzka-spiegel-zitiert-insider-zu-problemen-der-nationalelf","status":"publish","type":"post","link":"https:\/\/www.europesays.com\/de\/1169533\/","title":{"rendered":"Nagelsmann, Kimmich, Goretzka \u2013 \u201eSpiegel\u201c zitiert Insider zu Problemen der Nationalelf"},"content":{"rendered":"<p>Warum ging es f\u00fcr die deutsche Mannschaft bei der Fu\u00dfball-Weltmeisterschaft so schief? Offenbar auch, weil es interne Probleme gab. Das legt ein \u201eSpiegel\u201c-Bericht nahe.<\/p>\n<p class=\"is-first-paragraph\" data-external=\"Article.FirstParagraph\">Brisante Enth\u00fcllungen zum deutschen WM-Aus, dem ehemaligen Bundestrainer Julian Nagelsmann und seiner Mannschaft w\u00e4hrend des Turniers. Der \u201eSpiegel\u201c hat einen ausf\u00fchrlichen R\u00fcckblick auf das Ausscheiden der DFB-Elf bei der WM im Sechzehntelfinale gegen Paraguay (4:5 n.E.) geworfen. Daf\u00fcr habe das Magazin mit Insidern gesprochen, um die Probleme und Schwierigkeiten innerhalb des Teams ans Licht bringen.<\/p>\n<p>Generell sei in der Mannschaft jeder zu sehr mit sich selbst besch\u00e4ftigt gewesen \u2013 egal ob Nagelsmann, Star-Torwart Manuel Neuer oder die jungen Topspieler um Florian Wirtz und Jamal Musiala. Der Insider sagt im \u201eSpiegel\u201c: \u201eMan merkt, dass aus manchen Talenten Ich-AGs mit tausend Ablenkungen von au\u00dfen gemacht werden. Da ger\u00e4t das Spiel an sich aus dem Fokus.\u201c Eine weitere Quelle erg\u00e4nzt: \u201eEs gab zu viele Ego-Shooter.\u201c<\/p>\n<p>Der ehemalige Bundestrainer <a class=\"is-link c-block-items__link c-link--rich-text-renderer\" href=\"https:\/\/www.welt.de\/themen\/julian-nagelsmann\/\" data-internal-tracking-enabled=\"true\" data-internal-tracking=\"{&quot;action&quot;:&quot;click&quot;,&quot;label&quot;:&quot;link&quot;,&quot;name&quot;:&quot;Inline Element&quot;,&quot;data&quot;:{&quot;source&quot;:&quot;&quot;,&quot;target&quot;:&quot;https:\/\/www.welt.de\/themen\/julian-nagelsmann\/&quot;,&quot;trackingName&quot;:&quot;&quot;,&quot;trackingLabel&quot;:&quot;&quot;}}\" rel=\"nofollow noopener\" target=\"_blank\">Julian Nagelsmann<\/a> hat sich, wie weithin bekannt, mit seinen Aussagen zu St\u00fcrmer Deniz Undav nach dem 2:1 gegen Ghana im M\u00e4rz ein Eigentor geschossen. Undav erzielte damals das Siegtor, Nagelsmann kritisierte ihn dennoch. Dieses Thema besch\u00e4ftigte die Nation w\u00e4hrend des ganzen Turniers, da der Coach den Stuttgarter Angreifer trotz seiner Tore in den ersten drei WM-Spielen nicht f\u00fcr die Startelf nominierte.<\/p>\n<p>Nagelsmann sei entscheidungsschwach <\/p>\n<p>Im \u201eSpiegel\u201c wird Nagelsmann zudem insbesondere \u201eHarmoniebed\u00fcrftigkeit\u201c als Schw\u00e4che vorgeworfen. Deshalb habe er auch h\u00e4ufig unterschiedliche Spieler eingewechselt und sich schwer damit getan, Profis abzusagen. Die Stars h\u00e4tten bem\u00e4ngelt, dass sie teilweise Nagelsmann selbst kontaktiert h\u00e4tten, um Informationen zu bekommen. <\/p>\n<p>Der Trainer selbst sei hingegen dadurch aufgefallen, Spieler hinzuhalten, zu ignorieren oder ihnen mehr zu versprechen, als er halten konnte. Dabei habe auch die R\u00fcckkehr Neuers nicht geholfen \u2013 eigentlich war lange Oliver Baumann als Nummer eins f\u00fcr die WM vorgesehen. Einige Akteure sollen zudem Probleme mit Nagelsmanns Spielsystem gehabt haben.<\/p>\n<p>Kapit\u00e4n Joshua Kimmich ist weithin f\u00fcr seinen Ehrgeiz bekannt. Den Insidern des Spiegels zufolge soll das einigen Mitspielern allerdings etwas zu viel gewesen sein. Einige Teamkollegen seien von Kimmichs st\u00e4ndigen Ambitionen genervt gewesen. Dazu zitiert der Spiegel eine Quelle, die \u00fcber Kimmich sagt: \u201eEr verlangt nichts, was er selbst nicht einh\u00e4lt. Aber manchmal ist er einen Tick dr\u00fcber, sodass manche abwinken.\u201c<\/p>\n<p>Goretzka sei schlecht gelaunt gewesen<\/p>\n<p>Leon Goretzka soll, nachdem er zum WM-Start gegen Cura\u00e7ao (7:1) nur auf der Bank gesessen hatte, seine schlechte Laune offen pr\u00e4sentiert haben. Zudem habe er sich von seinen Mitspielern distanziert. Teamkollegen h\u00e4tten deshalb wohl sogar mit ihm gesprochen.<\/p>\n<p>St\u00fcrmer Nick Woltemade w\u00e4re aufgrund seiner schwachen Leistungen im Verein f\u00fcr Newcastle offenbar beinahe nicht f\u00fcr die WM nominiert worden. Dabei hatte er in der Qualifikation f\u00fcr das Turnier noch vier Tore erzielt und eine Vorlage in sechs Spielen gegeben. Aber er kam in der R\u00fcckrunde der Saison 2025\/2026 nur auf ein Tor in der Premier League. Das lag auch daran, dass er h\u00e4ufiger im Mittelfeld spielte. <\/p>\n<p>Der \u201eSpiegel\u201c schreibt, dass an Woltemades Stelle beinahe Nicolo Tresoldi vom FC Br\u00fcgge nominiert worden w\u00e4re. Der ehemalige Hannoveraner erzielte in der vergangenen Saison 23 Tore in 58 Pflichtspielen, bl\u00fchte vor allem zum Ende der Saison auf und \u00fcberzeugte auch in der deutschen U21-Auswahl mit sechs Treffern in sieben EM-Qualifikations-Partien.<\/p>\n<p>j\u00f6re<\/p>\n","protected":false},"excerpt":{"rendered":"Warum ging es f\u00fcr die deutsche Mannschaft bei der Fu\u00dfball-Weltmeisterschaft so schief? Offenbar auch, weil es interne Probleme&hellip;\n","protected":false},"author":2,"featured_media":1169534,"comment_status":"","ping_status":"","sticky":false,"template":"","format":"standard","meta":{"footnotes":"","_share_on_mastodon":"0"},"categories":[5],"tags":[50501,481,135545,13,54233,14,54232,15,12,45,10,8,9,11,227052],"class_list":["post-1169533","post","type-post","status-publish","format-standard","has-post-thumbnail","category-nachrichten","tag-deutschland-fussballnationalmannschaft","tag-dfb","tag-fussball-wm-ks","tag-headlines","tag-julian-trainer","tag-nachrichten","tag-nagelsmann","tag-news","tag-schlagzeilen","tag-texttospeech","tag-top-news","tag-top-meldungen","tag-topmeldungen","tag-topnews","tag-wm-2026-ad"],"share_on_mastodon":{"url":"https:\/\/pubeurope.com\/@de\/116926478077562966","error":""},"_links":{"self":[{"href":"https:\/\/www.europesays.com\/de\/wp-json\/wp\/v2\/posts\/1169533","targetHints":{"allow":["GET"]}}],"collection":[{"href":"https:\/\/www.europesays.com\/de\/wp-json\/wp\/v2\/posts"}],"about":[{"href":"https:\/\/www.europesays.com\/de\/wp-json\/wp\/v2\/types\/post"}],"author":[{"embeddable":true,"href":"https:\/\/www.europesays.com\/de\/wp-json\/wp\/v2\/users\/2"}],"replies":[{"embeddable":true,"href":"https:\/\/www.europesays.com\/de\/wp-json\/wp\/v2\/comments?post=1169533"}],"version-history":[{"count":0,"href":"https:\/\/www.europesays.com\/de\/wp-json\/wp\/v2\/posts\/1169533\/revisions"}],"wp:featuredmedia":[{"embeddable":true,"href":"https:\/\/www.europesays.com\/de\/wp-json\/wp\/v2\/media\/1169534"}],"wp:attachment":[{"href":"https:\/\/www.europesays.com\/de\/wp-json\/wp\/v2\/media?parent=1169533"}],"wp:term":[{"taxonomy":"category","embeddable":true,"href":"https:\/\/www.europesays.com\/de\/wp-json\/wp\/v2\/categories?post=1169533"},{"taxonomy":"post_tag","embeddable":true,"href":"https:\/\/www.europesays.com\/de\/wp-json\/wp\/v2\/tags?post=1169533"}],"curies":[{"name":"wp","href":"https:\/\/api.w.org\/{rel}","templated":true}]}}