{"id":116962,"date":"2025-05-17T05:25:15","date_gmt":"2025-05-17T05:25:15","guid":{"rendered":"https:\/\/www.europesays.com\/de\/116962\/"},"modified":"2025-05-17T05:25:15","modified_gmt":"2025-05-17T05:25:15","slug":"sechste-buergerkonferenz-in-bochum-radio-bochum","status":"publish","type":"post","link":"https:\/\/www.europesays.com\/de\/116962\/","title":{"rendered":"Sechste B\u00fcrgerkonferenz in Bochum &#8211; Radio Bochum"},"content":{"rendered":"<p class=\"small date article__date\">Ver\u00f6ffentlicht:\u00a0Samstag, 17.05.2025 06:38<\/p>\n<p>B\u00fcrgerinnen und B\u00fcrger diskutieren in der Jahrhunderthalle heute (17.5.) \u00fcber Sicherheit und Ordnung. Die Stadt will eingebrachte Vorschl\u00e4ge anschlie\u00dfend pr\u00fcfen.<\/p>\n<p><img decoding=\"async\" alt=\"\" src=\"https:\/\/www.europesays.com\/de\/wp-content\/uploads\/2025\/05\/dsc00325.jpg&#038;crop=0x118x2835x1772&#038;resize=1280x800&#038;dt=202505151914480.jpeg\" data-size=\"1280x800\"\/>\u00a9 Hanna Becker \/ FUNKE Foto Services375 B\u00fcrgerinnen und B\u00fcrger<\/p>\n<p>Heute (17.5.) findet in der Jahrhunderthalle die 6. Bochumer B\u00fcrgerkonferenz statt. Die Stadt Bochum hat 375 repr\u00e4sentativ ausgew\u00e4hlte B\u00fcrgerinnen und B\u00fcrger eingeladen, um \u00fcber das Thema &#8222;Sicherheit und Ordnung&#8220; zu diskutieren. Die Teilnehmerinnen und Teilnehmer sprechen mit der Stadtspitze, st\u00e4dtischen Mitarbeiterinnen und Mitarbeitern, der Polizei und dem Umweltservice Bochum (USB). Ziel ist es, gemeinsam Vorschl\u00e4ge und Ideen zu sammeln, um die, auch gef\u00fchlte, Sicherheit in Bochum zu verbessern. Nach der Konferenz will die Stadtverwaltung die gesammelten Vorschl\u00e4ge auf ihre Machbarkeit pr\u00fcfen und, falls machbar, umsetzen.<\/p>\n","protected":false},"excerpt":{"rendered":"Ver\u00f6ffentlicht:\u00a0Samstag, 17.05.2025 06:38 B\u00fcrgerinnen und B\u00fcrger diskutieren in der Jahrhunderthalle heute (17.5.) \u00fcber Sicherheit und Ordnung. Die Stadt&hellip;\n","protected":false},"author":2,"featured_media":116963,"comment_status":"","ping_status":"","sticky":false,"template":"","format":"standard","meta":{"footnotes":""},"categories":[1839],"tags":[33582,7507,3364,29,30,1209,3931],"class_list":{"0":"post-116962","1":"post","2":"type-post","3":"status-publish","4":"format-standard","5":"has-post-thumbnail","7":"category-bochum","8":"tag-brgerbeteiligung","9":"tag-bochum","10":"tag-de","11":"tag-deutschland","12":"tag-germany","13":"tag-nordrhein-westfalen","14":"tag-sicherheit"},"share_on_mastodon":{"url":"https:\/\/pubeurope.com\/@de\/114521513854517017","error":""},"_links":{"self":[{"href":"https:\/\/www.europesays.com\/de\/wp-json\/wp\/v2\/posts\/116962","targetHints":{"allow":["GET"]}}],"collection":[{"href":"https:\/\/www.europesays.com\/de\/wp-json\/wp\/v2\/posts"}],"about":[{"href":"https:\/\/www.europesays.com\/de\/wp-json\/wp\/v2\/types\/post"}],"author":[{"embeddable":true,"href":"https:\/\/www.europesays.com\/de\/wp-json\/wp\/v2\/users\/2"}],"replies":[{"embeddable":true,"href":"https:\/\/www.europesays.com\/de\/wp-json\/wp\/v2\/comments?post=116962"}],"version-history":[{"count":0,"href":"https:\/\/www.europesays.com\/de\/wp-json\/wp\/v2\/posts\/116962\/revisions"}],"wp:featuredmedia":[{"embeddable":true,"href":"https:\/\/www.europesays.com\/de\/wp-json\/wp\/v2\/media\/116963"}],"wp:attachment":[{"href":"https:\/\/www.europesays.com\/de\/wp-json\/wp\/v2\/media?parent=116962"}],"wp:term":[{"taxonomy":"category","embeddable":true,"href":"https:\/\/www.europesays.com\/de\/wp-json\/wp\/v2\/categories?post=116962"},{"taxonomy":"post_tag","embeddable":true,"href":"https:\/\/www.europesays.com\/de\/wp-json\/wp\/v2\/tags?post=116962"}],"curies":[{"name":"wp","href":"https:\/\/api.w.org\/{rel}","templated":true}]}}