{"id":116964,"date":"2025-05-17T05:26:21","date_gmt":"2025-05-17T05:26:21","guid":{"rendered":"https:\/\/www.europesays.com\/de\/116964\/"},"modified":"2025-05-17T05:26:21","modified_gmt":"2025-05-17T05:26:21","slug":"aktionen-in-bochum-zum-internationalen-museumstag","status":"publish","type":"post","link":"https:\/\/www.europesays.com\/de\/116964\/","title":{"rendered":"Aktionen in Bochum zum Internationalen Museumstag"},"content":{"rendered":"<p class=\"small date article__date\">Ver\u00f6ffentlicht:\u00a0Samstag, 17.05.2025 06:38<\/p>\n<p>Zum Internationalen Museumstag am Sonntag, den 18. Mai, bieten auch bei uns in Bochum einige Museen besondere Aktionen an.<\/p>\n<p><img decoding=\"async\" alt=\"\" src=\"https:\/\/www.europesays.com\/de\/wp-content\/uploads\/2025\/05\/bochum250301543.jpg&#038;crop=0x184x8760x5475&#038;resize=1280x800&#038;dt=202505160625320.jpeg\" data-size=\"1280x800\"\/>\u00a9 Funke MediaWorkshops, Mitmachaktionen oder freier Eintritt<\/p>\n<p>Am Sonntag, den 18. Mai, bieten einige Museen in Bochum zum internationalen Museumstag besondere Aktionen wie F\u00fchrungen, Workshops, Mitmachaktionen oder freien Eintritt an. Der Tag soll auf die Bedeutung von Museen f\u00fcr Kultur, Bildung und Gesellschaft aufmerksam machen und m\u00f6glichst viele Menschen f\u00fcr Museumsbesuche begeistern.\u00a0Bei uns in Bochum k\u00f6nnt ihr den Tag zum Beispiel im Bergbaumuseum, Tierpark &amp; Fossilium, Telefon- und Kunstmuseum oder auch im LWL-Museum Zeche Hannover verbringen.\u00a0<\/p>\n<p>Internationaler Museumstag am 18. Mai &#8211; Welche Aktionen gibt&#8217;s wo?<\/p>\n<ul>\n<li>Im Bergbaumuseum ist der Eintritt von 9 bis 17.30 Uhr frei und man kann Rundg\u00e4nge unter und \u00fcber Tage machen sowie eine Sonderausstellung anschauen.<\/li>\n<li>Im Tierpark und Fossilium gibt&#8217;s\u00a0von 9 bis 17 Uhr ein Mitmachprogramm wie zum Beispiel Bastelangebote, Glitzertattoos, Entenangeln oder thematische\u00a0Aktions- und Infost\u00e4nde zu den Themen Fossilien, Regenwald und Artenschutz.<\/li>\n<li>Im Kunstmuseum ist der Eintritt den ganzen Tag frei und es gibt um 15 Uhr eine kostenlose F\u00fchrung durch die Ausstellung &#8222;Maya Deren \u2013 Stano Filko&#8220;. Die Ausstellung erz\u00e4hlt unter anderem von k\u00fcnstlerischen Strategien in totalit\u00e4ren Systemen.<\/li>\n<li>Im Telefonmuseum werden von 11:00 Uhr bis 16:00 Uhr jeweils zur vollen und halben Stunde F\u00fchrungen angeboten. Der Eintritt ist frei und letzter Einlass ist um 14:30 Uhr. Euch erwartet eine Zeitreise durch die Geschichte der Nachrichten\u00fcbermittlung.<\/li>\n<li>Im LWL-Museum Zeche Hannover gibt es ein offenes Atelier f\u00fcr Familien zum Mitmachen. Da k\u00f6nnt ihr rund um das Thema Insekten kreativ werden.<\/li>\n<\/ul>\n<p>Teilweise organisiert durch Internationalen Museumsrat <\/p>\n<p>Der Internationale Museumsrat (ICOM) organisiert jedes Jahr den Internationalen Museumstag. Sie bieten zum Beispiel eine interaktive Karte der Aktionen und Besuchsinformationen an. 2025 widmet sich der Aktionstag dem Thema \u201eDie Zukunft der Museen in sich schnell ver\u00e4ndernden Gesellschaften\u201c und befasst sich mit der Frage, wie Museen in einer von sozialen, technologischen und \u00f6kologischen Ver\u00e4nderungen gepr\u00e4gten Welt agieren und ihren Beitrag leisten k\u00f6nnen. Manche Museen bieten jedoch auch unabh\u00e4ngig vom ICOM Aktionen an. <\/p>\n","protected":false},"excerpt":{"rendered":"Ver\u00f6ffentlicht:\u00a0Samstag, 17.05.2025 06:38 Zum Internationalen Museumstag am Sonntag, den 18. Mai, bieten auch bei uns in Bochum einige&hellip;\n","protected":false},"author":2,"featured_media":116965,"comment_status":"","ping_status":"","sticky":false,"template":"","format":"standard","meta":{"footnotes":""},"categories":[1839],"tags":[7507,3364,29,30,2075,2264,1209],"class_list":{"0":"post-116964","1":"post","2":"type-post","3":"status-publish","4":"format-standard","5":"has-post-thumbnail","7":"category-bochum","8":"tag-bochum","9":"tag-de","10":"tag-deutschland","11":"tag-germany","12":"tag-kunst","13":"tag-museum","14":"tag-nordrhein-westfalen"},"share_on_mastodon":{"url":"https:\/\/pubeurope.com\/@de\/114521518131133197","error":""},"_links":{"self":[{"href":"https:\/\/www.europesays.com\/de\/wp-json\/wp\/v2\/posts\/116964","targetHints":{"allow":["GET"]}}],"collection":[{"href":"https:\/\/www.europesays.com\/de\/wp-json\/wp\/v2\/posts"}],"about":[{"href":"https:\/\/www.europesays.com\/de\/wp-json\/wp\/v2\/types\/post"}],"author":[{"embeddable":true,"href":"https:\/\/www.europesays.com\/de\/wp-json\/wp\/v2\/users\/2"}],"replies":[{"embeddable":true,"href":"https:\/\/www.europesays.com\/de\/wp-json\/wp\/v2\/comments?post=116964"}],"version-history":[{"count":0,"href":"https:\/\/www.europesays.com\/de\/wp-json\/wp\/v2\/posts\/116964\/revisions"}],"wp:featuredmedia":[{"embeddable":true,"href":"https:\/\/www.europesays.com\/de\/wp-json\/wp\/v2\/media\/116965"}],"wp:attachment":[{"href":"https:\/\/www.europesays.com\/de\/wp-json\/wp\/v2\/media?parent=116964"}],"wp:term":[{"taxonomy":"category","embeddable":true,"href":"https:\/\/www.europesays.com\/de\/wp-json\/wp\/v2\/categories?post=116964"},{"taxonomy":"post_tag","embeddable":true,"href":"https:\/\/www.europesays.com\/de\/wp-json\/wp\/v2\/tags?post=116964"}],"curies":[{"name":"wp","href":"https:\/\/api.w.org\/{rel}","templated":true}]}}