{"id":1169747,"date":"2026-07-16T01:05:41","date_gmt":"2026-07-16T01:05:41","guid":{"rendered":"https:\/\/www.europesays.com\/de\/1169747\/"},"modified":"2026-07-16T01:05:41","modified_gmt":"2026-07-16T01:05:41","slug":"ehrenamt-in-nuernberg-hilfsorganisationen-warnen-vor-nachwuchsmangel","status":"publish","type":"post","link":"https:\/\/www.europesays.com\/de\/1169747\/","title":{"rendered":"Ehrenamt in N\u00fcrnberg: Hilfsorganisationen warnen vor Nachwuchsmangel"},"content":{"rendered":"<p>Hilfsorganisationen am Limit <\/p>\n<p>Wenn N\u00fcrnberg sie braucht, sind sie da \u2013 doch der Nachwuchs fehlt<\/p>\n<ul class=\"grid grid-flow-col gap-4\" aria-label=\"Autorenbilder\">\n<li class=\"leading-0\"><img data-tb-author-image=\"\"  loading=\"lazy\" src=\"https:\/\/www.europesays.com\/de\/wp-content\/uploads\/2025\/11\/1764485653_271_image.jpg\" alt=\"\" title=\"\" width=\"40\" height=\"40\" class=\"\" decoding=\"async\"\/><\/li>\n<\/ul>\n<p>15.07.2026 &#8211; 13:10 UhrLesedauer: 2 Min.<\/p>\n<p><a href=\"#focus-0\" class=\"transition-colors block text-current relative\" data-sctrack=\"FocusGalleryImage.Reference\"><img fetchpriority=\"high\" data-testid=\"Opener.Image\"   loading=\"eager\" src=\"https:\/\/www.europesays.com\/de\/wp-content\/uploads\/2026\/07\/ausruestung-des-thw-04-072026-nuernberg-deutschland-motorsport-dtm-norisring-nuernberg-2026-thw-equi.jpeg\" alt=\"imago images 1079302178\" title=\"imago images 1079302178\" width=\"3000\" height=\"1688\" class=\"bg-[url:var(--lqipURL)] bg-cover bg-center flex h-full w-full max-w-full\" style=\"--lqipURL:url('https:\/\/images.t-online.de\/2026\/07\/yz5fEh5K6sIM\/0x0:3000x1688\/fit-in\/150x0\/filters:blur(25)\/ausruestung-des-thw-04-072026-nuernberg-deutschland-motorsport-dtm-norisring-nuernberg-2026-thw-equipment-july-4-2026-nuremberg-germany-motorsports-dtm-norisring-nuremberg-2026-xprx.jpg')\" decoding=\"async\"\/><img loading=\"lazy\" src=\"https:\/\/nuernberg.t-online.de\/s\/paper\/_next\/static\/media\/zoom-in.f7dae02f.svg\" alt=\"Vergr\u00f6\u00dfern des Bildes\" title=\"Vergr\u00f6\u00dfern des Bildes\" class=\"block h-[calc(var(--height)_\/_16_*_1rem)] w-[calc(var(--width)_\/_16_*_1rem)] max-w-none absolute right-8 bottom-8 rounded-4 bg-snow p-8\" style=\"--width:32;--height:32\" decoding=\"async\"\/><\/a><\/p>\n<p>Technisches Hilfswerk im Einsatz (Symbolbild): Die Kr\u00e4fte sind eine wichtige St\u00fctze bei Ernstf\u00e4llen und Gro\u00dflagen. (Quelle: IMAGO\/Steffen Proessdorf\/imago)<\/p>\n<p><img loading=\"lazy\" src=\"https:\/\/nuernberg.t-online.de\/s\/paper\/_next\/static\/media\/audio-volume.6689034c.svg\" alt=\"\" title=\"\" class=\"block h-[calc(var(--height)_\/_16_*_1rem)] w-[calc(var(--width)_\/_16_*_1rem)] max-w-none group-hover:brightness-0 group-hover:invert\" style=\"--width:16;--height:16\" decoding=\"async\"\/>Vorlesen<\/p>\n<p>Aktuelle Zeit:0:00Gesamtdauer:0:00<\/p>\n<p>1x<\/p>\n<p class=\"text-center\">Jetzt neu bei t-online:<\/p>\n<p class=\"text-center\">Schriftgr\u00f6\u00dfe anpassen!<\/p>\n<p><img loading=\"lazy\" src=\"https:\/\/nuernberg.t-online.de\/s\/paper\/_next\/static\/media\/font-sizes.32942e33.svg\" alt=\"\" title=\"\" class=\"block h-[calc(var(--height)_\/_16_*_1rem)] w-[calc(var(--width)_\/_16_*_1rem)] max-w-none group-hover:hidden group-aria-expanded:hidden\" style=\"--width:16;--height:16\" decoding=\"async\"\/><img loading=\"lazy\" src=\"https:\/\/nuernberg.t-online.de\/s\/paper\/_next\/static\/media\/font-sizes-dark-mode.e382645c.svg\" alt=\"\" title=\"\" class=\"block h-[calc(var(--height)_\/_16_*_1rem)] w-[calc(var(--width)_\/_16_*_1rem)] max-w-none hidden group-hover:block group-aria-expanded:block\" style=\"--width:16;--height:16\" decoding=\"async\"\/><img loading=\"lazy\" src=\"https:\/\/nuernberg.t-online.de\/s\/paper\/_next\/static\/media\/sharing-menu-icon.1eb71368.svg\" alt=\"\" title=\"\" class=\"block h-[calc(var(--height)_\/_16_*_1rem)] w-[calc(var(--width)_\/_16_*_1rem)] max-w-none group-hover:brightness-0 group-hover:invert\" style=\"--width:16;--height:16\" decoding=\"async\"\/>Artikel teilen<\/p>\n<p class=\"font-bold text-18 leading-17 user-text-lg:text-22 user-text-xl:text-24\">Schon wieder Gro\u00dfeinsatz in N\u00fcrnberg und schon wieder Tausende Helfer im Einsatz. Doch bei den Ehrenamtlichen, die f\u00fcr die Stadt so wichtig sind, w\u00e4chst ein Problem.<\/p>\n<p class=\"text-18 leading-17 user-text-lg:text-22 user-text-xl:text-24\">Bei Unwettern, Gro\u00dfbr\u00e4nden oder anderen Krisen sind sie gefragt: die Ehrenamtlichen der N\u00fcrnberger Hilfsorganisationen. Sie versorgen Verletzte, betreuen Betroffene und helfen, wenn die Lage gro\u00df wird. F\u00fcr den Bev\u00f6lkerungsschutz der Stadt sind sie damit unverzichtbar. Das zeigte sich erneut beim Unwetter am Dienstag und beim Gro\u00dfbrand an der Gro\u00dfen Stra\u00dfe am Freitag.<\/p>\n<p class=\"text-18 leading-17 user-text-lg:text-22 user-text-xl:text-24\">&#8222;Unsere Normalit\u00e4t ist der Ausnahmezustand f\u00fcr den normalen B\u00fcrger&#8220;, sagt Thilo K\u00f6nicke, Sprecher der N\u00fcrnberger Hilfsorganisationen, im Gespr\u00e4ch mit der N\u00fcrnberger Lokalredaktion von t-online. In N\u00fcrnberg arbeiten der Arbeiter-Samariter-Bund, das Bayerische Rote Kreuz, die Johanniter-Unfall-Hilfe, der Malteser Hilfsdienst und die Deutsche Lebens-Rettungs-Gesellschaft als Arbeitsgemeinschaft zusammen. Und bilden unter dem Sammelbegriff Sanits- und Rettungsdienst eine wichtige S\u00e4ule neben den anderen Hilfsdiensten wie Feuerwehr, Polizei oder THW.<\/p>\n<p class=\"text-18 leading-17 user-text-lg:text-22 user-text-xl:text-24\">Das Aufgabenfeld der Ehrenamtlichen reicht weit: &#8222;Wir verpflegen, betreuen, versorgen, heilen, verarzten und bringen unter&#8220;, fasst K\u00f6nicke zusammen. Die Helfer k\u00fcmmern sich um Verletzte und Erkrankte, versorgen Menschen mit Lebensmitteln, organisieren Unterk\u00fcnfte und leisten psychosoziale Hilfe.<\/p>\n<p>Das Technische Hilfswerk ist nicht nur da, wenn&#8217;s brennt<\/p>\n<p class=\"text-18 leading-17 user-text-lg:text-22 user-text-xl:text-24\">Wie schnell Einsatzkr\u00e4fte in gro\u00dfer Zahl gebraucht werden k\u00f6nnen, zeigte das schwere Unwetter am Dienstagabend. Innerhalb von rund f\u00fcnf Stunden gingen bei der Integrierten Leitstelle N\u00fcrnberg etwa 3.000 Notrufe ein \u2013 laut Feuerwehr eine bislang beispiellose Zahl. Daraus entstanden rund 1.100 Eins\u00e4tze, etwa 300 davon in N\u00fcrnberg. Rund 3.000 Feuerwehrleute waren im Einsatz. Auch das Technische Hilfswerk unterst\u00fctzte.<\/p>\n<p class=\"text-18 leading-17 user-text-lg:text-22 user-text-xl:text-24\">Solche Lagen lassen sich nach K\u00f6nickes Worten nie vollst\u00e4ndig vorausplanen. Umso wichtiger seien verl\u00e4ssliche Strukturen und Helfer, die auch unter schwierigen Bedingungen pragmatische L\u00f6sungen finden. &#8222;Die Helfer, die hier im Einsatz sind, k\u00f6nnen aus nichts etwas schaffen&#8220;, sagt er.<\/p>\n<p class=\"text-18 leading-17 user-text-lg:text-22 user-text-xl:text-24\">Sorgen bereitet den Organisationen vor allem der Nachwuchs. Zwar werde ehrenamtliches Engagement inzwischen wieder st\u00e4rker wahrgenommen. &#8222;Ehrenamt wurde viele Jahre bel\u00e4chelt&#8220;, sagt K\u00f6nicke. Mittlerweile aber werde ihre Arbeit ernster genommen.<\/p>\n<p class=\"text-18 leading-17 user-text-lg:text-22 user-text-xl:text-24\">Am Personalmangel \u00e4ndert das bislang wenig. &#8222;Wir haben alle miteinander weiter Nachwuchsprobleme&#8220;, sagt K\u00f6nicke. Vor allem j\u00fcngere Menschen m\u00fcssten wieder st\u00e4rker daf\u00fcr gewonnen werden, Verantwortung zu \u00fcbernehmen. Denn ohne Ehrenamtliche k\u00f6nnten die Hilfsorganisationen viele ihrer Aufgaben nicht erf\u00fcllen.<\/p>\n","protected":false},"excerpt":{"rendered":"Hilfsorganisationen am Limit Wenn N\u00fcrnberg sie braucht, sind sie da \u2013 doch der Nachwuchs fehlt 15.07.2026 &#8211; 13:10&hellip;\n","protected":false},"author":2,"featured_media":1169748,"comment_status":"","ping_status":"","sticky":false,"template":"","format":"standard","meta":{"footnotes":"","_share_on_mastodon":"0"},"categories":[1837],"tags":[36617,7084,772,7980,3364,29,985,30,3786,27,100788,51656,3783,226,245082,7540,4028],"class_list":["post-1169747","post","type-post","status-publish","format-standard","has-post-thumbnail","category-nuernberg","tag-dlrg","tag-arbeiter-samariter-bund","tag-bayern","tag-brk","tag-de","tag-deutschland","tag-feuerwehr","tag-germany","tag-grosseinsatz","tag-hilfsorganisation","tag-johanniter-unfall-hilfe","tag-malteser-hilfsdienst","tag-nuernberg","tag-t-online","tag-thilo-koenicke","tag-thw","tag-unwetter"],"share_on_mastodon":{"url":"https:\/\/pubeurope.com\/@de\/116926975607171214","error":""},"_links":{"self":[{"href":"https:\/\/www.europesays.com\/de\/wp-json\/wp\/v2\/posts\/1169747","targetHints":{"allow":["GET"]}}],"collection":[{"href":"https:\/\/www.europesays.com\/de\/wp-json\/wp\/v2\/posts"}],"about":[{"href":"https:\/\/www.europesays.com\/de\/wp-json\/wp\/v2\/types\/post"}],"author":[{"embeddable":true,"href":"https:\/\/www.europesays.com\/de\/wp-json\/wp\/v2\/users\/2"}],"replies":[{"embeddable":true,"href":"https:\/\/www.europesays.com\/de\/wp-json\/wp\/v2\/comments?post=1169747"}],"version-history":[{"count":0,"href":"https:\/\/www.europesays.com\/de\/wp-json\/wp\/v2\/posts\/1169747\/revisions"}],"wp:featuredmedia":[{"embeddable":true,"href":"https:\/\/www.europesays.com\/de\/wp-json\/wp\/v2\/media\/1169748"}],"wp:attachment":[{"href":"https:\/\/www.europesays.com\/de\/wp-json\/wp\/v2\/media?parent=1169747"}],"wp:term":[{"taxonomy":"category","embeddable":true,"href":"https:\/\/www.europesays.com\/de\/wp-json\/wp\/v2\/categories?post=1169747"},{"taxonomy":"post_tag","embeddable":true,"href":"https:\/\/www.europesays.com\/de\/wp-json\/wp\/v2\/tags?post=1169747"}],"curies":[{"name":"wp","href":"https:\/\/api.w.org\/{rel}","templated":true}]}}