{"id":1169786,"date":"2026-07-16T01:29:14","date_gmt":"2026-07-16T01:29:14","guid":{"rendered":"https:\/\/www.europesays.com\/de\/1169786\/"},"modified":"2026-07-16T01:29:14","modified_gmt":"2026-07-16T01:29:14","slug":"muenchen-dreht-den-wasserhahn-zu-kommentar-kommt-jetzt-die-wasserpolizei-politik","status":"publish","type":"post","link":"https:\/\/www.europesays.com\/de\/1169786\/","title":{"rendered":"M\u00fcnchen dreht den Wasserhahn zu \u2013 Kommentar: Kommt jetzt die Wasserpolizei? | Politik"},"content":{"rendered":"<p><a class=\"skip-content skip-content--link\" href=\"#in-content-skip-link-target-v-0-0\">TTS-Player \u00fcberspringen\u21b5<\/a><a id=\"in-content-skip-link-target-v-0-0\" class=\"skip-content--target-link-hidden skip-content skip-content--target-link\" href=\"#in-content-skip-link-target-v-0-0\">Artikel weiterlesen<\/a><\/p>\n<p><b>Verbote, Verf\u00fcgungen, Bu\u00dfgelder und Strafen. M\u00fcnchen wird zur Verbotszone. Genauer: zur Wassernutzungs-Verbotszone. In seiner \u201eAllgemeinverf\u00fcgung zur Wassernutzung\u201c wendet sich M\u00fcnchens gr\u00fcner Oberb\u00fcrgermeister Dominik Krause (35, Gr\u00fcne) an \u201eseine\u201c B\u00fcrger. Motto: Wer nicht h\u00f6ren will, muss f\u00fchlen. Die Botschaft: Wenn Appelle nicht mehr reichen, greife ich eben durch.<\/b><\/p>\n<p>Wasser zum Bef\u00fcllen von Badebecken entnehmen: <b>VERBOTEN!<\/b><\/p>\n<p>Seinen Garten zwischen 9 und 19 Uhr gie\u00dfen: <b>VERBOTEN!<\/b><\/p>\n<p>Das eigene Auto zu Hause waschen: <b>VERBOTEN!<\/b><\/p>\n<p>Ganze sieben Verbote reihen sich aneinander. Zuwiderhandlungen werden mit einer Geldstrafe von bis zu 50.000 Euro geahndet.<\/p>\n<p>Was war passiert? Zun\u00e4chst hatte Krause an die B\u00fcrger seiner Stadt appelliert, angesichts der hohen Temperaturen und niedrigen Wasserst\u00e4nde weniger von dem kostbaren Nass zu verbrauchen. Doch der Appell fruchtete nicht. Der Wasserverbrauch ist in M\u00fcnchen wieder gestiegen. Normalerweise liegt dieser in M\u00fcnchen bei 300 Millionen Litern pro Tag, zuletzt waren es 360 Millionen Liter. <\/p>\n<p>Ich habe jedes Verst\u00e4ndnis f\u00fcr Aufrufe, Wasser zu sparen, wenn es knapp ist. Ich kann nachvollziehen, dass Vorschriften der letzte Weg sind, wenn es bei den Menschen an Einsicht mangelt.<\/p>\n<p>Video bei Instagram: Die Wasser-Warnung des M\u00fcnchner Oberb\u00fcrgermeisters<a class=\"anchor video-teaser__anchor\" href=\"https:\/\/www.bild.de\/news\/inland\/video-bei-instagram-die-wasser-warnung-des-muenchner-oberbuergermeisters-6a579a46b471d7a3ad0a32d6\" rel=\"nofollow noopener\" target=\"_blank\"><img decoding=\"async\" width=\"992\" height=\"558\" alt=\"\" loading=\"lazy\" src=\"https:\/\/www.europesays.com\/de\/wp-content\/uploads\/2026\/07\/185baf5c10af60d74ef8ae6bcf3bffc6-landscape,15d11914.jpeg\"   class=\"landscape teaser__image\"\/><\/a><\/p>\n<p>Quelle: Instagram\/obmuenchen15.07.2026<\/p>\n<p>Krause widerspricht sich selbst<\/p>\n<p>Nur: Steht M\u00fcnchen wirklich vor der Wasserknappheit? \u201eNein, ganz so schlimm ist es nicht, aber die Hitzewelle macht sich bei der Wasserversorgung bemerkbar\u201c, sprach Krause selbst in seine Instagram-Kamera vor zwei Wochen. Hochgekrempeltes Hemd, eine Trinkflasche in der Hand, die er gerade am Trinkwasserbrunnen aufgef\u00fcllt hat. Dann lehnte er sich an einen Baum und appellierte an seine B\u00fcrger. Er gr\u00fcndete eine Taskforce. <\/p>\n<p>Mehr zum Thema<\/p>\n<p>Ich bin verwirrt. Besteht jetzt dringender Handlungsbedarf oder nicht? Krauses j\u00fcngste Worte zeichnen ein dramatisches Bild. Mich erinnern sie an Formulierungen, die wir \u00f6fter in der Corona-Pandemie h\u00f6rten.<\/p>\n<p>Jetzt helfen leider nur noch Verbote. Mit einem Bu\u00dfgeldkatalog. Auch wenn es in den kommenden Tagen gewittert und regnet. Lieber B\u00fcrger: Verbote m\u00fcssen sein.<\/p>\n<p>Ist das wirklich so? M\u00fcssen es wirklich Verbote sein? Ich finde nicht. <\/p>\n<p>Werden Wasserverschwender jetzt denunziert?<\/p>\n<p>Und was folgt daraus? Geht die M\u00fcnchner Polizei jetzt auf Wasser-Patrouille? Kommt jetzt die \u201eWasserpolizei\u201c? Kommt bald das Online-Portal, in dem ich meinen Nachbarn bei der Stadt anschw\u00e4rzen kann, wenn er um 18:45 Uhr den Rasensprenger anstellt?<\/p>\n<p>Krause beweist in <a href=\"https:\/\/www.bild.de\/regional\/muenchen\/muenchen-regional\/home-16344438.bild.html\" class=\"text-link\" rel=\"nofollow noopener\" target=\"_blank\">M\u00fcnchen<\/a> im zweiten Monat seiner Regentschaft, dass er verstanden hat, welche Macht er hat. Er verf\u00fcgt und untersagt. Droht mit <a href=\"https:\/\/www.bild.de\/auto\/aktuelles\/geldbussen\/bussgelder-alle-infos-78214178.bild.html\" class=\"text-link\" rel=\"nofollow noopener\" target=\"_blank\">Bu\u00dfgeldern<\/a> und Strafen. Weil Appelle nicht funktionieren. Ich glaube, die B\u00fcrger haben genug von dieser Bevormundung.<\/p>\n<p>Wasser sparsam zu nutzen, gerade in hei\u00dfen Sommern, ist vern\u00fcnftig. Nur stellt sich die Frage, ob der gew\u00e4hlte Weg der richtige ist. Wasserverschwendung einzud\u00e4mmen, ist wichtig. Bevormundung und Verbote sind es nicht. Verbote sollten das letzte und nicht das erste Mittel der Politik sein.<\/p>\n","protected":false},"excerpt":{"rendered":"TTS-Player \u00fcberspringen\u21b5Artikel weiterlesen Verbote, Verf\u00fcgungen, Bu\u00dfgelder und Strafen. M\u00fcnchen wird zur Verbotszone. Genauer: zur Wassernutzungs-Verbotszone. In seiner \u201eAllgemeinverf\u00fcgung&hellip;\n","protected":false},"author":2,"featured_media":1169787,"comment_status":"","ping_status":"","sticky":false,"template":"","format":"standard","meta":{"footnotes":"","_share_on_mastodon":"0"},"categories":[1827],"tags":[772,29,1152,4851,30,4693,1268,121,2281,138370,17756],"class_list":["post-1169786","post","type-post","status-publish","format-standard","has-post-thumbnail","category-muenchen","tag-bayern","tag-deutschland","tag-die-gruenen","tag-feuerwerk","tag-germany","tag-kommentar","tag-muenchen","tag-polizei","tag-silvester","tag-team-first","tag-verboten"],"share_on_mastodon":{"url":"https:\/\/pubeurope.com\/@de\/116927067988588337","error":""},"_links":{"self":[{"href":"https:\/\/www.europesays.com\/de\/wp-json\/wp\/v2\/posts\/1169786","targetHints":{"allow":["GET"]}}],"collection":[{"href":"https:\/\/www.europesays.com\/de\/wp-json\/wp\/v2\/posts"}],"about":[{"href":"https:\/\/www.europesays.com\/de\/wp-json\/wp\/v2\/types\/post"}],"author":[{"embeddable":true,"href":"https:\/\/www.europesays.com\/de\/wp-json\/wp\/v2\/users\/2"}],"replies":[{"embeddable":true,"href":"https:\/\/www.europesays.com\/de\/wp-json\/wp\/v2\/comments?post=1169786"}],"version-history":[{"count":0,"href":"https:\/\/www.europesays.com\/de\/wp-json\/wp\/v2\/posts\/1169786\/revisions"}],"wp:featuredmedia":[{"embeddable":true,"href":"https:\/\/www.europesays.com\/de\/wp-json\/wp\/v2\/media\/1169787"}],"wp:attachment":[{"href":"https:\/\/www.europesays.com\/de\/wp-json\/wp\/v2\/media?parent=1169786"}],"wp:term":[{"taxonomy":"category","embeddable":true,"href":"https:\/\/www.europesays.com\/de\/wp-json\/wp\/v2\/categories?post=1169786"},{"taxonomy":"post_tag","embeddable":true,"href":"https:\/\/www.europesays.com\/de\/wp-json\/wp\/v2\/tags?post=1169786"}],"curies":[{"name":"wp","href":"https:\/\/api.w.org\/{rel}","templated":true}]}}